{"id":1216,"date":"2018-11-25T17:04:16","date_gmt":"2018-11-25T16:04:16","guid":{"rendered":"https:\/\/art.kallmuenz.it\/?p=1216"},"modified":"2018-11-28T18:57:33","modified_gmt":"2018-11-28T17:57:33","slug":"meraner-kabarett-tage-2019","status":"publish","type":"post","link":"https:\/\/art.kallmuenz.it\/it\/meraner-kabarett-tage-2019\/","title":{"rendered":"Meraner Kabarett Tage 2019"},"content":{"rendered":"\n<style type=\"text\/css\" data-created_by=\"avia_inline_auto\" id=\"style-css-av-jo7aibq6-d059247903f5a548667060601bb3be56\">\n.flex_column.av-jo7aibq6-d059247903f5a548667060601bb3be56{\nborder-radius:0px 0px 0px 0px;\npadding:0px 0px 0px 0px;\n}\n<\/style>\n<div  class='flex_column av-jo7aibq6-d059247903f5a548667060601bb3be56 av_one_fifth  avia-builder-el-0  el_before_av_three_fifth  avia-builder-el-first  first av-break-at-tablet flex_column_div av-hide-on-mobile av-zero-column-padding  '     ><\/div>\n\n<style type=\"text\/css\" data-created_by=\"avia_inline_auto\" id=\"style-css-av-t7z2t-c4f0ec638acf727ffd75f9dd1eeeace9\">\n.flex_column.av-t7z2t-c4f0ec638acf727ffd75f9dd1eeeace9{\nborder-radius:0px 0px 0px 0px;\npadding:0px 0px 0px 0px;\n}\n<\/style>\n<div  class='flex_column av-t7z2t-c4f0ec638acf727ffd75f9dd1eeeace9 av_three_fifth  avia-builder-el-1  el_after_av_one_fifth  el_before_av_one_fifth  av-break-at-tablet flex_column_div av-zero-column-padding  '     ><style type=\"text\/css\" data-created_by=\"avia_inline_auto\" id=\"style-css-av-jo7aj2it-ddde8a2aa592ad85bb3c2e86b24b1e4a\">\n.avia-image-container.av-jo7aj2it-ddde8a2aa592ad85bb3c2e86b24b1e4a img.avia_image{\nbox-shadow:none;\n}\n.avia-image-container.av-jo7aj2it-ddde8a2aa592ad85bb3c2e86b24b1e4a .av-image-caption-overlay-center{\ncolor:#ffffff;\n}\n<\/style>\n<div  class='avia-image-container av-jo7aj2it-ddde8a2aa592ad85bb3c2e86b24b1e4a av-styling- av-img-linked avia_animated_image av-animated-when-visible-95 fade-in avia-align-center  avia-builder-el-2  avia-builder-el-no-sibling '   itemprop=\"image\" itemscope=\"itemscope\" itemtype=\"https:\/\/schema.org\/ImageObject\" ><div class=\"avia-image-container-inner\"><div class=\"avia-image-overlay-wrap\"><a href=\"https:\/\/art.kallmuenz.it\/wp-content\/uploads\/2019\/03\/kunstverein-kallmuenz_Meraner-Kabarett-Tage_PRINT-1-1030x687.jpg\" data-srcset=\"https:\/\/art.kallmuenz.it\/wp-content\/uploads\/2019\/03\/kunstverein-kallmuenz_Meraner-Kabarett-Tage_PRINT-1.jpg 1030w, https:\/\/art.kallmuenz.it\/wp-content\/uploads\/2019\/03\/kunstverein-kallmuenz_Meraner-Kabarett-Tage_PRINT-1-300x200.jpg 300w, https:\/\/art.kallmuenz.it\/wp-content\/uploads\/2019\/03\/kunstverein-kallmuenz_Meraner-Kabarett-Tage_PRINT-1-768x512.jpg 768w, https:\/\/art.kallmuenz.it\/wp-content\/uploads\/2019\/03\/kunstverein-kallmuenz_Meraner-Kabarett-Tage_PRINT-1-705x470.jpg 705w, https:\/\/art.kallmuenz.it\/wp-content\/uploads\/2019\/03\/kunstverein-kallmuenz_Meraner-Kabarett-Tage_PRINT-1-450x300.jpg 450w\" data-sizes=\"(max-width: 1030px) 100vw, 1030px\" class='avia_image '  aria-label='kunstverein-kallmuenz_Meraner-Kabarett-Tage_PRINT-1'><img decoding=\"async\" fetchpriority=\"high\" class='wp-image-1051 avia-img-lazy-loading-not-1051 avia_image ' src=\"https:\/\/art.kallmuenz.it\/wp-content\/uploads\/2019\/03\/kunstverein-kallmuenz_Meraner-Kabarett-Tage_PRINT-1.jpg\" alt='Meraner Kabarett Tage 2019' title='kunstverein-kallmuenz_Meraner-Kabarett-Tage_PRINT-1'  height=\"687\" width=\"1030\"  itemprop=\"thumbnailUrl\" srcset=\"https:\/\/art.kallmuenz.it\/wp-content\/uploads\/2019\/03\/kunstverein-kallmuenz_Meraner-Kabarett-Tage_PRINT-1.jpg 1030w, https:\/\/art.kallmuenz.it\/wp-content\/uploads\/2019\/03\/kunstverein-kallmuenz_Meraner-Kabarett-Tage_PRINT-1-300x200.jpg 300w, https:\/\/art.kallmuenz.it\/wp-content\/uploads\/2019\/03\/kunstverein-kallmuenz_Meraner-Kabarett-Tage_PRINT-1-768x512.jpg 768w, https:\/\/art.kallmuenz.it\/wp-content\/uploads\/2019\/03\/kunstverein-kallmuenz_Meraner-Kabarett-Tage_PRINT-1-705x470.jpg 705w, https:\/\/art.kallmuenz.it\/wp-content\/uploads\/2019\/03\/kunstverein-kallmuenz_Meraner-Kabarett-Tage_PRINT-1-450x300.jpg 450w\" sizes=\"(max-width: 1030px) 100vw, 1030px\" \/><\/a><\/div><\/div><\/div><\/div>\n\n<style type=\"text\/css\" data-created_by=\"avia_inline_auto\" id=\"style-css-av-jo7aiju0-f03673b9a74b3e3e835402388c5d3ad9\">\n.flex_column.av-jo7aiju0-f03673b9a74b3e3e835402388c5d3ad9{\nborder-radius:0px 0px 0px 0px;\npadding:0px 0px 0px 0px;\n}\n<\/style>\n<div  class='flex_column av-jo7aiju0-f03673b9a74b3e3e835402388c5d3ad9 av_one_fifth  avia-builder-el-3  el_after_av_three_fifth  el_before_av_hr  av-break-at-tablet flex_column_div av-hide-on-mobile av-zero-column-padding  '     ><\/div>\n\n<style type=\"text\/css\" data-created_by=\"avia_inline_auto\" id=\"style-css-av-2cty5-c9c8acc1224d8eaf158b6bed9641b598\">\n#top .hr.av-2cty5-c9c8acc1224d8eaf158b6bed9641b598{\nmargin-top:30px;\nmargin-bottom:30px;\n}\n.hr.av-2cty5-c9c8acc1224d8eaf158b6bed9641b598 .hr-inner{\nwidth:50px;\nmax-width:45%;\n}\n.hr.av-2cty5-c9c8acc1224d8eaf158b6bed9641b598 .av-seperator-icon{\ncolor:#877143;\n}\n.hr.av-2cty5-c9c8acc1224d8eaf158b6bed9641b598 .av-seperator-icon.avia-svg-icon svg:first-child{\nfill:#877143;\nstroke:#877143;\n}\n<\/style>\n<div  class='hr av-2cty5-c9c8acc1224d8eaf158b6bed9641b598 hr-custom  avia-builder-el-4  el_after_av_one_fifth  el_before_av_textblock  hr-center hr-icon-yes'><span class='hr-inner inner-border-av-border-thin'><span class=\"hr-inner-style\"><\/span><\/span><span class='av-seperator-icon avia-iconfont avia-font-entypo-fontello' data-av_icon='\ue808' data-av_iconfont='entypo-fontello' ><\/span><span class='hr-inner inner-border-av-border-thin'><span class=\"hr-inner-style\"><\/span><\/span><\/div>\n<section  class='av_textblock_section av-jo7almeb-a3a47bf80fddb1a28446f538940d4e88 '   itemscope=\"itemscope\" itemtype=\"https:\/\/schema.org\/BlogPosting\" itemprop=\"blogPost\" ><div class='avia_textblock'  itemprop=\"text\" ><h1 style=\"text-align: center;\">Meraner Kabarett Tage<\/h1>\n<h3 style=\"text-align: center;\">14. &#8211; 17. M\u00e4rz 2019 &#8211; Stadttheater Meran<\/h3>\n<p>Was passiert, wenn eine Diplom-Animat\u00f6se, ein ausgedienter Oberstudienrat, eine vorlaute Slam-Poetin und ein sinnstiftender Wort-Weber zusammentreffen?<\/p>\n<p>Dann wird geschmunzelt und gelacht, und \u2013 hoffentlich \u2013 auch nachgedacht. Die Ku\u0308nstlerinnen und Ku\u0308nstler der 1. Meraner Kabarett Tage sprechen mit viel Verve u\u0308ber alles, was wahnsinnig wichtig ist \u2013 oder eben nicht.<\/p>\n<p>Unter der k\u00fcnstlerischen Leitung von <a href=\"http:\/\/www.robert-asam.com\/\" target=\"_blank\" rel=\"noopener\">Robert Asam<\/a> pr\u00e4sentieren die Meraner Kabarett-Tage j\u00e4hrlich im Fr\u00fchjahr K\u00fcnstlerinnen und K\u00fcnstler, die sich in der Kabarettszene einen Namen gemacht haben. Sie legen den Zuh\u00f6rern ihre Sicht auf die Welt dar, denn: \u201eSatire bei\u00dft, lacht, pfeift und trommelt ungehemmt, aber sie gr\u00fcndet auf der Wahrheit.\u201c<\/p>\n<\/div><\/section>\n\n<style type=\"text\/css\" data-created_by=\"avia_inline_auto\" id=\"style-css-av-av_heading-8216ff9ecaef6c531d4c0a20a110137f\">\n#top .av-special-heading.av-av_heading-8216ff9ecaef6c531d4c0a20a110137f{\npadding-bottom:10px;\n}\nbody .av-special-heading.av-av_heading-8216ff9ecaef6c531d4c0a20a110137f .av-special-heading-tag .heading-char{\nfont-size:25px;\n}\n.av-special-heading.av-av_heading-8216ff9ecaef6c531d4c0a20a110137f .av-subheading{\nfont-size:15px;\n}\n<\/style>\n<div  class='av-special-heading av-av_heading-8216ff9ecaef6c531d4c0a20a110137f av-special-heading-h3 blockquote modern-quote modern-centered  avia-builder-el-6  el_after_av_textblock  el_before_av_table '><h3 class='av-special-heading-tag '  itemprop=\"headline\"  >PROGRAMM 1. MERANER KABARETT TAGE<\/h3><div class=\"special-heading-border\"><div class=\"special-heading-inner-border\"><\/div><\/div><\/div>\n<div class='avia-data-table-wrap av-2eq30y-306c5877b9dd1f9b1083e1a1cb425176 avia_responsive_table avia-table-1'><table  class='avia-table avia-data-table avia_pricing_default  avia-builder-el-7  el_after_av_heading  el_before_av_section  avia-builder-el-last '  itemscope=\"itemscope\" itemtype=\"https:\/\/schema.org\/Table\" ><tbody><tr class=''><td class=''>DONNERSTAG, 14. M\u00e4rz 2019 &#8211; 20 Uhr<\/td><td class=''>Christine Prayon: <strong>Die Diplom-Animat\u00f6se<\/strong><\/td><\/tr><tr class=''><td class=''>FREITAG, 15. M\u00e4rz 2019 &#8211; 20 Uhr<\/td><td class=''>Lara Stoll: <strong>Krisengebiet 2 &#8211; Electric Boogaloo<\/strong><\/td><\/tr><tr class=''><td class=''>SAMSTAG, 16. M\u00e4rz 2019 &#8211; 20 Uhr<\/td><td class=''>Gunkl: <strong>Zwischen Ist und Soll &#8211; Menschsein halt<\/strong><\/td><\/tr><tr class=''><td class=''>SONNTAG, 17. M\u00e4rz 2019 &#8211; 18 Uhr<\/td><td class=''>Han\u2019s Klaffl: <strong>40 Jahre Ferien \u2013 ein Lehrer packt ein<\/strong><\/td><\/tr><\/tbody><\/table><\/div>\n<\/div><\/div><\/div><!-- close content main div --><\/div><\/div>\n<style type=\"text\/css\" data-created_by=\"avia_inline_auto\" id=\"style-css-av-jososlwk-c5aff4d3d8d83eef04c7dba47b5b7f2c\">\n.avia-section.av-jososlwk-c5aff4d3d8d83eef04c7dba47b5b7f2c{\nbackground-color:#00416c;\nbackground-image:unset;\n}\n<\/style>\n<div id='av_section_1'  class='avia-section av-jososlwk-c5aff4d3d8d83eef04c7dba47b5b7f2c main_color avia-section-default avia-no-border-styling  avia-builder-el-8  el_after_av_table  el_before_av_heading  avia-bg-style-scroll container_wrap fullsize'  ><div class='container av-section-cont-open' ><div class='template-page content  av-content-full alpha units'><div class='post-entry post-entry-type-page post-entry-1216'><div class='entry-content-wrapper clearfix'>\n\n<style type=\"text\/css\" data-created_by=\"avia_inline_auto\" id=\"style-css-av-av_heading-04dbb46bb7914481301717ef2d02d655\">\n#top .av-special-heading.av-av_heading-04dbb46bb7914481301717ef2d02d655{\npadding-bottom:40px;\ncolor:#ffffff;\n}\nbody .av-special-heading.av-av_heading-04dbb46bb7914481301717ef2d02d655 .av-special-heading-tag .heading-char{\nfont-size:25px;\n}\n.av-special-heading.av-av_heading-04dbb46bb7914481301717ef2d02d655 .special-heading-inner-border{\nborder-color:#ffffff;\n}\n.av-special-heading.av-av_heading-04dbb46bb7914481301717ef2d02d655 .av-subheading{\nfont-size:15px;\n}\n<\/style>\n<div  class='av-special-heading av-av_heading-04dbb46bb7914481301717ef2d02d655 av-special-heading-h2 custom-color-heading blockquote modern-quote modern-centered  avia-builder-el-9  el_before_av_one_fourth  avia-builder-el-first '><h2 class='av-special-heading-tag '  itemprop=\"headline\"  >PREISE <span class='special_amp'>&amp;<\/span> TICKETS<\/h2><div class=\"special-heading-border\"><div class=\"special-heading-inner-border\"><\/div><\/div><\/div>\n\n<style type=\"text\/css\" data-created_by=\"avia_inline_auto\" id=\"style-css-av-jo7ajsek-9f2009c38ea021a8babe5e3c276088f3\">\n.flex_column.av-jo7ajsek-9f2009c38ea021a8babe5e3c276088f3{\nborder-radius:0px 0px 0px 0px;\npadding:0px 0px 0px 0px;\n}\n<\/style>\n<div  class='flex_column av-jo7ajsek-9f2009c38ea021a8babe5e3c276088f3 av_one_fourth  avia-builder-el-10  el_after_av_heading  el_before_av_one_fourth  first av-break-at-tablet flex_column_div av-hide-on-mobile av-zero-column-padding  '     ><\/div>\n<style type=\"text\/css\" data-created_by=\"avia_inline_auto\" id=\"style-css-av-jo7ajsek-24290e9108ef5d4b2aed7d0741e0b359\">\n.flex_column.av-jo7ajsek-24290e9108ef5d4b2aed7d0741e0b359{\nborder-radius:0px 0px 0px 0px;\npadding:0px 0px 0px 0px;\n}\n<\/style>\n<div  class='flex_column av-jo7ajsek-24290e9108ef5d4b2aed7d0741e0b359 av_one_fourth  avia-builder-el-11  el_after_av_one_fourth  el_before_av_one_fourth  av-break-at-tablet flex_column_div av-zero-column-padding  '     ><style type=\"text\/css\" data-created_by=\"avia_inline_auto\" id=\"style-css-av-josn75yg-2b2b0bf0e48e0b445469e8a8342b465d\">\n.av_font_icon.av-josn75yg-2b2b0bf0e48e0b445469e8a8342b465d{\ncolor:#ffffff;\nborder-color:#ffffff;\n}\n.avia-svg-icon.av-josn75yg-2b2b0bf0e48e0b445469e8a8342b465d svg:first-child{\nstroke:#ffffff;\nfill:#ffffff;\n}\n.av_font_icon.av-josn75yg-2b2b0bf0e48e0b445469e8a8342b465d .av-icon-char{\nfont-size:40px;\nline-height:40px;\nwidth:40px;\n}\n<\/style>\n<span  class='av_font_icon av-josn75yg-2b2b0bf0e48e0b445469e8a8342b465d avia_animate_when_visible av-icon-style-border avia-icon-pos-center avia-iconfont avia-font-entypo-fontello avia-icon-animate'><a href='http:\/\/tickets.fondazioneteatro.bolzano.it\/application.aspx?id=2853'  target=\"_blank\"  rel=\"noopener noreferrer\"  class='av-icon-char' data-av_icon='\ue827' data-av_iconfont='entypo-fontello' aria-hidden=\"false\" ><\/a><span class='av_icon_caption av-special-font'>ABO TICKETS ONLINE<\/span><\/span><\/div>\n<style type=\"text\/css\" data-created_by=\"avia_inline_auto\" id=\"style-css-av-jo7ajsek-24290e9108ef5d4b2aed7d0741e0b359\">\n.flex_column.av-jo7ajsek-24290e9108ef5d4b2aed7d0741e0b359{\nborder-radius:0px 0px 0px 0px;\npadding:0px 0px 0px 0px;\n}\n<\/style>\n<div  class='flex_column av-jo7ajsek-24290e9108ef5d4b2aed7d0741e0b359 av_one_fourth  avia-builder-el-13  el_after_av_one_fourth  el_before_av_one_fourth  av-break-at-tablet flex_column_div av-zero-column-padding  '     ><style type=\"text\/css\" data-created_by=\"avia_inline_auto\" id=\"style-css-av-josn75yg-e1aa9426fc796c2bfcb642fad8aa306c\">\n.av_font_icon.av-josn75yg-e1aa9426fc796c2bfcb642fad8aa306c{\ncolor:#ffffff;\nborder-color:#ffffff;\n}\n.avia-svg-icon.av-josn75yg-e1aa9426fc796c2bfcb642fad8aa306c svg:first-child{\nstroke:#ffffff;\nfill:#ffffff;\n}\n.av_font_icon.av-josn75yg-e1aa9426fc796c2bfcb642fad8aa306c .av-icon-char{\nfont-size:40px;\nline-height:40px;\nwidth:40px;\n}\n<\/style>\n<span  class='av_font_icon av-josn75yg-e1aa9426fc796c2bfcb642fad8aa306c avia_animate_when_visible av-icon-style-border avia-icon-pos-center avia-iconfont avia-font-entypo-fontello avia-icon-animate'><a href='https:\/\/art.kallmuenz.it\/wp-content\/uploads\/2018\/11\/2018-11-25-Meraner-Kabarett-Tage-WEB.pdf'  target=\"_blank\"  rel=\"noopener noreferrer\"  class='av-icon-char' data-av_icon='\ue82d' data-av_iconfont='entypo-fontello' aria-hidden=\"false\" ><\/a><span class='av_icon_caption av-special-font'>PROGRAMM DOWNLOAD<\/span><\/span><\/div>\n<style type=\"text\/css\" data-created_by=\"avia_inline_auto\" id=\"style-css-av-jo7ajsek-93b1a094cee2ba5372285645e010f0ac\">\n.flex_column.av-jo7ajsek-93b1a094cee2ba5372285645e010f0ac{\nborder-radius:0px 0px 0px 0px;\npadding:0px 0px 0px 0px;\n}\n<\/style>\n<div  class='flex_column av-jo7ajsek-93b1a094cee2ba5372285645e010f0ac av_one_fourth  avia-builder-el-15  el_after_av_one_fourth  el_before_av_one_half  av-break-at-tablet flex_column_div av-hide-on-mobile av-zero-column-padding  '     ><\/div>\n<style type=\"text\/css\" data-created_by=\"avia_inline_auto\" id=\"style-css-av-jo7ajsek-2c3d8237b3610e3200d7aef1f5d92b57\">\n.flex_column.av-jo7ajsek-2c3d8237b3610e3200d7aef1f5d92b57{\nborder-radius:0px 0px 0px 0px;\npadding:0px 0px 0px 0px;\n}\n<\/style>\n<div  class='flex_column av-jo7ajsek-2c3d8237b3610e3200d7aef1f5d92b57 av_one_half  avia-builder-el-16  el_after_av_one_fourth  el_before_av_one_half  first av-break-at-tablet flex_column_div av-zero-column-padding  column-top-margin'     ><section  class='av_textblock_section av-jo7almeb-a3a47bf80fddb1a28446f538940d4e88 '   itemscope=\"itemscope\" itemtype=\"https:\/\/schema.org\/BlogPosting\" itemprop=\"blogPost\" ><div class='avia_textblock'  itemprop=\"text\" ><p><span style=\"color: #ffffff;\">Parkett &#8211; Logen <strong>\u20ac 20<\/strong><\/span><br \/>\n<span style=\"color: #ffffff;\"> Galerie <strong>\u20ac 15<\/strong><\/span><br \/>\n<span style=\"color: #ffffff;\"> Stehpl\u00e4tze <strong>\u20ac 10<br \/>\n<\/strong>Abendkasse eine Stunde vor Auff\u00fchrungsbeginn<\/span><\/p>\n<p><span style=\"color: #ffffff;\">An der Kasse des Stadttheaters Bozen<\/span><br \/>\n<span style=\"color: #ffffff;\"> Tel. 0471 05 38 00<\/span><br \/>\n<span style=\"color: #ffffff;\"> Email: <a style=\"color: #ffffff;\" href=\"mailto:info@ticket.bz.it\">info@ticket.bz.it<\/a><\/span><\/p>\n<p><span style=\"color: #ffffff;\">\u00d6ffnungszeiten:<\/span><br \/>\n<span style=\"color: #ffffff;\"> DI &#8211; FR: 11.00 &#8211; 14.00 und 17.00 &#8211; 19.00<\/span><br \/>\n<span style=\"color: #ffffff;\"> SA: 11.00 &#8211; 14.00<\/span><\/p>\n<\/div><\/section><\/div>\n<style type=\"text\/css\" data-created_by=\"avia_inline_auto\" id=\"style-css-av-jo7ajsek-24290e9108ef5d4b2aed7d0741e0b359\">\n.flex_column.av-jo7ajsek-24290e9108ef5d4b2aed7d0741e0b359{\nborder-radius:0px 0px 0px 0px;\npadding:0px 0px 0px 0px;\n}\n<\/style>\n<div  class='flex_column av-jo7ajsek-24290e9108ef5d4b2aed7d0741e0b359 av_one_half  avia-builder-el-18  el_after_av_one_half  avia-builder-el-last  av-break-at-tablet flex_column_div av-zero-column-padding  column-top-margin'     ><section  class='av_textblock_section av-jo7almeb-a3a47bf80fddb1a28446f538940d4e88 '   itemscope=\"itemscope\" itemtype=\"https:\/\/schema.org\/BlogPosting\" itemprop=\"blogPost\" ><div class='avia_textblock'  itemprop=\"text\" ><p><span style=\"color: #ffffff;\">In folgenden Filialen der S\u00fcdtiroler Sparkasse:<\/span><\/p>\n<p><span style=\"color: #ffffff;\">MERAN &#8211; Sparkassenstr. 8<br \/>\nBOZEN \u2013 Freiheitsstr.84<br \/>\nBOZEN \u2013 Sparkassenstr. 12<br \/>\nBOZEN \u2013 Romstr. 42<br \/>\nEPPAN \u2013 Bahnhofstr. 13\/c<br \/>\nBRIXEN \u2013 Grober Graben 6\/b<br \/>\nBRUNECK \u2013 Graben 21<br \/>\nNEUMARKT \u2013 Rathausring 21<br \/>\nLEIFERS \u2013 Kennedystr. 143<br \/>\nSCHLANDERS \u2013 Hauptstr. 129<br \/>\nSTERZING \u2013 Stadtplatz 3 \u2013 Neustadt 19<\/span><\/p>\n<\/div><\/section><\/div><\/div><\/div><\/div><!-- close content main div --><\/div><\/div><div id='after_section_1'  class='main_color av_default_container_wrap container_wrap fullsize'  ><div class='container av-section-cont-open' ><div class='template-page content  av-content-full alpha units'><div class='post-entry post-entry-type-page post-entry-1216'><div class='entry-content-wrapper clearfix'>\n<style type=\"text\/css\" data-created_by=\"avia_inline_auto\" id=\"style-css-av-av_heading-715d87c92c92c9026859354e00627b7d\">\n#top .av-special-heading.av-av_heading-715d87c92c92c9026859354e00627b7d{\npadding-bottom:0;\n}\nbody .av-special-heading.av-av_heading-715d87c92c92c9026859354e00627b7d .av-special-heading-tag .heading-char{\nfont-size:25px;\n}\n.av-special-heading.av-av_heading-715d87c92c92c9026859354e00627b7d .av-subheading{\nfont-size:15px;\n}\n<\/style>\n<div  class='av-special-heading av-av_heading-715d87c92c92c9026859354e00627b7d av-special-heading-h2 blockquote modern-quote modern-centered  avia-builder-el-20  el_after_av_section  el_before_av_layout_row  avia-builder-el-no-sibling '><h2 class='av-special-heading-tag '  itemprop=\"headline\"  >PROGRAMM<\/h2><div class=\"special-heading-border\"><div class=\"special-heading-inner-border\"><\/div><\/div><\/div><\/p>\n<\/div><\/div><\/div><!-- close content main div --><\/div><\/div><div id='av-layout-grid-1'  class='av-layout-grid-container av-1djpp6-d025db52cafe4cae87e7528d93dce33d entry-content-wrapper main_color av-border-top-bottom av-flex-cells  avia-builder-el-21  el_after_av_heading  el_before_av_layout_row  grid-row-not-first  container_wrap fullsize'  >\n\n<style type=\"text\/css\" data-created_by=\"avia_inline_auto\" id=\"style-css-av-189ta2-5e78ba022f6ca43bd57a66ecea0cfc84\">\n.flex_cell.av-189ta2-5e78ba022f6ca43bd57a66ecea0cfc84{\nvertical-align:middle;\nheight:300px;\nmin-height:300px;\nbackground:url(https:\/\/art.kallmuenz.it\/wp-content\/uploads\/2019\/03\/kunstverein-kallmuenz_CP-christine-prayon_-foto-ROLAND-SOLDI-1.jpg) 50% 50% no-repeat scroll ;\n}\n.responsive #top #wrap_all .flex_cell.av-189ta2-5e78ba022f6ca43bd57a66ecea0cfc84{\npadding:30px 30px 30px 30px !important;\n}\n<\/style>\n<a class=\"av-screen-reader-only\" href=\"https:\/\/www.christineprayon.de\/\"  target=\"_blank\" >Segui un collegamento aggiunto manuale<\/a><div class='flex_cell av-189ta2-5e78ba022f6ca43bd57a66ecea0cfc84 av-gridrow-cell av_one_half no_margin  avia-builder-el-22  el_before_av_cell_one_half  avia-builder-el-first  content-align-middle avia-full-stretch avia-link-column av-cell-link avia-link-column-hover'  data-link-column-url=\"https:\/\/www.christineprayon.de\/\"  data-link-column-target=\"_blank\"  ><div class='flex_cell_inner'><\/div><\/div>\n<style type=\"text\/css\" data-created_by=\"avia_inline_auto\" id=\"style-css-av-111uhe-d97b250ae7285710c26f11ef93f51d6e\">\n.flex_cell.av-111uhe-d97b250ae7285710c26f11ef93f51d6e{\nvertical-align:top;\nheight:300px;\nmin-height:300px;\n}\n.responsive #top #wrap_all .flex_cell.av-111uhe-d97b250ae7285710c26f11ef93f51d6e{\npadding:30px 30px 30px 30px !important;\n}\n<\/style>\n<div class='flex_cell av-111uhe-d97b250ae7285710c26f11ef93f51d6e av-gridrow-cell av_one_half no_margin  avia-builder-el-23  el_after_av_cell_one_half  avia-builder-el-last  content-align-top'  ><div class='flex_cell_inner'><section  class='av_textblock_section av-v6dtu-750971d5df5a6cdff876d784d2344c36 '   itemscope=\"itemscope\" itemtype=\"https:\/\/schema.org\/BlogPosting\" itemprop=\"blogPost\" ><div class='avia_textblock'  itemprop=\"text\" ><h3 style=\"text-align: center;\"><a href=\"https:\/\/www.christineprayon.de\/\" target=\"_blank\" rel=\"noopener\">Christine Prayon<\/a><\/h3>\n<h1 style=\"text-align: center;\">DIE DIPLOM-ANIMAT\u00d6SE<\/h1>\n<h3 style=\"text-align: center;\">Donnerstag, 14. M\u00e4rz 2019 &#8211; 20 Uhr<\/h3>\n<p>Die Diplom-Animat\u00f6se ist keine gemeine Animat\u00f6se: Sie ist eine Animat\u00f6se mit Diplom! Und das gibt es selten. Es geht um Vieles. Eigentlich geht es um alles. Es geht um Schein und Sein in der realkapitalistischen Gesellschaft, einer zunehmend brutalisierten, anonymen Nahrungskette mithin, in der das gnadenlose Rollenspiel \u00dcberlebensstrategie, ja quasi systemimmanent ist. Es geht also um das Nicht-Sein im Sein, da alles Sein als Schein ein scheinbares Nicht-Sein im Schein des realen Seins zu sein scheint. Wer Antworten auf diese Fragen sucht, wird sie hier finden. Die Diplom-Animat\u00f6se ist mutig und unkonventionell, \u2026 von Redakteuren gef\u00fcrchtet, von Therapeuten empfohlen, denn, so Prayon, \u201eich muss halt auch bleiben, wo ich gucke\u201c.<\/p>\n<p>Frau Prayon wird sich mal wieder nicht festlegen, ob es sich hier um Kabarett, Comedy oder eine Heizdeckenverkaufsveranstaltung handelt. Hauptsache absurd und ohne Chansons. Auf dem H\u00f6hepunkt ihrer Animat\u00f6senkarriere wendet sich Christine Prayon endlich den Enth\u00fcllungen zu, auf die wir lange gewartet haben. Und wir erfahren die ganze Wahrheit \u00fcber Jack Michaelson und die Gro\u00dfe Deutsche Revolution. Wie Madame Sarkozy bei einem Lachanfall aussieht, wie das Wetter gestern wird und was Prayons Eltern und ihre Katze zu all dem sagen.<\/p>\n<p><a href=\"http:\/\/tickets.fondazioneteatro.bolzano.it\/application.aspx?id=2846\" target=\"_blank\" rel=\"noopener\">TICKETS ONLINE<\/a><\/p>\n<\/div><\/section>\n<\/div><\/div><\/div><div id='av-layout-grid-2'  class='av-layout-grid-container av-pm7t6-0737d4804f72a07e2169c991bc0338f6 entry-content-wrapper main_color av-border-top-bottom av-flex-cells  avia-builder-el-25  el_after_av_layout_row  el_before_av_layout_row  grid-row-not-first  container_wrap fullsize'  >\n\n<style type=\"text\/css\" data-created_by=\"avia_inline_auto\" id=\"style-css-av-lvlcy-d765011842aa4118a667d7e5dba45953\">\n.flex_cell.av-lvlcy-d765011842aa4118a667d7e5dba45953{\nvertical-align:middle;\nheight:300px;\nmin-height:300px;\n}\n.responsive #top #wrap_all .flex_cell.av-lvlcy-d765011842aa4118a667d7e5dba45953{\npadding:30px 30px 30px 30px !important;\n}\n<\/style>\n<div class='flex_cell av-lvlcy-d765011842aa4118a667d7e5dba45953 av-gridrow-cell av_one_half no_margin  avia-builder-el-26  el_before_av_cell_one_half  avia-builder-el-first  content-align-middle avia-full-stretch'  ><div class='flex_cell_inner'><section  class='av_textblock_section av-elp4a-1500cdebcecf32c84dcfeab755d19b69 '   itemscope=\"itemscope\" itemtype=\"https:\/\/schema.org\/BlogPosting\" itemprop=\"blogPost\" ><div class='avia_textblock'  itemprop=\"text\" ><h3 style=\"text-align: center;\"><a href=\"http:\/\/www.larastoll.ch\/\" target=\"_blank\" rel=\"noopener\">Lara Stoll<\/a><\/h3>\n<h1 style=\"text-align: center;\">KRISENGEBIET 2 &#8211; ELECTRIC BOOGALOO<\/h1>\n<h3 style=\"text-align: center;\">Freitag, 15. M\u00e4rz 2019 &#8211; 20 Uhr<\/h3>\n<p>Die Welt brennt an allen Ecken und Enden, und jetzt ist Lara Stoll auch schon 31 Jahre alt. Wen interessierts! Sie vielleicht! Die mehrfache Slam-Poetry-Meisterin kehrt n\u00e4mlich mit dem zweiten Teil ihres \u201eKrisengebiet\u201c-Programms auf die B\u00fchne zur\u00fcck und sagt Ihnen, wovor Sie sich zu f\u00fcrchten haben und wof\u00fcr Sie besser einen Garkochtopf nehmen. Absurd, leichtz\u00fcngig und immer wieder aus heiterem Himmel wird die Autorin Sie mit ihrer unverkennbaren B\u00fchnenpr\u00e4senz in ihre Geschichten und Lieder saugen. \u201eKrisengebiet 2 &#8211; Electric Boogaloo\u201c ist eine zeitgen\u00f6ssische Lesung die ein bisschen weh tut, man aber abends noch gut verdauen kann.<\/p>\n<p>Ehrlich aber voller Wahnsinn nimmt Sie die mehrfache Slam-Poetry Meisterin mit durch verst\u00f6rende Krisengebiete allem voran der Schweiz. Das f\u00e4ngt beim Bundesrat und Margarine an und h\u00f6rt beim Tod und bei Helene Fischer auf.<\/p>\n<p><a href=\"http:\/\/tickets.fondazioneteatro.bolzano.it\/application.aspx?id=2847\" target=\"_blank\" rel=\"noopener\">TICKETS ONLINE<\/a><\/p>\n<\/div><\/section>\n<\/div><\/div>\n<style type=\"text\/css\" data-created_by=\"avia_inline_auto\" id=\"style-css-av-btqcq-7beedaad4b1fc8dcac839932a65e493d\">\n.flex_cell.av-btqcq-7beedaad4b1fc8dcac839932a65e493d{\nvertical-align:middle;\nheight:300px;\nmin-height:300px;\nbackground:url(https:\/\/art.kallmuenz.it\/wp-content\/uploads\/2019\/03\/kunstverein-kallmuenz_lara_stoll_Nina-Maria-Glah.jpg) 50% 50% no-repeat scroll ;\n}\n.responsive #top #wrap_all .flex_cell.av-btqcq-7beedaad4b1fc8dcac839932a65e493d{\npadding:30px 30px 30px 30px !important;\n}\n<\/style>\n<a class=\"av-screen-reader-only\" href=\"http:\/\/www.larastoll.ch\/\"  target=\"_blank\" >Segui un collegamento aggiunto manuale<\/a><div class='flex_cell av-btqcq-7beedaad4b1fc8dcac839932a65e493d av-gridrow-cell av_one_half no_margin  avia-builder-el-28  el_after_av_cell_one_half  avia-builder-el-last  content-align-middle avia-full-stretch avia-link-column av-cell-link avia-link-column-hover'  data-link-column-url=\"http:\/\/www.larastoll.ch\/\"  data-link-column-target=\"_blank\"  ><div class='flex_cell_inner'><\/div><\/div><\/div><div id='av-layout-grid-3'  class='av-layout-grid-container av-1djpp6-d025db52cafe4cae87e7528d93dce33d entry-content-wrapper main_color av-border-top-bottom av-flex-cells  avia-builder-el-29  el_after_av_layout_row  el_before_av_layout_row  grid-row-not-first  container_wrap fullsize'  >\n\n<style type=\"text\/css\" data-created_by=\"avia_inline_auto\" id=\"style-css-av-189ta2-450ea4591152a4fa1753f7489ab29ade\">\n.flex_cell.av-189ta2-450ea4591152a4fa1753f7489ab29ade{\nvertical-align:middle;\nheight:300px;\nmin-height:300px;\nbackground:url(https:\/\/art.kallmuenz.it\/wp-content\/uploads\/2019\/03\/kunstverein-kallmuenz_Gunkl_ZwischenIstUSoll_06_cGunklFotoRobertPeres.jpg) 50% 50% no-repeat scroll ;\n}\n.responsive #top #wrap_all .flex_cell.av-189ta2-450ea4591152a4fa1753f7489ab29ade{\npadding:30px 30px 30px 30px !important;\n}\n<\/style>\n<a class=\"av-screen-reader-only\" href=\"http:\/\/www.gunkl.at\/\"  target=\"_blank\" >Segui un collegamento aggiunto manuale<\/a><div class='flex_cell av-189ta2-450ea4591152a4fa1753f7489ab29ade av-gridrow-cell av_one_half no_margin  avia-builder-el-30  el_before_av_cell_one_half  avia-builder-el-first  content-align-middle avia-full-stretch avia-link-column av-cell-link avia-link-column-hover'  data-link-column-url=\"http:\/\/www.gunkl.at\/\"  data-link-column-target=\"_blank\"  ><div class='flex_cell_inner'><\/div><\/div>\n<style type=\"text\/css\" data-created_by=\"avia_inline_auto\" id=\"style-css-av-111uhe-d97b250ae7285710c26f11ef93f51d6e\">\n.flex_cell.av-111uhe-d97b250ae7285710c26f11ef93f51d6e{\nvertical-align:top;\nheight:300px;\nmin-height:300px;\n}\n.responsive #top #wrap_all .flex_cell.av-111uhe-d97b250ae7285710c26f11ef93f51d6e{\npadding:30px 30px 30px 30px !important;\n}\n<\/style>\n<div class='flex_cell av-111uhe-d97b250ae7285710c26f11ef93f51d6e av-gridrow-cell av_one_half no_margin  avia-builder-el-31  el_after_av_cell_one_half  avia-builder-el-last  content-align-top'  ><div class='flex_cell_inner'><section  class='av_textblock_section av-v6dtu-750971d5df5a6cdff876d784d2344c36 '   itemscope=\"itemscope\" itemtype=\"https:\/\/schema.org\/BlogPosting\" itemprop=\"blogPost\" ><div class='avia_textblock'  itemprop=\"text\" ><h3 style=\"text-align: center;\"><a href=\"http:\/\/www.gunkl.at\/\" target=\"_blank\" rel=\"noopener\">Gunkl<\/a><\/h3>\n<h1 style=\"text-align: center;\">ZWISCHEN IST UND SOLL &#8211; MENSCHSEIN HALT<\/h1>\n<h3 style=\"text-align: center;\">Samstag, 16. M\u00e4rz 2019 &#8211; 20 Uhr<\/h3>\n<p>Zum Programm sagt der K\u00fcnstler: \u201eAuch interessant: Wir glauben, dass wir Menschen einander verstehen. Mhm. Und wenn man sagt: \u201eDas Unsichtbare bleibt dem Auge meist verborgen\u201c nicken die allermeisten gleich einmal in verz\u00fcckter Betulichkeit so, als h\u00e4tte man da etwas sehr Kluges gesagt.<\/p>\n<p>Die, die nach zwei Sekunden ein stumpfes St\u00f6hnen von sich geben, mit denen ist ein sachlich ergiebiges Gespr\u00e4ch m\u00f6glich. Die, die weiterhin nicken, sollte man in ihrem Gl\u00fcck lassen.\u201c<\/p>\n<p>Eine Lehrstunde in Sachen Kommunikation: In seinem zw\u00f6lften Kabarettsolo sinniert Gunkl \u00fcber die T\u00fccken zwischenmenschlicher Kommunikation. So erkl\u00e4rt er nachvollziehbar die logikgepr\u00e4gte Gedankenwelt eher gef\u00fchlsarmer Menschen. Ungewohnt heiter und gewohnt statisch in der B\u00fchnenmitte gibt Gunkl auch private Anekdoten preis, etwa wie der Exekutor vor seiner T\u00fcr stand. Das erleichtert es, seinen oft verschachtelten Gedankeng\u00e4ngen zu folgen und ist &#8211; nicht immer, aber immer \u00f6fter &#8211; auch lustig.<\/p>\n<p><a href=\"http:\/\/tickets.fondazioneteatro.bolzano.it\/application.aspx?id=2848\" target=\"_blank\" rel=\"noopener\">TICKETS ONLINE<\/a><\/p>\n<\/div><\/section>\n<\/div><\/div><\/div><div id='av-layout-grid-4'  class='av-layout-grid-container av-pm7t6-0737d4804f72a07e2169c991bc0338f6 entry-content-wrapper main_color av-border-top-bottom av-flex-cells  avia-builder-el-33  el_after_av_layout_row  el_before_av_layout_row  grid-row-not-first  container_wrap fullsize'  >\n\n<style type=\"text\/css\" data-created_by=\"avia_inline_auto\" id=\"style-css-av-lvlcy-d765011842aa4118a667d7e5dba45953\">\n.flex_cell.av-lvlcy-d765011842aa4118a667d7e5dba45953{\nvertical-align:middle;\nheight:300px;\nmin-height:300px;\n}\n.responsive #top #wrap_all .flex_cell.av-lvlcy-d765011842aa4118a667d7e5dba45953{\npadding:30px 30px 30px 30px !important;\n}\n<\/style>\n<div class='flex_cell av-lvlcy-d765011842aa4118a667d7e5dba45953 av-gridrow-cell av_one_half no_margin  avia-builder-el-34  el_before_av_cell_one_half  avia-builder-el-first  content-align-middle avia-full-stretch'  ><div class='flex_cell_inner'><section  class='av_textblock_section av-elp4a-1500cdebcecf32c84dcfeab755d19b69 '   itemscope=\"itemscope\" itemtype=\"https:\/\/schema.org\/BlogPosting\" itemprop=\"blogPost\" ><div class='avia_textblock'  itemprop=\"text\" ><h3 style=\"text-align: center;\"><a href=\"http:\/\/www.hans-klaffl.de\/\" target=\"_blank\" rel=\"noopener\">Han&#8217;s Klaffl<\/a><\/h3>\n<h1 style=\"text-align: center;\">40 JAHRE FERIEN &#8211; EIN LEHRER PACKT AUS<\/h1>\n<h3 style=\"text-align: center;\">Sonntag, 17. M\u00e4rz 2019 &#8211; 18 Uhr<\/h3>\n<p>Han\u2018s Klaffl, (Musik-)Lehrer aus Leidenschaft, geht in seinem kabarettistischen Soloprogramm \u00fcber Lehrer, Sch\u00fcler und Eltern den weitverbreiteten Klischees \u00fcber die Zunft der P\u00e4dagogen auf den Grund.<\/p>\n<p>Als \u201eOberstudienrat K.\u201c deckt er schonungslos auf, was wirklich hinter den verschlossenen T\u00fcren des Lehrerzimmers geschieht. Er taucht ein in die komplizierte Psyche von LehrerInnen, gibt wertvolle Tipps f\u00fcr die Gestaltung von Elternsprechstunden und weiht in die Geheimnisse des stressfreien Unterrichts ein. Auch die unglaublichen \u00dcberlebensstrategien, die Sch\u00fcler im Laufe der Jahrhunderte entwickelt haben, stellt der \u201eStaatskabarettist auf Lebenszeit\u201c anschaulich dar und gibt so noch nie dagewesene, tiefe Einblicke in den Schulalltag. Mit Klavier und Kontrabass h\u00e4lt Han\u2018s Klaffl eine Doppelstunde Frontalunterricht, nach der keine Fragen mehr offenbleiben. Dass diese Einblicke in eine p\u00e4dagogische Subkultur l\u00e4ngst \u00fcberf\u00e4llig waren, erkennt man am nicht nachlassenden Interesse, das Lehrer, Eltern und Sch\u00fcler dieser selbstironischen Abrechnung seit Jahren entgegenbringen.<\/p>\n<p><a href=\"http:\/\/tickets.fondazioneteatro.bolzano.it\/application.aspx?id=2849\" target=\"_blank\" rel=\"noopener\">TICKETS ONLINE<\/a><\/p>\n<\/div><\/section>\n<\/div><\/div>\n<style type=\"text\/css\" data-created_by=\"avia_inline_auto\" id=\"style-css-av-btqcq-dd2b160e9064075627bf6e9cc832fb65\">\n.flex_cell.av-btqcq-dd2b160e9064075627bf6e9cc832fb65{\nvertical-align:middle;\nheight:300px;\nmin-height:300px;\nbackground:url(https:\/\/art.kallmuenz.it\/wp-content\/uploads\/2019\/03\/kunstverein-kallmuenz_pressefoto_hansklaffl_2018_04.jpg) 50% 50% no-repeat scroll ;\n}\n.responsive #top #wrap_all .flex_cell.av-btqcq-dd2b160e9064075627bf6e9cc832fb65{\npadding:30px 30px 30px 30px !important;\n}\n<\/style>\n<a class=\"av-screen-reader-only\" href=\"http:\/\/www.hans-klaffl.de\/\"  target=\"_blank\" >Segui un collegamento aggiunto manuale<\/a><div class='flex_cell av-btqcq-dd2b160e9064075627bf6e9cc832fb65 av-gridrow-cell av_one_half no_margin  avia-builder-el-36  el_after_av_cell_one_half  avia-builder-el-last  content-align-middle avia-full-stretch avia-link-column av-cell-link avia-link-column-hover'  data-link-column-url=\"http:\/\/www.hans-klaffl.de\/\"  data-link-column-target=\"_blank\"  ><div class='flex_cell_inner'><\/div><\/div><\/div><div id='av-layout-grid-5'  class='av-layout-grid-container av-1djpp6-d025db52cafe4cae87e7528d93dce33d entry-content-wrapper main_color av-border-top-bottom av-flex-cells  avia-builder-el-37  el_after_av_layout_row  el_before_av_partner  grid-row-not-first  container_wrap fullsize'  >\n\n<style type=\"text\/css\" data-created_by=\"avia_inline_auto\" id=\"style-css-av-189ta2-52591fd53a6df46405ddb39ee507df21\">\n.flex_cell.av-189ta2-52591fd53a6df46405ddb39ee507df21{\nvertical-align:middle;\nheight:300px;\nmin-height:300px;\nbackground:url(https:\/\/art.kallmuenz.it\/wp-content\/uploads\/2019\/03\/kunstverein-kallmuenz_Team-Meraner-Kabarett-Tage-und-Salzburger-Stier.jpg) 50% 0% no-repeat scroll ;\n}\n.responsive #top #wrap_all .flex_cell.av-189ta2-52591fd53a6df46405ddb39ee507df21{\npadding:30px 30px 30px 30px !important;\n}\n<\/style>\n<div class='flex_cell av-189ta2-52591fd53a6df46405ddb39ee507df21 av-gridrow-cell av_one_half no_margin  avia-builder-el-38  el_before_av_cell_one_half  avia-builder-el-first  content-align-middle avia-full-stretch'  ><div class='flex_cell_inner'><\/div><\/div>\n<style type=\"text\/css\" data-created_by=\"avia_inline_auto\" id=\"style-css-av-111uhe-d97b250ae7285710c26f11ef93f51d6e\">\n.flex_cell.av-111uhe-d97b250ae7285710c26f11ef93f51d6e{\nvertical-align:top;\nheight:300px;\nmin-height:300px;\n}\n.responsive #top #wrap_all .flex_cell.av-111uhe-d97b250ae7285710c26f11ef93f51d6e{\npadding:30px 30px 30px 30px !important;\n}\n<\/style>\n<div class='flex_cell av-111uhe-d97b250ae7285710c26f11ef93f51d6e av-gridrow-cell av_one_half no_margin  avia-builder-el-39  el_after_av_cell_one_half  avia-builder-el-last  content-align-top'  ><div class='flex_cell_inner'><section  class='av_textblock_section av-v6dtu-750971d5df5a6cdff876d784d2344c36 '   itemscope=\"itemscope\" itemtype=\"https:\/\/schema.org\/BlogPosting\" itemprop=\"blogPost\" ><div class='avia_textblock'  itemprop=\"text\" ><h1 style=\"text-align: center;\">DAS TEAM DER<br \/>\nMERANER KABARETT TAGE<\/h1>\n<p style=\"text-align: left;\">Von links: <strong>Robert Asam<\/strong> macht das Programm, <strong>Marion Th\u00f6ni<\/strong> r\u00fcckt es ins rechte Licht und will dies auf keinen Fall politisch verstanden wissen. <strong>Monika Gamper<\/strong> zieht die organisatorischen und finanziellen F\u00e4den und <strong>Meinhard Khuen<\/strong> ist im Team der B\u00fcrokratie-Beauftragte und wird darum nicht beneidet<\/p>\n<p style=\"text-align: center;\">Mit freundlicher Unterst\u00fctzung:<\/p>\n<\/div><\/section><br \/>\n<div  class='avia-logo-element-container av-josqxsf6-1797fdd3e10e962f2ead9981e031e675 av-border-deactivate avia-logo-grid avia-content-slider avia-smallarrow-slider avia-content-grid-active noHover avia-content-slider-odd  avia-builder-el-41  el_after_av_textblock  avia-builder-el-last  avia-content-slider1' ><div class='avia-smallarrow-slider-heading  no-logo-slider-heading '><div class='new-special-heading'>&nbsp;<\/div><\/div><div class=\"avia-content-slider-inner\"><div class=\"slide-entry-wrap\"><div  class='slide-entry av-g225e-6b40169fac9da3cfa88726946b6a8ec7 flex_column no_margin av_one_third real-thumbnail post-entry slide-entry-overview slide-loop-1 slide-parity-odd  first'><a href=\"https:\/\/www.hotelsmerano.it\/de\/hotel-flora-meran\/\" data-rel='slide-1' class='slide-image' title=''  target=\"_blank\"  rel=\"noopener noreferrer\"><img decoding=\"async\" fetchpriority=\"high\" width=\"1030\" height=\"687\" src=\"https:\/\/art.kallmuenz.it\/wp-content\/uploads\/2019\/03\/kunstverein-kallmuenz_Hotel-Flora.jpg\" class=\"wp-image-1093 avia-img-lazy-loading-not-1093 attachment-no scaling size-no scaling\" alt=\"\" srcset=\"https:\/\/art.kallmuenz.it\/wp-content\/uploads\/2019\/03\/kunstverein-kallmuenz_Hotel-Flora.jpg 1030w, https:\/\/art.kallmuenz.it\/wp-content\/uploads\/2019\/03\/kunstverein-kallmuenz_Hotel-Flora-300x200.jpg 300w, https:\/\/art.kallmuenz.it\/wp-content\/uploads\/2019\/03\/kunstverein-kallmuenz_Hotel-Flora-768x512.jpg 768w, https:\/\/art.kallmuenz.it\/wp-content\/uploads\/2019\/03\/kunstverein-kallmuenz_Hotel-Flora-705x470.jpg 705w, https:\/\/art.kallmuenz.it\/wp-content\/uploads\/2019\/03\/kunstverein-kallmuenz_Hotel-Flora-450x300.jpg 450w\" sizes=\"(max-width: 1030px) 100vw, 1030px\" \/><\/a><\/div><div  class='slide-entry av-qn276-e2008c04bf2cbe920f7ae9839b8102e9 flex_column no_margin av_one_third real-thumbnail post-entry slide-entry-overview slide-loop-2 slide-parity-even  '><a href=\"http:\/\/www.hotel-aurora-meran.com\/\" data-rel='slide-1' class='slide-image' title=''  target=\"_blank\"  rel=\"noopener noreferrer\"><img decoding=\"async\" fetchpriority=\"high\" width=\"1030\" height=\"687\" src=\"https:\/\/art.kallmuenz.it\/wp-content\/uploads\/2019\/03\/kunstverein-kallmuenz_Aurora-CMYK.jpg\" class=\"wp-image-1104 avia-img-lazy-loading-not-1104 attachment-no scaling size-no scaling\" alt=\"\" srcset=\"https:\/\/art.kallmuenz.it\/wp-content\/uploads\/2019\/03\/kunstverein-kallmuenz_Aurora-CMYK.jpg 1030w, https:\/\/art.kallmuenz.it\/wp-content\/uploads\/2019\/03\/kunstverein-kallmuenz_Aurora-CMYK-300x200.jpg 300w, https:\/\/art.kallmuenz.it\/wp-content\/uploads\/2019\/03\/kunstverein-kallmuenz_Aurora-CMYK-768x512.jpg 768w, https:\/\/art.kallmuenz.it\/wp-content\/uploads\/2019\/03\/kunstverein-kallmuenz_Aurora-CMYK-705x470.jpg 705w, https:\/\/art.kallmuenz.it\/wp-content\/uploads\/2019\/03\/kunstverein-kallmuenz_Aurora-CMYK-450x300.jpg 450w\" sizes=\"(max-width: 1030px) 100vw, 1030px\" \/><\/a><\/div><div  class='slide-entry av-7jplm-3fee64d44d3ba12d4c8ab795ac7a2e9d flex_column no_margin av_one_third real-thumbnail post-entry slide-entry-overview slide-loop-3 slide-parity-odd post-entry-last '><a href=\"https:\/\/www.hoteltermemerano.it\/\" data-rel='slide-1' class='slide-image' title=''  target=\"_blank\"  rel=\"noopener noreferrer\"><img decoding=\"async\" fetchpriority=\"high\" width=\"1030\" height=\"687\" src=\"https:\/\/art.kallmuenz.it\/wp-content\/uploads\/2019\/03\/kunstverein-kallmuenz_Hotel-Therme-Meran.jpg\" class=\"wp-image-1095 avia-img-lazy-loading-not-1095 attachment-no scaling size-no scaling\" alt=\"\" srcset=\"https:\/\/art.kallmuenz.it\/wp-content\/uploads\/2019\/03\/kunstverein-kallmuenz_Hotel-Therme-Meran.jpg 1030w, https:\/\/art.kallmuenz.it\/wp-content\/uploads\/2019\/03\/kunstverein-kallmuenz_Hotel-Therme-Meran-300x200.jpg 300w, https:\/\/art.kallmuenz.it\/wp-content\/uploads\/2019\/03\/kunstverein-kallmuenz_Hotel-Therme-Meran-768x512.jpg 768w, https:\/\/art.kallmuenz.it\/wp-content\/uploads\/2019\/03\/kunstverein-kallmuenz_Hotel-Therme-Meran-705x470.jpg 705w, https:\/\/art.kallmuenz.it\/wp-content\/uploads\/2019\/03\/kunstverein-kallmuenz_Hotel-Therme-Meran-450x300.jpg 450w\" sizes=\"(max-width: 1030px) 100vw, 1030px\" \/><\/a><\/div><\/div><\/div><\/div><\/p>\n<\/div><\/div>\n<\/div><div id='after_grid_row_5'  class='main_color av_default_container_wrap container_wrap fullsize'  ><div class='container av-section-cont-open' ><div class='template-page content  av-content-full alpha units'><div class='post-entry post-entry-type-page post-entry-1216'><div class='entry-content-wrapper clearfix'><\/p>\n<div  class='avia-logo-element-container av-josqxsf6-2253b094f7d53505872588d0daaed1d4 av-border-deactivate avia-logo-grid avia-content-slider avia-smallarrow-slider avia-content-grid-active noHover avia-content-slider-odd  avia-builder-el-42  el_after_av_layout_row  el_before_av_one_third  avia-builder-el-first  avia-content-slider2' ><div class='avia-smallarrow-slider-heading  no-logo-slider-heading '><div class='new-special-heading'>&nbsp;<\/div><\/div><div class=\"avia-content-slider-inner\"><div class=\"slide-entry-wrap\"><div  class='slide-entry av-nsgiy-0780dd0e8005d938f096b9fd8623ec94 flex_column no_margin av_one_third real-thumbnail post-entry slide-entry-overview slide-loop-1 slide-parity-odd  first'><a href=\"https:\/\/www.doppelmayr.com\/\" data-rel='slide-2' class='slide-image' title=''  target=\"_blank\"  rel=\"noopener noreferrer\"><img decoding=\"async\" fetchpriority=\"high\" width=\"1030\" height=\"630\" src=\"https:\/\/art.kallmuenz.it\/wp-content\/uploads\/2019\/03\/kunstverein-kallmuenz_Doppelmayr-1030x630.jpg\" class=\"wp-image-1091 avia-img-lazy-loading-not-1091 attachment-featured_large size-featured_large\" alt=\"\" \/><\/a><\/div><div  class='slide-entry av-6qwka-a4cffe09f789ed0940bc31bca847c49a flex_column no_margin av_one_third real-thumbnail post-entry slide-entry-overview slide-loop-2 slide-parity-even  '><a href=\"https:\/\/www.dreika.it\/de\/information\/index\/1-0.html\" data-rel='slide-2' class='slide-image' title=''  target=\"_blank\"  rel=\"noopener noreferrer\"><img decoding=\"async\" fetchpriority=\"high\" width=\"1030\" height=\"630\" src=\"https:\/\/art.kallmuenz.it\/wp-content\/uploads\/2018\/11\/kunstverein-kallmuenz_dreika-1030x630.jpg\" class=\"wp-image-1414 avia-img-lazy-loading-not-1414 attachment-featured_large size-featured_large\" alt=\"\" \/><\/a><\/div><div  class='slide-entry av-8vcvm-e51ceeb25a89e07d98b9cdea0064c854 flex_column no_margin av_one_third real-thumbnail post-entry slide-entry-overview slide-loop-3 slide-parity-odd post-entry-last '><a href=\"http:\/\/www.siebenfoercher.it\/de\/home.php\" data-rel='slide-2' class='slide-image' title=''  target=\"_blank\"  rel=\"noopener noreferrer\"><img decoding=\"async\" fetchpriority=\"high\" width=\"1030\" height=\"630\" src=\"https:\/\/art.kallmuenz.it\/wp-content\/uploads\/2019\/03\/kunstverein-kallmuenz_Siebenfoercher-1030x630.jpg\" class=\"wp-image-1097 avia-img-lazy-loading-not-1097 attachment-featured_large size-featured_large\" alt=\"\" \/><\/a><\/div><\/div><\/div><\/div>\n\n<style type=\"text\/css\" data-created_by=\"avia_inline_auto\" id=\"style-css-av-jo7ajm81-d20b8c0a4cb0f3b6b2496e7a3c8e5ba2\">\n.flex_column.av-jo7ajm81-d20b8c0a4cb0f3b6b2496e7a3c8e5ba2{\nborder-radius:0px 0px 0px 0px;\npadding:0px 0px 0px 0px;\n}\n<\/style>\n<div  class='flex_column av-jo7ajm81-d20b8c0a4cb0f3b6b2496e7a3c8e5ba2 av_one_third  avia-builder-el-43  el_after_av_partner  el_before_av_one_third  first av-break-at-tablet flex_column_div av-hide-on-mobile av-zero-column-padding  '     ><\/div>\n\n<style type=\"text\/css\" data-created_by=\"avia_inline_auto\" id=\"style-css-av-frarx-e351301c1e4a53fd3e32bed76c4264a5\">\n.flex_column.av-frarx-e351301c1e4a53fd3e32bed76c4264a5{\nborder-radius:0px 0px 0px 0px;\npadding:0px 0px 0px 0px;\n}\n<\/style>\n<div  class='flex_column av-frarx-e351301c1e4a53fd3e32bed76c4264a5 av_one_third  avia-builder-el-44  el_after_av_one_third  el_before_av_one_third  av-break-at-tablet flex_column_div av-zero-column-padding  '     ><div  class='avia-builder-widget-area clearfix  avia-builder-el-45  avia-builder-el-no-sibling '><div id=\"avia_mailchimp_widget-3\" class=\"widget clearfix avia-widget-container avia_mailchimp_widget avia_no_block_preview\"><div class=\"avia-preview-headline\">kallm\u00fcnz Mailchimp Newsletter Signup<\/div><div class=\"avia-preview-info\">Titolo: Newsletter<\/div><div class=\"avia-preview-info\">Mailchimp List: 94e96eb9df<\/div><div class=\"avia-preview-in-front\">Content is only rendered in frontend.<\/div><\/div><\/div><\/div>\n\n<style type=\"text\/css\" data-created_by=\"avia_inline_auto\" id=\"style-css-av-jo7ajsek-276efce0ff45b4de0f9484709aa401f4\">\n.flex_column.av-jo7ajsek-276efce0ff45b4de0f9484709aa401f4{\nborder-radius:0px 0px 0px 0px;\npadding:0px 0px 0px 0px;\n}\n<\/style>\n<div  class='flex_column av-jo7ajsek-276efce0ff45b4de0f9484709aa401f4 av_one_third  avia-builder-el-46  el_after_av_one_third  avia-builder-el-last  av-break-at-tablet flex_column_div av-hide-on-mobile av-zero-column-padding  '     ><\/div>\n","protected":false},"excerpt":{"rendered":"<p>14.-17. M\u00e4rz 2019<\/p>\n","protected":false},"author":4021,"featured_media":1051,"comment_status":"closed","ping_status":"closed","sticky":false,"template":"","format":"standard","meta":{"footnotes":""},"categories":[41],"tags":[],"class_list":["post-1216","post","type-post","status-publish","format-standard","has-post-thumbnail","hentry","category-archivio"],"yoast_head":"<!-- This site is optimized with the Yoast SEO plugin v27.5 - https:\/\/yoast.com\/product\/yoast-seo-wordpress\/ -->\n<title>Meraner Kabarett Tage 2019 - Associazione Artistica Kallm\u00fcnz Merano<\/title>\n<meta name=\"description\" content=\"Meraner Kabarett Tage 2019 - 14. - 17. M\u00e4rz 2019 - Stadttheater Meran: Was passiert, wenn eine Diplom-Animat\u00f6se, ein ausgedienter Ober ...\" \/>\n<meta name=\"robots\" content=\"index, follow, max-snippet:-1, max-image-preview:large, max-video-preview:-1\" \/>\n<link rel=\"canonical\" href=\"https:\/\/art.kallmuenz.it\/it\/meraner-kabarett-tage-2019\/\" \/>\n<meta property=\"og:locale\" content=\"it_IT\" \/>\n<meta property=\"og:type\" content=\"article\" \/>\n<meta property=\"og:title\" content=\"Meraner Kabarett Tage 2019 - Associazione Artistica Kallm\u00fcnz Merano\" \/>\n<meta property=\"og:description\" content=\"Meraner Kabarett Tage 2019 - 14. - 17. M\u00e4rz 2019 - Stadttheater Meran: Was passiert, wenn eine Diplom-Animat\u00f6se, ein ausgedienter Ober ...\" \/>\n<meta property=\"og:url\" content=\"https:\/\/art.kallmuenz.it\/it\/meraner-kabarett-tage-2019\/\" \/>\n<meta property=\"og:site_name\" content=\"Associazione Artistica Kallm\u00fcnz Merano\" \/>\n<meta property=\"article:publisher\" content=\"https:\/\/www.facebook.com\/KunstvereinKallmuenz\" \/>\n<meta property=\"article:published_time\" content=\"2018-11-25T16:04:16+00:00\" \/>\n<meta property=\"article:modified_time\" content=\"2018-11-28T17:57:33+00:00\" \/>\n<meta property=\"og:image\" content=\"https:\/\/art.kallmuenz.it\/wp-content\/uploads\/2019\/03\/kunstverein-kallmuenz_Meraner-Kabarett-Tage_PRINT-1.jpg\" \/>\n\t<meta property=\"og:image:width\" content=\"1030\" \/>\n\t<meta property=\"og:image:height\" content=\"687\" \/>\n\t<meta property=\"og:image:type\" content=\"image\/jpeg\" \/>\n<meta name=\"author\" content=\"\u00a1\u00e0ndale!\" \/>\n<script type=\"application\/ld+json\" class=\"yoast-schema-graph\">{\"@context\":\"https:\\\/\\\/schema.org\",\"@graph\":[{\"@type\":\"Article\",\"@id\":\"https:\\\/\\\/art.kallmuenz.it\\\/it\\\/meraner-kabarett-tage-2019\\\/#article\",\"isPartOf\":{\"@id\":\"https:\\\/\\\/art.kallmuenz.it\\\/it\\\/meraner-kabarett-tage-2019\\\/\"},\"author\":{\"name\":\"\u00a1\u00e0ndale!\",\"@id\":\"https:\\\/\\\/art.kallmuenz.it\\\/it\\\/#\\\/schema\\\/person\\\/2d3f5172d1b1545c374946b94c2dfcd2\"},\"headline\":\"Meraner Kabarett Tage 2019\",\"datePublished\":\"2018-11-25T16:04:16+00:00\",\"dateModified\":\"2018-11-28T17:57:33+00:00\",\"mainEntityOfPage\":{\"@id\":\"https:\\\/\\\/art.kallmuenz.it\\\/it\\\/meraner-kabarett-tage-2019\\\/\"},\"wordCount\":3438,\"publisher\":{\"@id\":\"https:\\\/\\\/art.kallmuenz.it\\\/it\\\/#organization\"},\"image\":{\"@id\":\"https:\\\/\\\/art.kallmuenz.it\\\/it\\\/meraner-kabarett-tage-2019\\\/#primaryimage\"},\"thumbnailUrl\":\"https:\\\/\\\/art.kallmuenz.it\\\/wp-content\\\/uploads\\\/2019\\\/03\\\/kunstverein-kallmuenz_Meraner-Kabarett-Tage_PRINT-1.jpg\",\"articleSection\":[\"Archivio\"],\"inLanguage\":\"it-IT\"},{\"@type\":\"WebPage\",\"@id\":\"https:\\\/\\\/art.kallmuenz.it\\\/it\\\/meraner-kabarett-tage-2019\\\/\",\"url\":\"https:\\\/\\\/art.kallmuenz.it\\\/it\\\/meraner-kabarett-tage-2019\\\/\",\"name\":\"Meraner Kabarett Tage 2019 - Associazione Artistica Kallm\u00fcnz Merano\",\"isPartOf\":{\"@id\":\"https:\\\/\\\/art.kallmuenz.it\\\/it\\\/#website\"},\"primaryImageOfPage\":{\"@id\":\"https:\\\/\\\/art.kallmuenz.it\\\/it\\\/meraner-kabarett-tage-2019\\\/#primaryimage\"},\"image\":{\"@id\":\"https:\\\/\\\/art.kallmuenz.it\\\/it\\\/meraner-kabarett-tage-2019\\\/#primaryimage\"},\"thumbnailUrl\":\"https:\\\/\\\/art.kallmuenz.it\\\/wp-content\\\/uploads\\\/2019\\\/03\\\/kunstverein-kallmuenz_Meraner-Kabarett-Tage_PRINT-1.jpg\",\"datePublished\":\"2018-11-25T16:04:16+00:00\",\"dateModified\":\"2018-11-28T17:57:33+00:00\",\"description\":\"Meraner Kabarett Tage 2019 - 14. - 17. M\u00e4rz 2019 - Stadttheater Meran: Was passiert, wenn eine Diplom-Animat\u00f6se, ein ausgedienter Ober ...\",\"breadcrumb\":{\"@id\":\"https:\\\/\\\/art.kallmuenz.it\\\/it\\\/meraner-kabarett-tage-2019\\\/#breadcrumb\"},\"inLanguage\":\"it-IT\",\"potentialAction\":[{\"@type\":\"ReadAction\",\"target\":[\"https:\\\/\\\/art.kallmuenz.it\\\/it\\\/meraner-kabarett-tage-2019\\\/\"]}]},{\"@type\":\"ImageObject\",\"inLanguage\":\"it-IT\",\"@id\":\"https:\\\/\\\/art.kallmuenz.it\\\/it\\\/meraner-kabarett-tage-2019\\\/#primaryimage\",\"url\":\"https:\\\/\\\/art.kallmuenz.it\\\/wp-content\\\/uploads\\\/2019\\\/03\\\/kunstverein-kallmuenz_Meraner-Kabarett-Tage_PRINT-1.jpg\",\"contentUrl\":\"https:\\\/\\\/art.kallmuenz.it\\\/wp-content\\\/uploads\\\/2019\\\/03\\\/kunstverein-kallmuenz_Meraner-Kabarett-Tage_PRINT-1.jpg\",\"width\":1030,\"height\":687,\"caption\":\"Meraner Kabarett Tage 2019\"},{\"@type\":\"BreadcrumbList\",\"@id\":\"https:\\\/\\\/art.kallmuenz.it\\\/it\\\/meraner-kabarett-tage-2019\\\/#breadcrumb\",\"itemListElement\":[{\"@type\":\"ListItem\",\"position\":1,\"name\":\"Startseite\",\"item\":\"https:\\\/\\\/art.kallmuenz.it\\\/it\\\/associazione-culturale-kallmuenz-merano\\\/\"},{\"@type\":\"ListItem\",\"position\":2,\"name\":\"Meraner Kabarett Tage 2019\"}]},{\"@type\":\"WebSite\",\"@id\":\"https:\\\/\\\/art.kallmuenz.it\\\/it\\\/#website\",\"url\":\"https:\\\/\\\/art.kallmuenz.it\\\/it\\\/\",\"name\":\"Associazione Artistica Kallm\u00fcnz Merano\",\"description\":\"Arte e cultura a Merano\",\"publisher\":{\"@id\":\"https:\\\/\\\/art.kallmuenz.it\\\/it\\\/#organization\"},\"potentialAction\":[{\"@type\":\"SearchAction\",\"target\":{\"@type\":\"EntryPoint\",\"urlTemplate\":\"https:\\\/\\\/art.kallmuenz.it\\\/it\\\/?s={search_term_string}\"},\"query-input\":{\"@type\":\"PropertyValueSpecification\",\"valueRequired\":true,\"valueName\":\"search_term_string\"}}],\"inLanguage\":\"it-IT\"},{\"@type\":\"Organization\",\"@id\":\"https:\\\/\\\/art.kallmuenz.it\\\/it\\\/#organization\",\"name\":\"Kunstverein Kallm\u00fcnz\",\"url\":\"https:\\\/\\\/art.kallmuenz.it\\\/it\\\/\",\"logo\":{\"@type\":\"ImageObject\",\"inLanguage\":\"it-IT\",\"@id\":\"https:\\\/\\\/art.kallmuenz.it\\\/it\\\/#\\\/schema\\\/logo\\\/image\\\/\",\"url\":\"https:\\\/\\\/art.kallmuenz.it\\\/wp-content\\\/uploads\\\/2017\\\/04\\\/kallmuenz_stempel-preloader.png\",\"contentUrl\":\"https:\\\/\\\/art.kallmuenz.it\\\/wp-content\\\/uploads\\\/2017\\\/04\\\/kallmuenz_stempel-preloader.png\",\"width\":200,\"height\":176,\"caption\":\"Kunstverein Kallm\u00fcnz\"},\"image\":{\"@id\":\"https:\\\/\\\/art.kallmuenz.it\\\/it\\\/#\\\/schema\\\/logo\\\/image\\\/\"},\"sameAs\":[\"https:\\\/\\\/www.facebook.com\\\/KunstvereinKallmuenz\"]},{\"@type\":\"Person\",\"@id\":\"https:\\\/\\\/art.kallmuenz.it\\\/it\\\/#\\\/schema\\\/person\\\/2d3f5172d1b1545c374946b94c2dfcd2\",\"name\":\"\u00a1\u00e0ndale!\",\"image\":{\"@type\":\"ImageObject\",\"inLanguage\":\"it-IT\",\"@id\":\"https:\\\/\\\/secure.gravatar.com\\\/avatar\\\/e5477d2c73186d58b209d577373d5cc4822796d664543a8983596def2306f7d9?s=96&d=mm&r=g\",\"url\":\"https:\\\/\\\/secure.gravatar.com\\\/avatar\\\/e5477d2c73186d58b209d577373d5cc4822796d664543a8983596def2306f7d9?s=96&d=mm&r=g\",\"contentUrl\":\"https:\\\/\\\/secure.gravatar.com\\\/avatar\\\/e5477d2c73186d58b209d577373d5cc4822796d664543a8983596def2306f7d9?s=96&d=mm&r=g\",\"caption\":\"\u00a1\u00e0ndale!\"}}]}<\/script>\n<!-- \/ Yoast SEO plugin. -->","yoast_head_json":{"title":"Meraner Kabarett Tage 2019 - Associazione Artistica Kallm\u00fcnz Merano","description":"Meraner Kabarett Tage 2019 - 14. - 17. M\u00e4rz 2019 - Stadttheater Meran: Was passiert, wenn eine Diplom-Animat\u00f6se, ein ausgedienter Ober ...","robots":{"index":"index","follow":"follow","max-snippet":"max-snippet:-1","max-image-preview":"max-image-preview:large","max-video-preview":"max-video-preview:-1"},"canonical":"https:\/\/art.kallmuenz.it\/it\/meraner-kabarett-tage-2019\/","og_locale":"it_IT","og_type":"article","og_title":"Meraner Kabarett Tage 2019 - Associazione Artistica Kallm\u00fcnz Merano","og_description":"Meraner Kabarett Tage 2019 - 14. - 17. M\u00e4rz 2019 - Stadttheater Meran: Was passiert, wenn eine Diplom-Animat\u00f6se, ein ausgedienter Ober ...","og_url":"https:\/\/art.kallmuenz.it\/it\/meraner-kabarett-tage-2019\/","og_site_name":"Associazione Artistica Kallm\u00fcnz Merano","article_publisher":"https:\/\/www.facebook.com\/KunstvereinKallmuenz","article_published_time":"2018-11-25T16:04:16+00:00","article_modified_time":"2018-11-28T17:57:33+00:00","og_image":[{"width":1030,"height":687,"url":"https:\/\/art.kallmuenz.it\/wp-content\/uploads\/2019\/03\/kunstverein-kallmuenz_Meraner-Kabarett-Tage_PRINT-1.jpg","type":"image\/jpeg"}],"author":"\u00a1\u00e0ndale!","schema":{"@context":"https:\/\/schema.org","@graph":[{"@type":"Article","@id":"https:\/\/art.kallmuenz.it\/it\/meraner-kabarett-tage-2019\/#article","isPartOf":{"@id":"https:\/\/art.kallmuenz.it\/it\/meraner-kabarett-tage-2019\/"},"author":{"name":"\u00a1\u00e0ndale!","@id":"https:\/\/art.kallmuenz.it\/it\/#\/schema\/person\/2d3f5172d1b1545c374946b94c2dfcd2"},"headline":"Meraner Kabarett Tage 2019","datePublished":"2018-11-25T16:04:16+00:00","dateModified":"2018-11-28T17:57:33+00:00","mainEntityOfPage":{"@id":"https:\/\/art.kallmuenz.it\/it\/meraner-kabarett-tage-2019\/"},"wordCount":3438,"publisher":{"@id":"https:\/\/art.kallmuenz.it\/it\/#organization"},"image":{"@id":"https:\/\/art.kallmuenz.it\/it\/meraner-kabarett-tage-2019\/#primaryimage"},"thumbnailUrl":"https:\/\/art.kallmuenz.it\/wp-content\/uploads\/2019\/03\/kunstverein-kallmuenz_Meraner-Kabarett-Tage_PRINT-1.jpg","articleSection":["Archivio"],"inLanguage":"it-IT"},{"@type":"WebPage","@id":"https:\/\/art.kallmuenz.it\/it\/meraner-kabarett-tage-2019\/","url":"https:\/\/art.kallmuenz.it\/it\/meraner-kabarett-tage-2019\/","name":"Meraner Kabarett Tage 2019 - Associazione Artistica Kallm\u00fcnz Merano","isPartOf":{"@id":"https:\/\/art.kallmuenz.it\/it\/#website"},"primaryImageOfPage":{"@id":"https:\/\/art.kallmuenz.it\/it\/meraner-kabarett-tage-2019\/#primaryimage"},"image":{"@id":"https:\/\/art.kallmuenz.it\/it\/meraner-kabarett-tage-2019\/#primaryimage"},"thumbnailUrl":"https:\/\/art.kallmuenz.it\/wp-content\/uploads\/2019\/03\/kunstverein-kallmuenz_Meraner-Kabarett-Tage_PRINT-1.jpg","datePublished":"2018-11-25T16:04:16+00:00","dateModified":"2018-11-28T17:57:33+00:00","description":"Meraner Kabarett Tage 2019 - 14. - 17. M\u00e4rz 2019 - Stadttheater Meran: Was passiert, wenn eine Diplom-Animat\u00f6se, ein ausgedienter Ober ...","breadcrumb":{"@id":"https:\/\/art.kallmuenz.it\/it\/meraner-kabarett-tage-2019\/#breadcrumb"},"inLanguage":"it-IT","potentialAction":[{"@type":"ReadAction","target":["https:\/\/art.kallmuenz.it\/it\/meraner-kabarett-tage-2019\/"]}]},{"@type":"ImageObject","inLanguage":"it-IT","@id":"https:\/\/art.kallmuenz.it\/it\/meraner-kabarett-tage-2019\/#primaryimage","url":"https:\/\/art.kallmuenz.it\/wp-content\/uploads\/2019\/03\/kunstverein-kallmuenz_Meraner-Kabarett-Tage_PRINT-1.jpg","contentUrl":"https:\/\/art.kallmuenz.it\/wp-content\/uploads\/2019\/03\/kunstverein-kallmuenz_Meraner-Kabarett-Tage_PRINT-1.jpg","width":1030,"height":687,"caption":"Meraner Kabarett Tage 2019"},{"@type":"BreadcrumbList","@id":"https:\/\/art.kallmuenz.it\/it\/meraner-kabarett-tage-2019\/#breadcrumb","itemListElement":[{"@type":"ListItem","position":1,"name":"Startseite","item":"https:\/\/art.kallmuenz.it\/it\/associazione-culturale-kallmuenz-merano\/"},{"@type":"ListItem","position":2,"name":"Meraner Kabarett Tage 2019"}]},{"@type":"WebSite","@id":"https:\/\/art.kallmuenz.it\/it\/#website","url":"https:\/\/art.kallmuenz.it\/it\/","name":"Associazione Artistica Kallm\u00fcnz Merano","description":"Arte e cultura a Merano","publisher":{"@id":"https:\/\/art.kallmuenz.it\/it\/#organization"},"potentialAction":[{"@type":"SearchAction","target":{"@type":"EntryPoint","urlTemplate":"https:\/\/art.kallmuenz.it\/it\/?s={search_term_string}"},"query-input":{"@type":"PropertyValueSpecification","valueRequired":true,"valueName":"search_term_string"}}],"inLanguage":"it-IT"},{"@type":"Organization","@id":"https:\/\/art.kallmuenz.it\/it\/#organization","name":"Kunstverein Kallm\u00fcnz","url":"https:\/\/art.kallmuenz.it\/it\/","logo":{"@type":"ImageObject","inLanguage":"it-IT","@id":"https:\/\/art.kallmuenz.it\/it\/#\/schema\/logo\/image\/","url":"https:\/\/art.kallmuenz.it\/wp-content\/uploads\/2017\/04\/kallmuenz_stempel-preloader.png","contentUrl":"https:\/\/art.kallmuenz.it\/wp-content\/uploads\/2017\/04\/kallmuenz_stempel-preloader.png","width":200,"height":176,"caption":"Kunstverein Kallm\u00fcnz"},"image":{"@id":"https:\/\/art.kallmuenz.it\/it\/#\/schema\/logo\/image\/"},"sameAs":["https:\/\/www.facebook.com\/KunstvereinKallmuenz"]},{"@type":"Person","@id":"https:\/\/art.kallmuenz.it\/it\/#\/schema\/person\/2d3f5172d1b1545c374946b94c2dfcd2","name":"\u00a1\u00e0ndale!","image":{"@type":"ImageObject","inLanguage":"it-IT","@id":"https:\/\/secure.gravatar.com\/avatar\/e5477d2c73186d58b209d577373d5cc4822796d664543a8983596def2306f7d9?s=96&d=mm&r=g","url":"https:\/\/secure.gravatar.com\/avatar\/e5477d2c73186d58b209d577373d5cc4822796d664543a8983596def2306f7d9?s=96&d=mm&r=g","contentUrl":"https:\/\/secure.gravatar.com\/avatar\/e5477d2c73186d58b209d577373d5cc4822796d664543a8983596def2306f7d9?s=96&d=mm&r=g","caption":"\u00a1\u00e0ndale!"}}]}},"_links":{"self":[{"href":"https:\/\/art.kallmuenz.it\/it\/wp-json\/wp\/v2\/posts\/1216","targetHints":{"allow":["GET"]}}],"collection":[{"href":"https:\/\/art.kallmuenz.it\/it\/wp-json\/wp\/v2\/posts"}],"about":[{"href":"https:\/\/art.kallmuenz.it\/it\/wp-json\/wp\/v2\/types\/post"}],"author":[{"embeddable":true,"href":"https:\/\/art.kallmuenz.it\/it\/wp-json\/wp\/v2\/users\/4021"}],"replies":[{"embeddable":true,"href":"https:\/\/art.kallmuenz.it\/it\/wp-json\/wp\/v2\/comments?post=1216"}],"version-history":[{"count":0,"href":"https:\/\/art.kallmuenz.it\/it\/wp-json\/wp\/v2\/posts\/1216\/revisions"}],"wp:featuredmedia":[{"embeddable":true,"href":"https:\/\/art.kallmuenz.it\/it\/wp-json\/wp\/v2\/media\/1051"}],"wp:attachment":[{"href":"https:\/\/art.kallmuenz.it\/it\/wp-json\/wp\/v2\/media?parent=1216"}],"wp:term":[{"taxonomy":"category","embeddable":true,"href":"https:\/\/art.kallmuenz.it\/it\/wp-json\/wp\/v2\/categories?post=1216"},{"taxonomy":"post_tag","embeddable":true,"href":"https:\/\/art.kallmuenz.it\/it\/wp-json\/wp\/v2\/tags?post=1216"}],"curies":[{"name":"wp","href":"https:\/\/api.w.org\/{rel}","templated":true}]}}