{"id":1253,"date":"2018-11-24T17:50:23","date_gmt":"2018-11-24T16:50:23","guid":{"rendered":"https:\/\/art.kallmuenz.it\/?p=1253"},"modified":"2019-12-02T11:52:00","modified_gmt":"2019-12-02T10:52:00","slug":"mercatino-di-natale-2018","status":"publish","type":"post","link":"https:\/\/art.kallmuenz.it\/it\/mercatino-di-natale-2018\/","title":{"rendered":"Mercatino di natale 2018"},"content":{"rendered":"\n<style type=\"text\/css\" data-created_by=\"avia_inline_auto\" id=\"style-css-av-2nzvk0-75606cd367fcc30410d56cf1e11d148c\">\n.flex_column.av-2nzvk0-75606cd367fcc30410d56cf1e11d148c{\nborder-radius:0px 0px 0px 0px;\npadding:0px 0px 0px 0px;\n}\n<\/style>\n<div  class='flex_column av-2nzvk0-75606cd367fcc30410d56cf1e11d148c av_one_fifth  avia-builder-el-0  el_before_av_three_fifth  avia-builder-el-first  first av-break-at-tablet flex_column_div av-hide-on-mobile av-zero-column-padding  '     ><\/div>\n\n<style type=\"text\/css\" data-created_by=\"avia_inline_auto\" id=\"style-css-av-2ka0vs-c32e6ef0b074e086fa52b1b8ec5c79d9\">\n.flex_column.av-2ka0vs-c32e6ef0b074e086fa52b1b8ec5c79d9{\nborder-radius:0px 0px 0px 0px;\npadding:0px 0px 0px 0px;\n}\n<\/style>\n<div  class='flex_column av-2ka0vs-c32e6ef0b074e086fa52b1b8ec5c79d9 av_three_fifth  avia-builder-el-1  el_after_av_one_fifth  el_before_av_one_fifth  av-break-at-tablet flex_column_div av-zero-column-padding  '     ><style type=\"text\/css\" data-created_by=\"avia_inline_auto\" id=\"style-css-av-2d5t48-c4f44094711471866e25d10c176dd59a\">\n.avia-image-container.av-2d5t48-c4f44094711471866e25d10c176dd59a img.avia_image{\nbox-shadow:none;\n}\n.avia-image-container.av-2d5t48-c4f44094711471866e25d10c176dd59a .av-image-caption-overlay-center{\ncolor:#ffffff;\n}\n<\/style>\n<div  class='avia-image-container av-2d5t48-c4f44094711471866e25d10c176dd59a av-styling- av-img-linked avia_animated_image av-animated-when-visible-95 fade-in avia-align-center  avia-builder-el-2  avia-builder-el-no-sibling '   itemprop=\"image\" itemscope=\"itemscope\" itemtype=\"https:\/\/schema.org\/ImageObject\" ><div class=\"avia-image-container-inner\"><div class=\"avia-image-overlay-wrap\"><a href=\"https:\/\/art.kallmuenz.it\/wp-content\/uploads\/2018\/11\/kunstverein-kallmuenz_Karte_kallmuenz-2018_RZ-1-1030x687.jpg\" data-srcset=\"https:\/\/art.kallmuenz.it\/wp-content\/uploads\/2018\/11\/kunstverein-kallmuenz_Karte_kallmuenz-2018_RZ-1.jpg 1030w, https:\/\/art.kallmuenz.it\/wp-content\/uploads\/2018\/11\/kunstverein-kallmuenz_Karte_kallmuenz-2018_RZ-1-300x200.jpg 300w, https:\/\/art.kallmuenz.it\/wp-content\/uploads\/2018\/11\/kunstverein-kallmuenz_Karte_kallmuenz-2018_RZ-1-768x512.jpg 768w, https:\/\/art.kallmuenz.it\/wp-content\/uploads\/2018\/11\/kunstverein-kallmuenz_Karte_kallmuenz-2018_RZ-1-705x470.jpg 705w, https:\/\/art.kallmuenz.it\/wp-content\/uploads\/2018\/11\/kunstverein-kallmuenz_Karte_kallmuenz-2018_RZ-1-450x300.jpg 450w\" data-sizes=\"(max-width: 1030px) 100vw, 1030px\" class='avia_image '  aria-label='kunstverein-kallmuenz_Karte_kallmuenz-2018_RZ-1'><img decoding=\"async\" fetchpriority=\"high\" class='wp-image-1128 avia-img-lazy-loading-not-1128 avia_image ' src=\"https:\/\/art.kallmuenz.it\/wp-content\/uploads\/2018\/11\/kunstverein-kallmuenz_Karte_kallmuenz-2018_RZ-1.jpg\" alt='Mercatino di natale 2018' title='kunstverein-kallmuenz_Karte_kallmuenz-2018_RZ-1'  height=\"687\" width=\"1030\"  itemprop=\"thumbnailUrl\" srcset=\"https:\/\/art.kallmuenz.it\/wp-content\/uploads\/2018\/11\/kunstverein-kallmuenz_Karte_kallmuenz-2018_RZ-1.jpg 1030w, https:\/\/art.kallmuenz.it\/wp-content\/uploads\/2018\/11\/kunstverein-kallmuenz_Karte_kallmuenz-2018_RZ-1-300x200.jpg 300w, https:\/\/art.kallmuenz.it\/wp-content\/uploads\/2018\/11\/kunstverein-kallmuenz_Karte_kallmuenz-2018_RZ-1-768x512.jpg 768w, https:\/\/art.kallmuenz.it\/wp-content\/uploads\/2018\/11\/kunstverein-kallmuenz_Karte_kallmuenz-2018_RZ-1-705x470.jpg 705w, https:\/\/art.kallmuenz.it\/wp-content\/uploads\/2018\/11\/kunstverein-kallmuenz_Karte_kallmuenz-2018_RZ-1-450x300.jpg 450w\" sizes=\"(max-width: 1030px) 100vw, 1030px\" \/><\/a><\/div><\/div><\/div><\/div>\n\n<style type=\"text\/css\" data-created_by=\"avia_inline_auto\" id=\"style-css-av-2a55uo-42bf1201fe1eec5b0ff1e21f4c657f24\">\n.flex_column.av-2a55uo-42bf1201fe1eec5b0ff1e21f4c657f24{\nborder-radius:0px 0px 0px 0px;\npadding:0px 0px 0px 0px;\n}\n<\/style>\n<div  class='flex_column av-2a55uo-42bf1201fe1eec5b0ff1e21f4c657f24 av_one_fifth  avia-builder-el-3  el_after_av_three_fifth  el_before_av_hr  av-break-at-tablet flex_column_div av-hide-on-mobile av-zero-column-padding  '     ><\/div>\n\n<style type=\"text\/css\" data-created_by=\"avia_inline_auto\" id=\"style-css-av-251ndc-b17f4ddbad73dbaf7ec148401ac2be92\">\n#top .hr.av-251ndc-b17f4ddbad73dbaf7ec148401ac2be92{\nmargin-top:50px;\nmargin-bottom:50px;\n}\n.hr.av-251ndc-b17f4ddbad73dbaf7ec148401ac2be92 .hr-inner{\nwidth:50px;\nmax-width:45%;\n}\n.hr.av-251ndc-b17f4ddbad73dbaf7ec148401ac2be92 .av-seperator-icon{\ncolor:#877143;\n}\n.hr.av-251ndc-b17f4ddbad73dbaf7ec148401ac2be92 .av-seperator-icon.avia-svg-icon svg:first-child{\nfill:#877143;\nstroke:#877143;\n}\n<\/style>\n<div  class='hr av-251ndc-b17f4ddbad73dbaf7ec148401ac2be92 hr-custom  avia-builder-el-4  el_after_av_one_fifth  el_before_av_textblock  hr-center hr-icon-yes'><span class='hr-inner inner-border-av-border-thin'><span class=\"hr-inner-style\"><\/span><\/span><span class='av-seperator-icon avia-iconfont avia-font-entypo-fontello' data-av_icon='\ue808' data-av_iconfont='entypo-fontello' ><\/span><span class='hr-inner inner-border-av-border-thin'><span class=\"hr-inner-style\"><\/span><\/span><\/div>\n<section  class='av_textblock_section av-1ura1c-86e4b1a47b2c5a9c87fa4c023c28f65a '   itemscope=\"itemscope\" itemtype=\"https:\/\/schema.org\/BlogPosting\" itemprop=\"blogPost\" ><div class='avia_textblock'  itemprop=\"text\" ><h3 style=\"text-align: center;\">Arte &amp; Artigianato nel Castello Kallm\u00fcnz<\/h3>\n<h1 style=\"text-align: center;\">MERCATINO DI NATALE<\/h1>\n<\/div><\/section>\n<\/div><\/div><\/div><!-- close content main div --><\/div><\/div><div id='av-layout-grid-1'  class='av-layout-grid-container av-1r9bbc-b9a9f81033daa3f5c783974710df3107 entry-content-wrapper main_color av-flex-cells  avia-builder-el-6  el_after_av_textblock  el_before_av_masonry_gallery  grid-row-not-first  container_wrap fullsize'  >\n<div class='flex_cell av-1l40hs-e7e930a0329e0cc05a46fc5701d1168c av-gridrow-cell av_one_half no_margin  avia-builder-el-7  el_before_av_cell_one_half  avia-builder-el-first '  ><div class='flex_cell_inner'><section  class='av_textblock_section av-1exzfs-5282ea6ba04faaf40e9a3a142a52e60f '   itemscope=\"itemscope\" itemtype=\"https:\/\/schema.org\/BlogPosting\" itemprop=\"blogPost\" ><div class='avia_textblock'  itemprop=\"text\" ><h3 style=\"text-align: center;\">Venerd\u00ec 7 &#8211; domenica 9 dicembre 2018<br \/>\nAperto dalle ore 11 &#8211; 20<\/h3>\n<p><strong>freestyle wednesday<\/strong> varie\u00a0<strong>hofbrennerei gaudenz<\/strong> acquavite &amp; grappe\u00a0<strong>grga gregor mair<\/strong> cuoio\u00a0<strong>kfs&amp;it<\/strong> creative upcycled lamp design <strong>barbara klopfer<\/strong> gioielli\u00a0<strong>huberta &amp; rosa knoll<\/strong> molto bellissimo\u00a0<strong>cornelia larcher<\/strong> tessitura\u00a0<strong>christian mittendorfer<\/strong> legno\u00a0<strong>nikolaus pichler<\/strong> scodelle di legno laccate\u00a0<strong>zita pichler<\/strong> sedie\u00a0<strong>helene pobitzer<\/strong> vetro\u00a0<strong>simply.c.handmade<\/strong> tessuti\u00a0<strong>veronika thurin<\/strong> ceramica\u00a0<strong>wendezeit<\/strong> varie<\/p>\n<\/div><\/section>\n<\/div><\/div><div class='flex_cell av-1adv9c-ab9d849585b7adc5102d2568e4cffabd av-gridrow-cell av_one_half no_margin  avia-builder-el-9  el_after_av_cell_one_half  avia-builder-el-last '  ><div class='flex_cell_inner'><section  class='av_textblock_section av-13r8zc-6216c5eadea7d52648bb516a41737eaf '   itemscope=\"itemscope\" itemtype=\"https:\/\/schema.org\/BlogPosting\" itemprop=\"blogPost\" ><div class='avia_textblock'  itemprop=\"text\" ><h3 style=\"text-align: center;\">Venerd\u00ec 14 &#8211; domenica 16 dicembre 2018<br \/>\nAperto dalle ore 11 &#8211; 20<\/h3>\n<p><strong>michael agreiter<\/strong> borse\u00a0<strong>sabine bortolotti<\/strong> ceramica raku\u00a0<strong>editha<\/strong> gioielli &amp; tessuti\u00a0<strong>barbara klopfer<\/strong> gioielli\u00a0<strong>giorgio loner<\/strong> una montagna di segni\u00a0<strong>kfs&amp;it<\/strong> creative upcycled lamp design <strong>huberta &amp; rosa knoll<\/strong> molto bellissimo\u00a0<strong>cornelia larcher<\/strong> tessitura a mano\u00a0<strong>nikolaus pichler <\/strong>scodelle di legno laccate\u00a0<strong>zita pichler<\/strong> sedie\u00a0<strong>sunny kids<\/strong> tessuti\u00a0<strong>traudi<\/strong> borse\u00a0<strong>birgit wibmer<\/strong> saponi naturali<\/p>\n<\/div><\/section>\n<\/div><\/div>\n<\/div>\n<div id='av-masonry-1' class='av-masonry av-vvonc-702761f97e39f4399fc65ea4bca5f940 noHover av-fixed-size av-large-gap av-hover-overlay-active av-masonry-animation-active av-masonry-col-flexible av-caption-always av-caption-style- av-masonry-gallery ' data-post_id=\"1253\"><div class=\"av-masonry-container isotope av-js-disabled\"><div class='av-masonry-entry isotope-item av-masonry-item-no-image '><\/div><a href=\"https:\/\/art.kallmuenz.it\/wp-content\/uploads\/2018\/11\/kunstverein-kallmuenz_birgit_2016.jpg\" data-srcset=\"https:\/\/art.kallmuenz.it\/wp-content\/uploads\/2018\/11\/kunstverein-kallmuenz_birgit_2016.jpg 672w, https:\/\/art.kallmuenz.it\/wp-content\/uploads\/2018\/11\/kunstverein-kallmuenz_birgit_2016-293x300.jpg 293w, https:\/\/art.kallmuenz.it\/wp-content\/uploads\/2018\/11\/kunstverein-kallmuenz_birgit_2016-36x36.jpg 36w, https:\/\/art.kallmuenz.it\/wp-content\/uploads\/2018\/11\/kunstverein-kallmuenz_birgit_2016-450x460.jpg 450w\" data-sizes=\"(max-width: 672px) 100vw, 672px\"  aria-label=\"image kunstverein-kallmuenz_birgit_2016\"  id='av-masonry-1-item-1130' data-av-masonry-item='1130' class='av-masonry-entry isotope-item post-1130 attachment type-attachment status-inherit hentry  av-masonry-item-with-image' title=\"kunstverein-kallmuenz_birgit_2016\" alt=\"\"    itemprop=\"thumbnailUrl\" ><div class='av-inner-masonry-sizer'><\/div><figure class='av-inner-masonry main_color'><div class=\"av-masonry-outerimage-container\"><div class='av-masonry-image-container' style=\"background-image: url(https:\/\/art.kallmuenz.it\/wp-content\/uploads\/2018\/11\/kunstverein-kallmuenz_birgit_2016.jpg);\"  title=\"kunstverein-kallmuenz_birgit_2016\" ><\/div><\/div><\/figure><\/a><!--end av-masonry entry--><a href=\"https:\/\/art.kallmuenz.it\/wp-content\/uploads\/2018\/11\/kunstverein-kallmuenz_foto_agreiter1-1030x687.jpg\" data-srcset=\"https:\/\/art.kallmuenz.it\/wp-content\/uploads\/2018\/11\/kunstverein-kallmuenz_foto_agreiter1.jpg 1030w, https:\/\/art.kallmuenz.it\/wp-content\/uploads\/2018\/11\/kunstverein-kallmuenz_foto_agreiter1-300x200.jpg 300w, https:\/\/art.kallmuenz.it\/wp-content\/uploads\/2018\/11\/kunstverein-kallmuenz_foto_agreiter1-768x512.jpg 768w, https:\/\/art.kallmuenz.it\/wp-content\/uploads\/2018\/11\/kunstverein-kallmuenz_foto_agreiter1-705x470.jpg 705w, https:\/\/art.kallmuenz.it\/wp-content\/uploads\/2018\/11\/kunstverein-kallmuenz_foto_agreiter1-450x300.jpg 450w\" data-sizes=\"(max-width: 1030px) 100vw, 1030px\"  aria-label=\"image kunstverein-kallmuenz_foto_agreiter1\"  id='av-masonry-1-item-1132' data-av-masonry-item='1132' class='av-masonry-entry isotope-item post-1132 attachment type-attachment status-inherit hentry  av-masonry-item-with-image' title=\"kunstverein-kallmuenz_foto_agreiter1\" alt=\"\"    itemprop=\"thumbnailUrl\" ><div class='av-inner-masonry-sizer'><\/div><figure class='av-inner-masonry main_color'><div class=\"av-masonry-outerimage-container\"><div class='av-masonry-image-container' style=\"background-image: url(https:\/\/art.kallmuenz.it\/wp-content\/uploads\/2018\/11\/kunstverein-kallmuenz_foto_agreiter1-705x470.jpg);\"  title=\"kunstverein-kallmuenz_foto_agreiter1\" ><\/div><\/div><\/figure><\/a><!--end av-masonry entry--><a href=\"https:\/\/art.kallmuenz.it\/wp-content\/uploads\/2018\/11\/kunstverein-kallmuenz_foto_agreiter2-1030x688.jpg\" data-srcset=\"https:\/\/art.kallmuenz.it\/wp-content\/uploads\/2018\/11\/kunstverein-kallmuenz_foto_agreiter2.jpg 1030w, https:\/\/art.kallmuenz.it\/wp-content\/uploads\/2018\/11\/kunstverein-kallmuenz_foto_agreiter2-300x200.jpg 300w, https:\/\/art.kallmuenz.it\/wp-content\/uploads\/2018\/11\/kunstverein-kallmuenz_foto_agreiter2-768x513.jpg 768w, https:\/\/art.kallmuenz.it\/wp-content\/uploads\/2018\/11\/kunstverein-kallmuenz_foto_agreiter2-705x471.jpg 705w, https:\/\/art.kallmuenz.it\/wp-content\/uploads\/2018\/11\/kunstverein-kallmuenz_foto_agreiter2-450x301.jpg 450w\" data-sizes=\"(max-width: 1030px) 100vw, 1030px\"  aria-label=\"image kunstverein-kallmuenz_foto_agreiter2\"  id='av-masonry-1-item-1134' data-av-masonry-item='1134' class='av-masonry-entry isotope-item post-1134 attachment type-attachment status-inherit hentry  av-masonry-item-with-image' title=\"kunstverein-kallmuenz_foto_agreiter2\" alt=\"\"    itemprop=\"thumbnailUrl\" ><div class='av-inner-masonry-sizer'><\/div><figure class='av-inner-masonry main_color'><div class=\"av-masonry-outerimage-container\"><div class='av-masonry-image-container' style=\"background-image: url(https:\/\/art.kallmuenz.it\/wp-content\/uploads\/2018\/11\/kunstverein-kallmuenz_foto_agreiter2-705x471.jpg);\"  title=\"kunstverein-kallmuenz_foto_agreiter2\" ><\/div><\/div><\/figure><\/a><!--end av-masonry entry--><a href=\"https:\/\/art.kallmuenz.it\/wp-content\/uploads\/2018\/11\/kunstverein-kallmuenz_foto_beltrami.jpg\" data-srcset=\"https:\/\/art.kallmuenz.it\/wp-content\/uploads\/2018\/11\/kunstverein-kallmuenz_foto_beltrami.jpg 687w, https:\/\/art.kallmuenz.it\/wp-content\/uploads\/2018\/11\/kunstverein-kallmuenz_foto_beltrami-80x80.jpg 80w, https:\/\/art.kallmuenz.it\/wp-content\/uploads\/2018\/11\/kunstverein-kallmuenz_foto_beltrami-300x300.jpg 300w, https:\/\/art.kallmuenz.it\/wp-content\/uploads\/2018\/11\/kunstverein-kallmuenz_foto_beltrami-36x36.jpg 36w, https:\/\/art.kallmuenz.it\/wp-content\/uploads\/2018\/11\/kunstverein-kallmuenz_foto_beltrami-180x180.jpg 180w, https:\/\/art.kallmuenz.it\/wp-content\/uploads\/2018\/11\/kunstverein-kallmuenz_foto_beltrami-120x120.jpg 120w, https:\/\/art.kallmuenz.it\/wp-content\/uploads\/2018\/11\/kunstverein-kallmuenz_foto_beltrami-450x450.jpg 450w\" data-sizes=\"(max-width: 687px) 100vw, 687px\"  aria-label=\"image kunstverein-kallmuenz_foto_beltrami\"  id='av-masonry-1-item-1136' data-av-masonry-item='1136' class='av-masonry-entry isotope-item post-1136 attachment type-attachment status-inherit hentry  av-masonry-item-with-image' title=\"kunstverein-kallmuenz_foto_beltrami\" alt=\"\"    itemprop=\"thumbnailUrl\" ><div class='av-inner-masonry-sizer'><\/div><figure class='av-inner-masonry main_color'><div class=\"av-masonry-outerimage-container\"><div class='av-masonry-image-container' style=\"background-image: url(https:\/\/art.kallmuenz.it\/wp-content\/uploads\/2018\/11\/kunstverein-kallmuenz_foto_beltrami.jpg);\"  title=\"kunstverein-kallmuenz_foto_beltrami\" ><\/div><\/div><\/figure><\/a><!--end av-masonry entry--><a href=\"https:\/\/art.kallmuenz.it\/wp-content\/uploads\/2018\/11\/kunstverein-kallmuenz_foto_bortolotti1-1030x690.jpg\" data-srcset=\"https:\/\/art.kallmuenz.it\/wp-content\/uploads\/2018\/11\/kunstverein-kallmuenz_foto_bortolotti1.jpg 1030w, https:\/\/art.kallmuenz.it\/wp-content\/uploads\/2018\/11\/kunstverein-kallmuenz_foto_bortolotti1-300x201.jpg 300w, https:\/\/art.kallmuenz.it\/wp-content\/uploads\/2018\/11\/kunstverein-kallmuenz_foto_bortolotti1-768x514.jpg 768w, https:\/\/art.kallmuenz.it\/wp-content\/uploads\/2018\/11\/kunstverein-kallmuenz_foto_bortolotti1-705x472.jpg 705w, https:\/\/art.kallmuenz.it\/wp-content\/uploads\/2018\/11\/kunstverein-kallmuenz_foto_bortolotti1-450x301.jpg 450w\" data-sizes=\"(max-width: 1030px) 100vw, 1030px\"  aria-label=\"image kunstverein-kallmuenz_foto_bortolotti1\"  id='av-masonry-1-item-1138' data-av-masonry-item='1138' class='av-masonry-entry isotope-item post-1138 attachment type-attachment status-inherit hentry  av-masonry-item-with-image' title=\"kunstverein-kallmuenz_foto_bortolotti1\" alt=\"\"    itemprop=\"thumbnailUrl\" ><div class='av-inner-masonry-sizer'><\/div><figure class='av-inner-masonry main_color'><div class=\"av-masonry-outerimage-container\"><div class='av-masonry-image-container' style=\"background-image: url(https:\/\/art.kallmuenz.it\/wp-content\/uploads\/2018\/11\/kunstverein-kallmuenz_foto_bortolotti1-705x472.jpg);\"  title=\"kunstverein-kallmuenz_foto_bortolotti1\" ><\/div><\/div><\/figure><\/a><!--end av-masonry entry--><a href=\"https:\/\/art.kallmuenz.it\/wp-content\/uploads\/2018\/11\/kunstverein-kallmuenz_foto_freestyle-1030x688.jpg\" data-srcset=\"https:\/\/art.kallmuenz.it\/wp-content\/uploads\/2018\/11\/kunstverein-kallmuenz_foto_freestyle.jpg 1030w, https:\/\/art.kallmuenz.it\/wp-content\/uploads\/2018\/11\/kunstverein-kallmuenz_foto_freestyle-300x200.jpg 300w, https:\/\/art.kallmuenz.it\/wp-content\/uploads\/2018\/11\/kunstverein-kallmuenz_foto_freestyle-768x513.jpg 768w, https:\/\/art.kallmuenz.it\/wp-content\/uploads\/2018\/11\/kunstverein-kallmuenz_foto_freestyle-705x471.jpg 705w, https:\/\/art.kallmuenz.it\/wp-content\/uploads\/2018\/11\/kunstverein-kallmuenz_foto_freestyle-450x301.jpg 450w\" data-sizes=\"(max-width: 1030px) 100vw, 1030px\"  aria-label=\"image kunstverein-kallmuenz_foto_freestyle\"  id='av-masonry-1-item-1140' data-av-masonry-item='1140' class='av-masonry-entry isotope-item post-1140 attachment type-attachment status-inherit hentry  av-masonry-item-with-image' title=\"kunstverein-kallmuenz_foto_freestyle\" alt=\"\"    itemprop=\"thumbnailUrl\" ><div class='av-inner-masonry-sizer'><\/div><figure class='av-inner-masonry main_color'><div class=\"av-masonry-outerimage-container\"><div class='av-masonry-image-container' style=\"background-image: url(https:\/\/art.kallmuenz.it\/wp-content\/uploads\/2018\/11\/kunstverein-kallmuenz_foto_freestyle-705x471.jpg);\"  title=\"kunstverein-kallmuenz_foto_freestyle\" ><\/div><\/div><\/figure><\/a><!--end av-masonry entry--><a href=\"https:\/\/art.kallmuenz.it\/wp-content\/uploads\/2018\/11\/kunstverein-kallmuenz_foto_gregormair2.jpg\" data-srcset=\"https:\/\/art.kallmuenz.it\/wp-content\/uploads\/2018\/11\/kunstverein-kallmuenz_foto_gregormair2.jpg 536w, https:\/\/art.kallmuenz.it\/wp-content\/uploads\/2018\/11\/kunstverein-kallmuenz_foto_gregormair2-234x300.jpg 234w, https:\/\/art.kallmuenz.it\/wp-content\/uploads\/2018\/11\/kunstverein-kallmuenz_foto_gregormair2-450x577.jpg 450w\" data-sizes=\"(max-width: 536px) 100vw, 536px\"  aria-label=\"image kunstverein-kallmuenz_foto_gregormair2\"  id='av-masonry-1-item-1142' data-av-masonry-item='1142' class='av-masonry-entry isotope-item post-1142 attachment type-attachment status-inherit hentry  av-masonry-item-with-image' title=\"kunstverein-kallmuenz_foto_gregormair2\" alt=\"\"    itemprop=\"thumbnailUrl\" ><div class='av-inner-masonry-sizer'><\/div><figure class='av-inner-masonry main_color'><div class=\"av-masonry-outerimage-container\"><div class='av-masonry-image-container' style=\"background-image: url(https:\/\/art.kallmuenz.it\/wp-content\/uploads\/2018\/11\/kunstverein-kallmuenz_foto_gregormair2.jpg);\"  title=\"kunstverein-kallmuenz_foto_gregormair2\" ><\/div><\/div><\/figure><\/a><!--end av-masonry entry--><a href=\"https:\/\/art.kallmuenz.it\/wp-content\/uploads\/2018\/11\/kunstverein-kallmuenz_foto_lohner-1030x687.jpg\" data-srcset=\"https:\/\/art.kallmuenz.it\/wp-content\/uploads\/2018\/11\/kunstverein-kallmuenz_foto_lohner.jpg 1030w, https:\/\/art.kallmuenz.it\/wp-content\/uploads\/2018\/11\/kunstverein-kallmuenz_foto_lohner-300x200.jpg 300w, https:\/\/art.kallmuenz.it\/wp-content\/uploads\/2018\/11\/kunstverein-kallmuenz_foto_lohner-768x512.jpg 768w, https:\/\/art.kallmuenz.it\/wp-content\/uploads\/2018\/11\/kunstverein-kallmuenz_foto_lohner-705x470.jpg 705w, https:\/\/art.kallmuenz.it\/wp-content\/uploads\/2018\/11\/kunstverein-kallmuenz_foto_lohner-450x300.jpg 450w\" data-sizes=\"(max-width: 1030px) 100vw, 1030px\"  aria-label=\"image kunstverein-kallmuenz_foto_lohner\"  id='av-masonry-1-item-1144' data-av-masonry-item='1144' class='av-masonry-entry isotope-item post-1144 attachment type-attachment status-inherit hentry  av-masonry-item-with-image' title=\"kunstverein-kallmuenz_foto_lohner\" alt=\"\"    itemprop=\"thumbnailUrl\" ><div class='av-inner-masonry-sizer'><\/div><figure class='av-inner-masonry main_color'><div class=\"av-masonry-outerimage-container\"><div class='av-masonry-image-container' style=\"background-image: url(https:\/\/art.kallmuenz.it\/wp-content\/uploads\/2018\/11\/kunstverein-kallmuenz_foto_lohner-705x470.jpg);\"  title=\"kunstverein-kallmuenz_foto_lohner\" ><\/div><\/div><\/figure><\/a><!--end av-masonry entry--><a href=\"https:\/\/art.kallmuenz.it\/wp-content\/uploads\/2018\/11\/kunstverein-kallmuenz_foto_mittendorfer.jpg\" data-srcset=\"https:\/\/art.kallmuenz.it\/wp-content\/uploads\/2018\/11\/kunstverein-kallmuenz_foto_mittendorfer.jpg 687w, https:\/\/art.kallmuenz.it\/wp-content\/uploads\/2018\/11\/kunstverein-kallmuenz_foto_mittendorfer-80x80.jpg 80w, https:\/\/art.kallmuenz.it\/wp-content\/uploads\/2018\/11\/kunstverein-kallmuenz_foto_mittendorfer-300x300.jpg 300w, https:\/\/art.kallmuenz.it\/wp-content\/uploads\/2018\/11\/kunstverein-kallmuenz_foto_mittendorfer-36x36.jpg 36w, https:\/\/art.kallmuenz.it\/wp-content\/uploads\/2018\/11\/kunstverein-kallmuenz_foto_mittendorfer-180x180.jpg 180w, https:\/\/art.kallmuenz.it\/wp-content\/uploads\/2018\/11\/kunstverein-kallmuenz_foto_mittendorfer-120x120.jpg 120w, https:\/\/art.kallmuenz.it\/wp-content\/uploads\/2018\/11\/kunstverein-kallmuenz_foto_mittendorfer-450x450.jpg 450w\" data-sizes=\"(max-width: 687px) 100vw, 687px\"  aria-label=\"image kunstverein-kallmuenz_foto_mittendorfer\"  id='av-masonry-1-item-1146' data-av-masonry-item='1146' class='av-masonry-entry isotope-item post-1146 attachment type-attachment status-inherit hentry  av-masonry-item-with-image' title=\"kunstverein-kallmuenz_foto_mittendorfer\" alt=\"\"    itemprop=\"thumbnailUrl\" ><div class='av-inner-masonry-sizer'><\/div><figure class='av-inner-masonry main_color'><div class=\"av-masonry-outerimage-container\"><div class='av-masonry-image-container' style=\"background-image: url(https:\/\/art.kallmuenz.it\/wp-content\/uploads\/2018\/11\/kunstverein-kallmuenz_foto_mittendorfer.jpg);\"  title=\"kunstverein-kallmuenz_foto_mittendorfer\" ><\/div><\/div><\/figure><\/a><!--end av-masonry entry--><a href=\"https:\/\/art.kallmuenz.it\/wp-content\/uploads\/2018\/11\/kunstverein-kallmuenz_foto_pobitzer-1001.jpg\" data-srcset=\"https:\/\/art.kallmuenz.it\/wp-content\/uploads\/2018\/11\/kunstverein-kallmuenz_foto_pobitzer-1001.jpg 687w, https:\/\/art.kallmuenz.it\/wp-content\/uploads\/2018\/11\/kunstverein-kallmuenz_foto_pobitzer-1001-80x80.jpg 80w, https:\/\/art.kallmuenz.it\/wp-content\/uploads\/2018\/11\/kunstverein-kallmuenz_foto_pobitzer-1001-300x300.jpg 300w, https:\/\/art.kallmuenz.it\/wp-content\/uploads\/2018\/11\/kunstverein-kallmuenz_foto_pobitzer-1001-36x36.jpg 36w, https:\/\/art.kallmuenz.it\/wp-content\/uploads\/2018\/11\/kunstverein-kallmuenz_foto_pobitzer-1001-180x180.jpg 180w, https:\/\/art.kallmuenz.it\/wp-content\/uploads\/2018\/11\/kunstverein-kallmuenz_foto_pobitzer-1001-120x120.jpg 120w, https:\/\/art.kallmuenz.it\/wp-content\/uploads\/2018\/11\/kunstverein-kallmuenz_foto_pobitzer-1001-450x450.jpg 450w\" data-sizes=\"(max-width: 687px) 100vw, 687px\"  aria-label=\"image kunstverein-kallmuenz_foto_pobitzer-1001\"  id='av-masonry-1-item-1148' data-av-masonry-item='1148' class='av-masonry-entry isotope-item post-1148 attachment type-attachment status-inherit hentry  av-masonry-item-with-image' title=\"kunstverein-kallmuenz_foto_pobitzer-1001\" alt=\"\"    itemprop=\"thumbnailUrl\" ><div class='av-inner-masonry-sizer'><\/div><figure class='av-inner-masonry main_color'><div class=\"av-masonry-outerimage-container\"><div class='av-masonry-image-container' style=\"background-image: url(https:\/\/art.kallmuenz.it\/wp-content\/uploads\/2018\/11\/kunstverein-kallmuenz_foto_pobitzer-1001.jpg);\"  title=\"kunstverein-kallmuenz_foto_pobitzer-1001\" ><\/div><\/div><\/figure><\/a><!--end av-masonry entry--><a href=\"https:\/\/art.kallmuenz.it\/wp-content\/uploads\/2018\/11\/kunstverein-kallmuenz_foto_thurin1_17-1030x687.jpg\" data-srcset=\"https:\/\/art.kallmuenz.it\/wp-content\/uploads\/2018\/11\/kunstverein-kallmuenz_foto_thurin1_17.jpg 1030w, https:\/\/art.kallmuenz.it\/wp-content\/uploads\/2018\/11\/kunstverein-kallmuenz_foto_thurin1_17-300x200.jpg 300w, https:\/\/art.kallmuenz.it\/wp-content\/uploads\/2018\/11\/kunstverein-kallmuenz_foto_thurin1_17-768x512.jpg 768w, https:\/\/art.kallmuenz.it\/wp-content\/uploads\/2018\/11\/kunstverein-kallmuenz_foto_thurin1_17-705x470.jpg 705w, https:\/\/art.kallmuenz.it\/wp-content\/uploads\/2018\/11\/kunstverein-kallmuenz_foto_thurin1_17-450x300.jpg 450w\" data-sizes=\"(max-width: 1030px) 100vw, 1030px\"  aria-label=\"image kunstverein-kallmuenz_foto_thurin1_17\"  id='av-masonry-1-item-1150' data-av-masonry-item='1150' class='av-masonry-entry isotope-item post-1150 attachment type-attachment status-inherit hentry  av-masonry-item-with-image' title=\"kunstverein-kallmuenz_foto_thurin1_17\" alt=\"\"    itemprop=\"thumbnailUrl\" ><div class='av-inner-masonry-sizer'><\/div><figure class='av-inner-masonry main_color'><div class=\"av-masonry-outerimage-container\"><div class='av-masonry-image-container' style=\"background-image: url(https:\/\/art.kallmuenz.it\/wp-content\/uploads\/2018\/11\/kunstverein-kallmuenz_foto_thurin1_17-705x470.jpg);\"  title=\"kunstverein-kallmuenz_foto_thurin1_17\" ><\/div><\/div><\/figure><\/a><!--end av-masonry entry--><a href=\"https:\/\/art.kallmuenz.it\/wp-content\/uploads\/2018\/11\/kunstverein-kallmuenz_Karte_kallmuenz-2018_RZ-1-1030x687.jpg\" data-srcset=\"https:\/\/art.kallmuenz.it\/wp-content\/uploads\/2018\/11\/kunstverein-kallmuenz_Karte_kallmuenz-2018_RZ-1.jpg 1030w, https:\/\/art.kallmuenz.it\/wp-content\/uploads\/2018\/11\/kunstverein-kallmuenz_Karte_kallmuenz-2018_RZ-1-300x200.jpg 300w, https:\/\/art.kallmuenz.it\/wp-content\/uploads\/2018\/11\/kunstverein-kallmuenz_Karte_kallmuenz-2018_RZ-1-768x512.jpg 768w, https:\/\/art.kallmuenz.it\/wp-content\/uploads\/2018\/11\/kunstverein-kallmuenz_Karte_kallmuenz-2018_RZ-1-705x470.jpg 705w, https:\/\/art.kallmuenz.it\/wp-content\/uploads\/2018\/11\/kunstverein-kallmuenz_Karte_kallmuenz-2018_RZ-1-450x300.jpg 450w\" data-sizes=\"(max-width: 1030px) 100vw, 1030px\"  aria-label=\"image kunstverein-kallmuenz_Karte_kallmuenz-2018_RZ-1\"  id='av-masonry-1-item-1128' data-av-masonry-item='1128' class='av-masonry-entry isotope-item post-1128 attachment type-attachment status-inherit hentry  av-masonry-item-with-image' title=\"kunstverein-kallmuenz_Karte_kallmuenz-2018_RZ-1\" alt=\"Mercatino di natale 2018\"    itemprop=\"thumbnailUrl\" ><div class='av-inner-masonry-sizer'><\/div><figure class='av-inner-masonry main_color'><div class=\"av-masonry-outerimage-container\"><div class='av-masonry-image-container' style=\"background-image: url(https:\/\/art.kallmuenz.it\/wp-content\/uploads\/2018\/11\/kunstverein-kallmuenz_Karte_kallmuenz-2018_RZ-1-705x470.jpg);\"  title=\"kunstverein-kallmuenz_Karte_kallmuenz-2018_RZ-1\" ><\/div><\/div><\/figure><\/a><!--end av-masonry entry--><\/div><\/div>\n\n<style type=\"text\/css\" data-created_by=\"avia_inline_auto\" id=\"style-css-av-of24g-becd249a7863f68768c0a72835dbe084\">\n.flex_column.av-of24g-becd249a7863f68768c0a72835dbe084{\nborder-radius:0px 0px 0px 0px;\npadding:0px 0px 0px 0px;\n}\n<\/style>\n<div  class='flex_column av-of24g-becd249a7863f68768c0a72835dbe084 av_one_third  avia-builder-el-12  el_after_av_masonry_gallery  el_before_av_one_third  avia-builder-el-first  first av-break-at-tablet flex_column_div av-hide-on-mobile av-zero-column-padding  '     ><\/div>\n\n<style type=\"text\/css\" data-created_by=\"avia_inline_auto\" id=\"style-css-av-nord4-34d9547689b9525ba71430af399b0431\">\n.flex_column.av-nord4-34d9547689b9525ba71430af399b0431{\nborder-radius:0px 0px 0px 0px;\npadding:0px 0px 0px 0px;\n}\n<\/style>\n<div  class='flex_column av-nord4-34d9547689b9525ba71430af399b0431 av_one_third  avia-builder-el-13  el_after_av_one_third  el_before_av_one_third  av-break-at-tablet flex_column_div av-zero-column-padding  '     ><div  class='avia-builder-widget-area clearfix  avia-builder-el-14  avia-builder-el-no-sibling '><div id=\"avia_mailchimp_widget-3\" class=\"widget clearfix avia-widget-container avia_mailchimp_widget avia_no_block_preview\"><div class=\"avia-preview-headline\">kallm\u00fcnz Mailchimp Newsletter Signup<\/div><div class=\"avia-preview-info\">Titolo: Newsletter<\/div><div class=\"avia-preview-info\">Mailchimp List: 94e96eb9df<\/div><div class=\"avia-preview-in-front\">Content is only rendered in frontend.<\/div><\/div><\/div><\/div>\n\n<style type=\"text\/css\" data-created_by=\"avia_inline_auto\" id=\"style-css-av-7gnl4-16a3bd3366d249ff40ab04ae364af58b\">\n.flex_column.av-7gnl4-16a3bd3366d249ff40ab04ae364af58b{\nborder-radius:0px 0px 0px 0px;\npadding:0px 0px 0px 0px;\n}\n<\/style>\n<div  class='flex_column av-7gnl4-16a3bd3366d249ff40ab04ae364af58b av_one_third  avia-builder-el-15  el_after_av_one_third  avia-builder-el-last  av-break-at-tablet flex_column_div av-hide-on-mobile av-zero-column-padding  '     ><\/div>\n","protected":false},"excerpt":{"rendered":"<p>7-9 dicembre 2018<br \/>\n14-16 dicembre 2018<\/p>\n","protected":false},"author":4021,"featured_media":1128,"comment_status":"closed","ping_status":"closed","sticky":false,"template":"","format":"standard","meta":{"footnotes":""},"categories":[41],"tags":[],"class_list":["post-1253","post","type-post","status-publish","format-standard","has-post-thumbnail","hentry","category-archivio"],"yoast_head":"<!-- This site is optimized with the Yoast SEO plugin v27.4 - https:\/\/yoast.com\/product\/yoast-seo-wordpress\/ -->\n<title>Mercatino di natale 2018 - Associazione Artistica Kallm\u00fcnz Merano<\/title>\n<meta name=\"description\" content=\"Mercatino di natale 2018 nel Castello Kallm\u00fcnz Merano: venerd\u00ec 7 - domenica 9.12.2018 \u2013 venerd\u00ec 14 - domenica 16.12.2018 - ore 11-20\" \/>\n<meta name=\"robots\" content=\"index, follow, max-snippet:-1, max-image-preview:large, max-video-preview:-1\" \/>\n<link rel=\"canonical\" href=\"https:\/\/art.kallmuenz.it\/it\/mercatino-di-natale-2018\/\" \/>\n<meta property=\"og:locale\" content=\"it_IT\" \/>\n<meta property=\"og:type\" content=\"article\" \/>\n<meta property=\"og:title\" content=\"Mercatino di natale 2018 - Associazione Artistica Kallm\u00fcnz Merano\" \/>\n<meta property=\"og:description\" content=\"Mercatino di natale 2018 nel Castello Kallm\u00fcnz Merano: venerd\u00ec 7 - domenica 9.12.2018 \u2013 venerd\u00ec 14 - domenica 16.12.2018 - ore 11-20\" \/>\n<meta property=\"og:url\" content=\"https:\/\/art.kallmuenz.it\/it\/mercatino-di-natale-2018\/\" \/>\n<meta property=\"og:site_name\" content=\"Associazione Artistica Kallm\u00fcnz Merano\" \/>\n<meta property=\"article:publisher\" content=\"https:\/\/www.facebook.com\/KunstvereinKallmuenz\" \/>\n<meta property=\"article:published_time\" content=\"2018-11-24T16:50:23+00:00\" \/>\n<meta property=\"article:modified_time\" content=\"2019-12-02T10:52:00+00:00\" \/>\n<meta property=\"og:image\" content=\"https:\/\/art.kallmuenz.it\/wp-content\/uploads\/2018\/11\/kunstverein-kallmuenz_Karte_kallmuenz-2018_RZ-1.jpg\" \/>\n\t<meta property=\"og:image:width\" content=\"1030\" \/>\n\t<meta property=\"og:image:height\" content=\"687\" \/>\n\t<meta property=\"og:image:type\" content=\"image\/jpeg\" \/>\n<meta name=\"author\" content=\"\u00a1\u00e0ndale!\" \/>\n<script type=\"application\/ld+json\" class=\"yoast-schema-graph\">{\"@context\":\"https:\\\/\\\/schema.org\",\"@graph\":[{\"@type\":\"Article\",\"@id\":\"https:\\\/\\\/art.kallmuenz.it\\\/it\\\/mercatino-di-natale-2018\\\/#article\",\"isPartOf\":{\"@id\":\"https:\\\/\\\/art.kallmuenz.it\\\/it\\\/mercatino-di-natale-2018\\\/\"},\"author\":{\"name\":\"\u00a1\u00e0ndale!\",\"@id\":\"https:\\\/\\\/art.kallmuenz.it\\\/it\\\/#\\\/schema\\\/person\\\/2d3f5172d1b1545c374946b94c2dfcd2\"},\"headline\":\"Mercatino di natale 2018\",\"datePublished\":\"2018-11-24T16:50:23+00:00\",\"dateModified\":\"2019-12-02T10:52:00+00:00\",\"mainEntityOfPage\":{\"@id\":\"https:\\\/\\\/art.kallmuenz.it\\\/it\\\/mercatino-di-natale-2018\\\/\"},\"wordCount\":770,\"publisher\":{\"@id\":\"https:\\\/\\\/art.kallmuenz.it\\\/it\\\/#organization\"},\"image\":{\"@id\":\"https:\\\/\\\/art.kallmuenz.it\\\/it\\\/mercatino-di-natale-2018\\\/#primaryimage\"},\"thumbnailUrl\":\"https:\\\/\\\/art.kallmuenz.it\\\/wp-content\\\/uploads\\\/2018\\\/11\\\/kunstverein-kallmuenz_Karte_kallmuenz-2018_RZ-1.jpg\",\"articleSection\":[\"Archivio\"],\"inLanguage\":\"it-IT\"},{\"@type\":\"WebPage\",\"@id\":\"https:\\\/\\\/art.kallmuenz.it\\\/it\\\/mercatino-di-natale-2018\\\/\",\"url\":\"https:\\\/\\\/art.kallmuenz.it\\\/it\\\/mercatino-di-natale-2018\\\/\",\"name\":\"Mercatino di natale 2018 - Associazione Artistica Kallm\u00fcnz Merano\",\"isPartOf\":{\"@id\":\"https:\\\/\\\/art.kallmuenz.it\\\/it\\\/#website\"},\"primaryImageOfPage\":{\"@id\":\"https:\\\/\\\/art.kallmuenz.it\\\/it\\\/mercatino-di-natale-2018\\\/#primaryimage\"},\"image\":{\"@id\":\"https:\\\/\\\/art.kallmuenz.it\\\/it\\\/mercatino-di-natale-2018\\\/#primaryimage\"},\"thumbnailUrl\":\"https:\\\/\\\/art.kallmuenz.it\\\/wp-content\\\/uploads\\\/2018\\\/11\\\/kunstverein-kallmuenz_Karte_kallmuenz-2018_RZ-1.jpg\",\"datePublished\":\"2018-11-24T16:50:23+00:00\",\"dateModified\":\"2019-12-02T10:52:00+00:00\",\"description\":\"Mercatino di natale 2018 nel Castello Kallm\u00fcnz Merano: venerd\u00ec 7 - domenica 9.12.2018 \u2013 venerd\u00ec 14 - domenica 16.12.2018 - ore 11-20\",\"breadcrumb\":{\"@id\":\"https:\\\/\\\/art.kallmuenz.it\\\/it\\\/mercatino-di-natale-2018\\\/#breadcrumb\"},\"inLanguage\":\"it-IT\",\"potentialAction\":[{\"@type\":\"ReadAction\",\"target\":[\"https:\\\/\\\/art.kallmuenz.it\\\/it\\\/mercatino-di-natale-2018\\\/\"]}]},{\"@type\":\"ImageObject\",\"inLanguage\":\"it-IT\",\"@id\":\"https:\\\/\\\/art.kallmuenz.it\\\/it\\\/mercatino-di-natale-2018\\\/#primaryimage\",\"url\":\"https:\\\/\\\/art.kallmuenz.it\\\/wp-content\\\/uploads\\\/2018\\\/11\\\/kunstverein-kallmuenz_Karte_kallmuenz-2018_RZ-1.jpg\",\"contentUrl\":\"https:\\\/\\\/art.kallmuenz.it\\\/wp-content\\\/uploads\\\/2018\\\/11\\\/kunstverein-kallmuenz_Karte_kallmuenz-2018_RZ-1.jpg\",\"width\":1030,\"height\":687,\"caption\":\"Mercatino di natale 2018\"},{\"@type\":\"BreadcrumbList\",\"@id\":\"https:\\\/\\\/art.kallmuenz.it\\\/it\\\/mercatino-di-natale-2018\\\/#breadcrumb\",\"itemListElement\":[{\"@type\":\"ListItem\",\"position\":1,\"name\":\"Startseite\",\"item\":\"https:\\\/\\\/art.kallmuenz.it\\\/it\\\/associazione-culturale-kallmuenz-merano\\\/\"},{\"@type\":\"ListItem\",\"position\":2,\"name\":\"Mercatino di natale 2018\"}]},{\"@type\":\"WebSite\",\"@id\":\"https:\\\/\\\/art.kallmuenz.it\\\/it\\\/#website\",\"url\":\"https:\\\/\\\/art.kallmuenz.it\\\/it\\\/\",\"name\":\"Associazione Artistica Kallm\u00fcnz Merano\",\"description\":\"Arte e cultura a Merano\",\"publisher\":{\"@id\":\"https:\\\/\\\/art.kallmuenz.it\\\/it\\\/#organization\"},\"potentialAction\":[{\"@type\":\"SearchAction\",\"target\":{\"@type\":\"EntryPoint\",\"urlTemplate\":\"https:\\\/\\\/art.kallmuenz.it\\\/it\\\/?s={search_term_string}\"},\"query-input\":{\"@type\":\"PropertyValueSpecification\",\"valueRequired\":true,\"valueName\":\"search_term_string\"}}],\"inLanguage\":\"it-IT\"},{\"@type\":\"Organization\",\"@id\":\"https:\\\/\\\/art.kallmuenz.it\\\/it\\\/#organization\",\"name\":\"Kunstverein Kallm\u00fcnz\",\"url\":\"https:\\\/\\\/art.kallmuenz.it\\\/it\\\/\",\"logo\":{\"@type\":\"ImageObject\",\"inLanguage\":\"it-IT\",\"@id\":\"https:\\\/\\\/art.kallmuenz.it\\\/it\\\/#\\\/schema\\\/logo\\\/image\\\/\",\"url\":\"https:\\\/\\\/art.kallmuenz.it\\\/wp-content\\\/uploads\\\/2017\\\/04\\\/kallmuenz_stempel-preloader.png\",\"contentUrl\":\"https:\\\/\\\/art.kallmuenz.it\\\/wp-content\\\/uploads\\\/2017\\\/04\\\/kallmuenz_stempel-preloader.png\",\"width\":200,\"height\":176,\"caption\":\"Kunstverein Kallm\u00fcnz\"},\"image\":{\"@id\":\"https:\\\/\\\/art.kallmuenz.it\\\/it\\\/#\\\/schema\\\/logo\\\/image\\\/\"},\"sameAs\":[\"https:\\\/\\\/www.facebook.com\\\/KunstvereinKallmuenz\"]},{\"@type\":\"Person\",\"@id\":\"https:\\\/\\\/art.kallmuenz.it\\\/it\\\/#\\\/schema\\\/person\\\/2d3f5172d1b1545c374946b94c2dfcd2\",\"name\":\"\u00a1\u00e0ndale!\",\"image\":{\"@type\":\"ImageObject\",\"inLanguage\":\"it-IT\",\"@id\":\"https:\\\/\\\/secure.gravatar.com\\\/avatar\\\/e5477d2c73186d58b209d577373d5cc4822796d664543a8983596def2306f7d9?s=96&d=mm&r=g\",\"url\":\"https:\\\/\\\/secure.gravatar.com\\\/avatar\\\/e5477d2c73186d58b209d577373d5cc4822796d664543a8983596def2306f7d9?s=96&d=mm&r=g\",\"contentUrl\":\"https:\\\/\\\/secure.gravatar.com\\\/avatar\\\/e5477d2c73186d58b209d577373d5cc4822796d664543a8983596def2306f7d9?s=96&d=mm&r=g\",\"caption\":\"\u00a1\u00e0ndale!\"}}]}<\/script>\n<!-- \/ Yoast SEO plugin. -->","yoast_head_json":{"title":"Mercatino di natale 2018 - Associazione Artistica Kallm\u00fcnz Merano","description":"Mercatino di natale 2018 nel Castello Kallm\u00fcnz Merano: venerd\u00ec 7 - domenica 9.12.2018 \u2013 venerd\u00ec 14 - domenica 16.12.2018 - ore 11-20","robots":{"index":"index","follow":"follow","max-snippet":"max-snippet:-1","max-image-preview":"max-image-preview:large","max-video-preview":"max-video-preview:-1"},"canonical":"https:\/\/art.kallmuenz.it\/it\/mercatino-di-natale-2018\/","og_locale":"it_IT","og_type":"article","og_title":"Mercatino di natale 2018 - Associazione Artistica Kallm\u00fcnz Merano","og_description":"Mercatino di natale 2018 nel Castello Kallm\u00fcnz Merano: venerd\u00ec 7 - domenica 9.12.2018 \u2013 venerd\u00ec 14 - domenica 16.12.2018 - ore 11-20","og_url":"https:\/\/art.kallmuenz.it\/it\/mercatino-di-natale-2018\/","og_site_name":"Associazione Artistica Kallm\u00fcnz Merano","article_publisher":"https:\/\/www.facebook.com\/KunstvereinKallmuenz","article_published_time":"2018-11-24T16:50:23+00:00","article_modified_time":"2019-12-02T10:52:00+00:00","og_image":[{"width":1030,"height":687,"url":"https:\/\/art.kallmuenz.it\/wp-content\/uploads\/2018\/11\/kunstverein-kallmuenz_Karte_kallmuenz-2018_RZ-1.jpg","type":"image\/jpeg"}],"author":"\u00a1\u00e0ndale!","schema":{"@context":"https:\/\/schema.org","@graph":[{"@type":"Article","@id":"https:\/\/art.kallmuenz.it\/it\/mercatino-di-natale-2018\/#article","isPartOf":{"@id":"https:\/\/art.kallmuenz.it\/it\/mercatino-di-natale-2018\/"},"author":{"name":"\u00a1\u00e0ndale!","@id":"https:\/\/art.kallmuenz.it\/it\/#\/schema\/person\/2d3f5172d1b1545c374946b94c2dfcd2"},"headline":"Mercatino di natale 2018","datePublished":"2018-11-24T16:50:23+00:00","dateModified":"2019-12-02T10:52:00+00:00","mainEntityOfPage":{"@id":"https:\/\/art.kallmuenz.it\/it\/mercatino-di-natale-2018\/"},"wordCount":770,"publisher":{"@id":"https:\/\/art.kallmuenz.it\/it\/#organization"},"image":{"@id":"https:\/\/art.kallmuenz.it\/it\/mercatino-di-natale-2018\/#primaryimage"},"thumbnailUrl":"https:\/\/art.kallmuenz.it\/wp-content\/uploads\/2018\/11\/kunstverein-kallmuenz_Karte_kallmuenz-2018_RZ-1.jpg","articleSection":["Archivio"],"inLanguage":"it-IT"},{"@type":"WebPage","@id":"https:\/\/art.kallmuenz.it\/it\/mercatino-di-natale-2018\/","url":"https:\/\/art.kallmuenz.it\/it\/mercatino-di-natale-2018\/","name":"Mercatino di natale 2018 - Associazione Artistica Kallm\u00fcnz Merano","isPartOf":{"@id":"https:\/\/art.kallmuenz.it\/it\/#website"},"primaryImageOfPage":{"@id":"https:\/\/art.kallmuenz.it\/it\/mercatino-di-natale-2018\/#primaryimage"},"image":{"@id":"https:\/\/art.kallmuenz.it\/it\/mercatino-di-natale-2018\/#primaryimage"},"thumbnailUrl":"https:\/\/art.kallmuenz.it\/wp-content\/uploads\/2018\/11\/kunstverein-kallmuenz_Karte_kallmuenz-2018_RZ-1.jpg","datePublished":"2018-11-24T16:50:23+00:00","dateModified":"2019-12-02T10:52:00+00:00","description":"Mercatino di natale 2018 nel Castello Kallm\u00fcnz Merano: venerd\u00ec 7 - domenica 9.12.2018 \u2013 venerd\u00ec 14 - domenica 16.12.2018 - ore 11-20","breadcrumb":{"@id":"https:\/\/art.kallmuenz.it\/it\/mercatino-di-natale-2018\/#breadcrumb"},"inLanguage":"it-IT","potentialAction":[{"@type":"ReadAction","target":["https:\/\/art.kallmuenz.it\/it\/mercatino-di-natale-2018\/"]}]},{"@type":"ImageObject","inLanguage":"it-IT","@id":"https:\/\/art.kallmuenz.it\/it\/mercatino-di-natale-2018\/#primaryimage","url":"https:\/\/art.kallmuenz.it\/wp-content\/uploads\/2018\/11\/kunstverein-kallmuenz_Karte_kallmuenz-2018_RZ-1.jpg","contentUrl":"https:\/\/art.kallmuenz.it\/wp-content\/uploads\/2018\/11\/kunstverein-kallmuenz_Karte_kallmuenz-2018_RZ-1.jpg","width":1030,"height":687,"caption":"Mercatino di natale 2018"},{"@type":"BreadcrumbList","@id":"https:\/\/art.kallmuenz.it\/it\/mercatino-di-natale-2018\/#breadcrumb","itemListElement":[{"@type":"ListItem","position":1,"name":"Startseite","item":"https:\/\/art.kallmuenz.it\/it\/associazione-culturale-kallmuenz-merano\/"},{"@type":"ListItem","position":2,"name":"Mercatino di natale 2018"}]},{"@type":"WebSite","@id":"https:\/\/art.kallmuenz.it\/it\/#website","url":"https:\/\/art.kallmuenz.it\/it\/","name":"Associazione Artistica Kallm\u00fcnz Merano","description":"Arte e cultura a Merano","publisher":{"@id":"https:\/\/art.kallmuenz.it\/it\/#organization"},"potentialAction":[{"@type":"SearchAction","target":{"@type":"EntryPoint","urlTemplate":"https:\/\/art.kallmuenz.it\/it\/?s={search_term_string}"},"query-input":{"@type":"PropertyValueSpecification","valueRequired":true,"valueName":"search_term_string"}}],"inLanguage":"it-IT"},{"@type":"Organization","@id":"https:\/\/art.kallmuenz.it\/it\/#organization","name":"Kunstverein Kallm\u00fcnz","url":"https:\/\/art.kallmuenz.it\/it\/","logo":{"@type":"ImageObject","inLanguage":"it-IT","@id":"https:\/\/art.kallmuenz.it\/it\/#\/schema\/logo\/image\/","url":"https:\/\/art.kallmuenz.it\/wp-content\/uploads\/2017\/04\/kallmuenz_stempel-preloader.png","contentUrl":"https:\/\/art.kallmuenz.it\/wp-content\/uploads\/2017\/04\/kallmuenz_stempel-preloader.png","width":200,"height":176,"caption":"Kunstverein Kallm\u00fcnz"},"image":{"@id":"https:\/\/art.kallmuenz.it\/it\/#\/schema\/logo\/image\/"},"sameAs":["https:\/\/www.facebook.com\/KunstvereinKallmuenz"]},{"@type":"Person","@id":"https:\/\/art.kallmuenz.it\/it\/#\/schema\/person\/2d3f5172d1b1545c374946b94c2dfcd2","name":"\u00a1\u00e0ndale!","image":{"@type":"ImageObject","inLanguage":"it-IT","@id":"https:\/\/secure.gravatar.com\/avatar\/e5477d2c73186d58b209d577373d5cc4822796d664543a8983596def2306f7d9?s=96&d=mm&r=g","url":"https:\/\/secure.gravatar.com\/avatar\/e5477d2c73186d58b209d577373d5cc4822796d664543a8983596def2306f7d9?s=96&d=mm&r=g","contentUrl":"https:\/\/secure.gravatar.com\/avatar\/e5477d2c73186d58b209d577373d5cc4822796d664543a8983596def2306f7d9?s=96&d=mm&r=g","caption":"\u00a1\u00e0ndale!"}}]}},"_links":{"self":[{"href":"https:\/\/art.kallmuenz.it\/it\/wp-json\/wp\/v2\/posts\/1253","targetHints":{"allow":["GET"]}}],"collection":[{"href":"https:\/\/art.kallmuenz.it\/it\/wp-json\/wp\/v2\/posts"}],"about":[{"href":"https:\/\/art.kallmuenz.it\/it\/wp-json\/wp\/v2\/types\/post"}],"author":[{"embeddable":true,"href":"https:\/\/art.kallmuenz.it\/it\/wp-json\/wp\/v2\/users\/4021"}],"replies":[{"embeddable":true,"href":"https:\/\/art.kallmuenz.it\/it\/wp-json\/wp\/v2\/comments?post=1253"}],"version-history":[{"count":0,"href":"https:\/\/art.kallmuenz.it\/it\/wp-json\/wp\/v2\/posts\/1253\/revisions"}],"wp:featuredmedia":[{"embeddable":true,"href":"https:\/\/art.kallmuenz.it\/it\/wp-json\/wp\/v2\/media\/1128"}],"wp:attachment":[{"href":"https:\/\/art.kallmuenz.it\/it\/wp-json\/wp\/v2\/media?parent=1253"}],"wp:term":[{"taxonomy":"category","embeddable":true,"href":"https:\/\/art.kallmuenz.it\/it\/wp-json\/wp\/v2\/categories?post=1253"},{"taxonomy":"post_tag","embeddable":true,"href":"https:\/\/art.kallmuenz.it\/it\/wp-json\/wp\/v2\/tags?post=1253"}],"curies":[{"name":"wp","href":"https:\/\/api.w.org\/{rel}","templated":true}]}}