{"id":1649,"date":"2019-05-08T11:18:40","date_gmt":"2019-05-08T09:18:40","guid":{"rendered":"https:\/\/art.kallmuenz.it\/kabarettgarten-kallmuenz-2019\/"},"modified":"2019-06-12T10:02:06","modified_gmt":"2019-06-12T08:02:06","slug":"kabarettgarten-kallmuenz-2019","status":"publish","type":"post","link":"https:\/\/art.kallmuenz.it\/it\/kabarettgarten-kallmuenz-2019\/","title":{"rendered":"Kabarettgarten Kallm\u00fcnz 2019"},"content":{"rendered":"\n<style type=\"text\/css\" data-created_by=\"avia_inline_auto\" id=\"style-css-av-66e4go-e9a2a72774392c0abe2f6f8e5d9648fa\">\n.flex_column.av-66e4go-e9a2a72774392c0abe2f6f8e5d9648fa{\nborder-radius:0px 0px 0px 0px;\npadding:0px 0px 0px 0px;\n}\n<\/style>\n<div  class='flex_column av-66e4go-e9a2a72774392c0abe2f6f8e5d9648fa av_one_fifth  avia-builder-el-0  el_before_av_three_fifth  avia-builder-el-first  first flex_column_div av-zero-column-padding  '     ><\/div>\n\n<style type=\"text\/css\" data-created_by=\"avia_inline_auto\" id=\"style-css-av-66e4go-12909938371b3aaa4d4d20df0101618e\">\n.flex_column.av-66e4go-12909938371b3aaa4d4d20df0101618e{\nborder-radius:0px 0px 0px 0px;\npadding:0px 0px 0px 0px;\n}\n<\/style>\n<div  class='flex_column av-66e4go-12909938371b3aaa4d4d20df0101618e av_three_fifth  avia-builder-el-1  el_after_av_one_fifth  el_before_av_one_fifth  flex_column_div av-zero-column-padding  '     ><style type=\"text\/css\" data-created_by=\"avia_inline_auto\" id=\"style-css-av-liq7s-7c3949e4d5cd51969ea2e161f0bc33be\">\n.avia-image-container.av-liq7s-7c3949e4d5cd51969ea2e161f0bc33be img.avia_image{\nbox-shadow:none;\n}\n.avia-image-container.av-liq7s-7c3949e4d5cd51969ea2e161f0bc33be .av-image-caption-overlay-center{\ncolor:#ffffff;\n}\n<\/style>\n<div  class='avia-image-container av-liq7s-7c3949e4d5cd51969ea2e161f0bc33be av-styling- av-img-linked avia_animated_image av-animated-when-visible-95 fade-in avia-align-center  avia-builder-el-2  avia-builder-el-no-sibling '   itemprop=\"image\" itemscope=\"itemscope\" itemtype=\"https:\/\/schema.org\/ImageObject\" ><div class=\"avia-image-container-inner\"><div class=\"avia-image-overlay-wrap\"><a href=\"https:\/\/art.kallmuenz.it\/wp-content\/uploads\/2017\/12\/kabarettgarten-kallmuenz-titel-1030x687.png\" data-srcset=\"https:\/\/art.kallmuenz.it\/wp-content\/uploads\/2017\/12\/kabarettgarten-kallmuenz-titel.png 1030w, https:\/\/art.kallmuenz.it\/wp-content\/uploads\/2017\/12\/kabarettgarten-kallmuenz-titel-300x200.png 300w, https:\/\/art.kallmuenz.it\/wp-content\/uploads\/2017\/12\/kabarettgarten-kallmuenz-titel-768x512.png 768w, https:\/\/art.kallmuenz.it\/wp-content\/uploads\/2017\/12\/kabarettgarten-kallmuenz-titel-705x470.png 705w, https:\/\/art.kallmuenz.it\/wp-content\/uploads\/2017\/12\/kabarettgarten-kallmuenz-titel-450x300.png 450w\" data-sizes=\"(max-width: 1030px) 100vw, 1030px\" class='avia_image '  aria-label='kabarettgarten-kallmuenz-titel'><img decoding=\"async\" fetchpriority=\"high\" class='wp-image-444 avia-img-lazy-loading-not-444 avia_image ' src=\"https:\/\/art.kallmuenz.it\/wp-content\/uploads\/2017\/12\/kabarettgarten-kallmuenz-titel.png\" alt='Kabarettgarten Kallm\u00fcnz 2018' title='kabarettgarten-kallmuenz-titel'  height=\"687\" width=\"1030\"  itemprop=\"thumbnailUrl\" srcset=\"https:\/\/art.kallmuenz.it\/wp-content\/uploads\/2017\/12\/kabarettgarten-kallmuenz-titel.png 1030w, https:\/\/art.kallmuenz.it\/wp-content\/uploads\/2017\/12\/kabarettgarten-kallmuenz-titel-300x200.png 300w, https:\/\/art.kallmuenz.it\/wp-content\/uploads\/2017\/12\/kabarettgarten-kallmuenz-titel-768x512.png 768w, https:\/\/art.kallmuenz.it\/wp-content\/uploads\/2017\/12\/kabarettgarten-kallmuenz-titel-705x470.png 705w, https:\/\/art.kallmuenz.it\/wp-content\/uploads\/2017\/12\/kabarettgarten-kallmuenz-titel-450x300.png 450w\" sizes=\"(max-width: 1030px) 100vw, 1030px\" \/><\/a><\/div><\/div><\/div><\/div>\n\n<style type=\"text\/css\" data-created_by=\"avia_inline_auto\" id=\"style-css-av-66e4go-12909938371b3aaa4d4d20df0101618e\">\n.flex_column.av-66e4go-12909938371b3aaa4d4d20df0101618e{\nborder-radius:0px 0px 0px 0px;\npadding:0px 0px 0px 0px;\n}\n<\/style>\n<div  class='flex_column av-66e4go-12909938371b3aaa4d4d20df0101618e av_one_fifth  avia-builder-el-3  el_after_av_three_fifth  el_before_av_hr  flex_column_div av-zero-column-padding  '     ><\/div>\n\n<style type=\"text\/css\" data-created_by=\"avia_inline_auto\" id=\"style-css-av-5r9s0g-86014b0e06021ec1e376ee6f1aab712e\">\n#top .hr.av-5r9s0g-86014b0e06021ec1e376ee6f1aab712e{\nmargin-top:30px;\nmargin-bottom:30px;\n}\n.hr.av-5r9s0g-86014b0e06021ec1e376ee6f1aab712e .hr-inner{\nwidth:50px;\nmax-width:45%;\n}\n.hr.av-5r9s0g-86014b0e06021ec1e376ee6f1aab712e .av-seperator-icon{\ncolor:#877143;\n}\n.hr.av-5r9s0g-86014b0e06021ec1e376ee6f1aab712e .av-seperator-icon.avia-svg-icon svg:first-child{\nfill:#877143;\nstroke:#877143;\n}\n<\/style>\n<div  class='hr av-5r9s0g-86014b0e06021ec1e376ee6f1aab712e hr-custom  avia-builder-el-4  el_after_av_one_fifth  el_before_av_textblock  hr-center hr-icon-yes'><span class='hr-inner inner-border-av-border-thin'><span class=\"hr-inner-style\"><\/span><\/span><span class='av-seperator-icon avia-iconfont avia-font-entypo-fontello' data-av_icon='\ue808' data-av_iconfont='entypo-fontello' ><\/span><span class='hr-inner inner-border-av-border-thin'><span class=\"hr-inner-style\"><\/span><\/span><\/div>\n<section  class='av_textblock_section av-5lrpm0-e40c99f81f273d86220d236e2498a3bf '   itemscope=\"itemscope\" itemtype=\"https:\/\/schema.org\/BlogPosting\" itemprop=\"blogPost\" ><div class='avia_textblock'  itemprop=\"text\" ><h3 style=\"text-align: center;\">Kultur im Schloss Kallm\u00fcnz<\/h3>\n<h1 style=\"text-align: center;\">KABARETTGARTEN<\/h1>\n<p>Aus der Taufe gehoben wurde der Kabarettgarten auf Schloss Kallm\u00fcnz im Jahr <strong>2010.\u00a0 Thomas Hochkofler<\/strong> und <strong>Lukas Lobis<\/strong> als \u201eTom, Lukas &amp; friends\u201c haben damals gemeinsam mit dem Kunstverein Kallm\u00fcnz und <strong>Markus Lobis<\/strong> aus Liebe zur leichten Unterhaltung ihre eigenen und zahlreiche andere Kabarett- und Kleinkunstprogramme auf die Sommerarenab\u00fchne gebracht.<\/p>\n<p>In- und ausl\u00e4ndische K\u00fcnstler haben den Kabarettgarten f\u00fcnf Jahre lang zu einem <strong>fixen Bestandteil im Sommerprogramm Merans<\/strong> gemacht.<\/p>\n<p><strong>2017<\/strong> startete der Kunstverein Kallm\u00fcnz mit einem ge\u00e4ndertem Erscheinungsbild. Mit verkleinerter B\u00fchne direkt an der Schlo\u00dffassade und etwa 160 Sitzpl\u00e4tzen. Auch 2019 gibt es wieder tolle Kabarettistische St\u00fccke im Schlossgarten zu sehen. Von Donnerstag bis Sonntag stehen 6 Vorstellungen auf dem Programm.<\/p>\n<p>Dazwischen kann man sich nat\u00fcrlich im Garten vergn\u00fcgen, ein Gl\u00e4schen Bier oder Wein trinken oder einen kleinen Imbiss zu sich nehmen.<\/p>\n<\/div><\/section>\n\n<style type=\"text\/css\" data-created_by=\"avia_inline_auto\" id=\"style-css-av-r8okg-00f904a9dded254107cc03079e2ce919\">\n.flex_column.av-r8okg-00f904a9dded254107cc03079e2ce919{\nborder-radius:0px 0px 0px 0px;\npadding:0px 0px 0px 0px;\n}\n<\/style>\n<div  class='flex_column av-r8okg-00f904a9dded254107cc03079e2ce919 av_one_fifth  avia-builder-el-6  el_after_av_textblock  el_before_av_three_fifth  first flex_column_div av-zero-column-padding  column-top-margin'     ><\/div>\n\n<style type=\"text\/css\" data-created_by=\"avia_inline_auto\" id=\"style-css-av-r8okg-009046d639ba43b7940fb81617eb0dc8\">\n.flex_column.av-r8okg-009046d639ba43b7940fb81617eb0dc8{\nborder-radius:0px 0px 0px 0px;\npadding:0px 0px 0px 0px;\n}\n<\/style>\n<div  class='flex_column av-r8okg-009046d639ba43b7940fb81617eb0dc8 av_three_fifth  avia-builder-el-7  el_after_av_one_fifth  el_before_av_one_fifth  flex_column_div av-zero-column-padding  column-top-margin'     ><style type=\"text\/css\" data-created_by=\"avia_inline_auto\" id=\"style-css-av-4v9rsg-c2cdb36b09f3c170d74fa11c46b6504e\">\n#top .av_textblock_section.av-4v9rsg-c2cdb36b09f3c170d74fa11c46b6504e .avia_textblock{\nfont-size:16px;\n}\n<\/style>\n<section  class='av_textblock_section av-4v9rsg-c2cdb36b09f3c170d74fa11c46b6504e '   itemscope=\"itemscope\" itemtype=\"https:\/\/schema.org\/BlogPosting\" itemprop=\"blogPost\" ><div class='avia_textblock'  itemprop=\"text\" ><p style=\"text-align: center;\"><span style=\"color: #993300;\">\u00a0 \u00a0 INFOS UND RESERVIERUNG<\/span><\/p>\n<\/div><\/section><br \/>\n\n<style type=\"text\/css\" data-created_by=\"avia_inline_auto\" id=\"style-css-av-4v9rsg-9278416055a9109498edd6fd1e1cf598\">\n#top .av_textblock_section.av-4v9rsg-9278416055a9109498edd6fd1e1cf598 .avia_textblock{\nfont-size:16px;\n}\n<\/style>\n<section  class='av_textblock_section av-4v9rsg-9278416055a9109498edd6fd1e1cf598 '   itemscope=\"itemscope\" itemtype=\"https:\/\/schema.org\/BlogPosting\" itemprop=\"blogPost\" ><div class='avia_textblock'  itemprop=\"text\" ><h3 style=\"text-align: center;\"><span style=\"color: #333333;\">Eintrittspreis: \u20ac 15,00<\/span><\/h3>\n<h3 style=\"text-align: center;\"><span style=\"color: #333333;\">Tel. +39 320 282 2459 &#8211;\u00a0<\/span><a href=\"mailto:events@kallmuenz.it\"><span style=\"color: #333333;\">events@kallmuenz.it<\/span><\/a><\/h3>\n<h3 style=\"text-align: center;\"><span style=\"color: #333333;\">Montag &#8211; Freitag 14-18 Uhr<\/span><\/h3>\n<\/div><\/section><br \/>\n<form action=\"https:\/\/art.kallmuenz.it\/it\/kabarettgarten-kallmuenz-2019\/\" method=\"post\" data-fields-with-error=\"Found errors in the following field(s):\" class=\"avia_ajax_form av-form-labels-hidden   avia-builder-el-10  el_after_av_textblock  avia-builder-el-last  av-custom-form-color av-dark-form \" data-avia-form-id=\"1\" data-avia-redirect='' ><fieldset><p class='  first_form  form_element form_element_half' id='element_avia_1_1'><label for=\"avia_1_1\">Name <abbr class=\"required\" title=\"richiesto\">*<\/abbr><\/label> <input name=\"avia_1_1\" class=\"text_input is_empty\" type=\"text\" id=\"avia_1_1\" value=\"\"  placeholder='Name*'\/><\/p><p class='  form_element form_element_half' id='element_avia_2_1'><label for=\"avia_2_1\">Nachname <abbr class=\"required\" title=\"richiesto\">*<\/abbr><\/label> <input name=\"avia_2_1\" class=\"text_input is_empty\" type=\"text\" id=\"avia_2_1\" value=\"\"  placeholder='Nachname*'\/><\/p><p class='  first_form  form_element form_element_half' id='element_avia_3_1'><label for=\"avia_3_1\">E-Mail <abbr class=\"required\" title=\"richiesto\">*<\/abbr><\/label> <input name=\"avia_3_1\" class=\"text_input is_email\" type=\"text\" id=\"avia_3_1\" value=\"\"  placeholder='E-Mail*'\/><\/p><p class='  form_element form_element_half' id='element_avia_4_1'><label for=\"avia_4_1\">Telefonnummer <abbr class=\"required\" title=\"richiesto\">*<\/abbr><\/label> <input name=\"avia_4_1\" class=\"text_input is_phone\" type=\"text\" id=\"avia_4_1\" value=\"\"  placeholder='Telefonnummer*'\/><\/p><p class='  first_form  form_element form_fullwidth' id='element_avia_5_1'><label for=\"avia_5_1\" class=\"textare_label hidden textare_label_avia_5_1\">Nachricht<\/label><textarea  placeholder='Nachricht' name=\"avia_5_1\" class=\"text_area \" cols=\"40\" rows=\"7\" id=\"avia_5_1\" ><\/textarea><\/p><p class='  first_form  form_element form_element_three_fourth' id='element_avia_6_1'><input  name=\"avia_6_1\" class=\"input_checkbox \" type=\"checkbox\" id=\"avia_6_1\" value=\"true\"\/><label class=\"input_checkbox_label\" for=\"avia_6_1\">DONNERSTAG, 20. JUNI 2019 \u2013 21.00 UHR<\/label><\/p><p class='  form_element form_element_fourth' id='element_avia_7_1'><label for=\"avia_7_1\">Anzahl Tickets<\/label> <input name=\"avia_7_1\" class=\"text_input \" type=\"text\" id=\"avia_7_1\" value=\"\"  placeholder='Anzahl Tickets'\/><\/p><p class='  first_form  form_element form_element_three_fourth' id='element_avia_8_1'><input  name=\"avia_8_1\" class=\"input_checkbox \" type=\"checkbox\" id=\"avia_8_1\" value=\"true\"\/><label class=\"input_checkbox_label\" for=\"avia_8_1\">FREITAG, 21. JUNI 2019 \u2013 21.00 UHR<\/label><\/p><p class='  form_element form_element_fourth' id='element_avia_9_1'><label for=\"avia_9_1\">Anzahl Tickets<\/label> <input name=\"avia_9_1\" class=\"text_input \" type=\"text\" id=\"avia_9_1\" value=\"\"  placeholder='Anzahl Tickets'\/><\/p><p class='  first_form  form_element form_element_three_fourth' id='element_avia_10_1'><input  name=\"avia_10_1\" class=\"input_checkbox \" type=\"checkbox\" id=\"avia_10_1\" value=\"true\"\/><label class=\"input_checkbox_label\" for=\"avia_10_1\">SAMSTAG, 22. JUNI 2019 \u2013 18.30 UHR<\/label><\/p><p class='  form_element form_element_fourth' id='element_avia_11_1'><label for=\"avia_11_1\">Anzahl Tickets<\/label> <input name=\"avia_11_1\" class=\"text_input \" type=\"text\" id=\"avia_11_1\" value=\"\"  placeholder='Anzahl Tickets'\/><\/p><p class='  first_form  form_element form_element_three_fourth' id='element_avia_12_1'><input  name=\"avia_12_1\" class=\"input_checkbox \" type=\"checkbox\" id=\"avia_12_1\" value=\"true\"\/><label class=\"input_checkbox_label\" for=\"avia_12_1\">SAMSTAG, 22. JUNI 2019 \u2013 21.00 UHR<\/label><\/p><p class='  form_element form_element_fourth' id='element_avia_13_1'><label for=\"avia_13_1\">Anzahl Tickets<\/label> <input name=\"avia_13_1\" class=\"text_input \" type=\"text\" id=\"avia_13_1\" value=\"\"  placeholder='Anzahl Tickets'\/><\/p><p class='  first_form  form_element form_element_three_fourth' id='element_avia_14_1'><input  name=\"avia_14_1\" class=\"input_checkbox \" type=\"checkbox\" id=\"avia_14_1\" value=\"true\"\/><label class=\"input_checkbox_label\" for=\"avia_14_1\">SONNTAG, 23. JUNI 2019 \u2013 18.30 UHR<\/label><\/p><p class='  form_element form_element_fourth' id='element_avia_15_1'><label for=\"avia_15_1\">Anzahl Tickets<\/label> <input name=\"avia_15_1\" class=\"text_input \" type=\"text\" id=\"avia_15_1\" value=\"\"  placeholder='Anzahl Tickets'\/><\/p><p class='  first_form  form_element form_element_three_fourth' id='element_avia_16_1'><input  name=\"avia_16_1\" class=\"input_checkbox \" type=\"checkbox\" id=\"avia_16_1\" value=\"true\"\/><label class=\"input_checkbox_label\" for=\"avia_16_1\">SONNTAG, 23. JUNI 2019 \u2013 21.00 UHR<\/label><\/p><p class='  form_element form_element_fourth' id='element_avia_17_1'><label for=\"avia_17_1\">Anzahl Tickets<\/label> <input name=\"avia_17_1\" class=\"text_input \" type=\"text\" id=\"avia_17_1\" value=\"\"  placeholder='Anzahl Tickets'\/><\/p><p class=\"hidden\"><input type=\"text\" name=\"avia_18_1\" class=\"hidden \" id=\"avia_18_1\" value=\"\" \/><\/p><p class=' av_form_privacy_check av_contact_privacy_check first_form  form_element form_fullwidth' id='element_avia_19_1'><input  name=\"avia_19_1\" class=\"input_checkbox is_empty\" type=\"checkbox\" id=\"avia_19_1\" value=\"true\"\/><label class=\"input_checkbox_label\" for=\"avia_19_1\">Ho letto e compreso <a href=\"https:\/\/art.kallmuenz.it\/it\/privacy-policy\/\" target=\"_blank\" rel=\"noopener\">l'informativa<\/a> in relazione al trattamento dei miei dati <abbr class=\"required\" title=\"richiesto\">*<\/abbr><\/label><\/p><p class=\"form_element \"><input type=\"hidden\" value=\"1\" name=\"avia_generated_form1\" \/><input type=\"submit\" value=\"reservieren\" class=\"button\"  data-sending-label=\"Invio\"\/><\/p><\/fieldset><\/form><div id=\"ajaxresponse_1\" class=\"ajaxresponse ajaxresponse_1 hidden\"><\/div><\/p><\/div>\n<style type=\"text\/css\" data-created_by=\"avia_inline_auto\" id=\"style-css-av-r8okg-009046d639ba43b7940fb81617eb0dc8\">\n.flex_column.av-r8okg-009046d639ba43b7940fb81617eb0dc8{\nborder-radius:0px 0px 0px 0px;\npadding:0px 0px 0px 0px;\n}\n<\/style>\n<div  class='flex_column av-r8okg-009046d639ba43b7940fb81617eb0dc8 av_one_fifth  avia-builder-el-11  el_after_av_three_fifth  el_before_av_layout_row  avia-builder-el-last  flex_column_div av-zero-column-padding  column-top-margin'     ><\/div><\/p>\n<\/div><\/div><\/div><!-- close content main div --><\/div><\/div><div id='av-layout-grid-1'  class='av-layout-grid-container av-5fya9c-9404840a951a9b989c68b9c3037a2e9f entry-content-wrapper main_color av-border-top-bottom av-flex-cells  avia-builder-el-12  el_after_av_one_fifth  el_before_av_layout_row  grid-row-not-first  container_wrap fullsize'  >\n\n<style type=\"text\/css\" data-created_by=\"avia_inline_auto\" id=\"style-css-av-56q8k0-d51dc0d91695c93d7809ab4ad3a080cb\">\n.flex_cell.av-56q8k0-d51dc0d91695c93d7809ab4ad3a080cb{\nvertical-align:top;\nheight:300px;\nmin-height:300px;\nbackground:url(https:\/\/art.kallmuenz.it\/wp-content\/uploads\/2019\/05\/kunstverein-kallmuenz_Die-Liebe-ist-eine-Wundertuete.jpg) 50% 0% no-repeat scroll ;\n}\n.responsive #top #wrap_all .flex_cell.av-56q8k0-d51dc0d91695c93d7809ab4ad3a080cb{\npadding:px px px px !important;\n}\n<\/style>\n<div class='flex_cell av-56q8k0-d51dc0d91695c93d7809ab4ad3a080cb av-gridrow-cell av_one_half no_margin  avia-builder-el-13  el_before_av_cell_one_half  avia-builder-el-first  content-align-top avia-full-stretch'  ><div class='flex_cell_inner'><\/div><\/div>\n<style type=\"text\/css\" data-created_by=\"avia_inline_auto\" id=\"style-css-av-510fls-64583507916fd93ff127532f225405a0\">\n.flex_cell.av-510fls-64583507916fd93ff127532f225405a0{\nvertical-align:top;\nheight:300px;\nmin-height:300px;\n}\n.responsive #top #wrap_all .flex_cell.av-510fls-64583507916fd93ff127532f225405a0{\npadding:30px 30px 30px 30px !important;\n}\n<\/style>\n<div class='flex_cell av-510fls-64583507916fd93ff127532f225405a0 av-gridrow-cell av_one_half no_margin  avia-builder-el-14  el_after_av_cell_one_half  avia-builder-el-last  content-align-top'  ><div class='flex_cell_inner'>\n<style type=\"text\/css\" data-created_by=\"avia_inline_auto\" id=\"style-css-av-4v9rsg-ffc71225c169f6f9f5796b40bd1bea62\">\n#top .av_textblock_section.av-4v9rsg-ffc71225c169f6f9f5796b40bd1bea62 .avia_textblock{\nfont-size:16px;\n}\n<\/style>\n<section  class='av_textblock_section av-4v9rsg-ffc71225c169f6f9f5796b40bd1bea62 '   itemscope=\"itemscope\" itemtype=\"https:\/\/schema.org\/BlogPosting\" itemprop=\"blogPost\" ><div class='avia_textblock'  itemprop=\"text\" ><h3 style=\"text-align: center;\"><\/h3>\n<h1 style=\"text-align: center;\">Die Liebe ist eine Wundert\u00fcte<\/h1>\n<h3 style=\"text-align: center;\">Donnerstag, 20. Juni 2019 &#8211; 21.00 Uhr<\/h3>\n<p style=\"text-align: center;\">Ein Beziehungskabarett von und mit Marion Gamper und Thomas Rizzoli<\/p>\n<p>Was ist die Liebe? Warum heiratet man? \u2026.und andere rhetorische Fragen. Die klassischen Klischees, \u00fcber den Unterschied zwischen Mann und Frau und die tausend R\u00e4tsel der Liebe- erz\u00e4hlt aus der Sichtweise zweier Alltagsmenschen.<\/p>\n<p>Dieses Beziehungskabarett m\u00f6chte dem Publikum auf humoristische Weise aufzeigen, wie man mit den Unterschiedlichkeiten des anderen umgehen kann, und dass genau die es sind, die das Leben unterhaltsam und spannend machen. Mit Sicherheit wird sich jeder und jede im Publikum in der einen oder anderen Situation wiederfinden und eventuell auch dabei ertappen, dass sie genau dieselben Verhaltensweisen anwenden.<\/p>\n<p>Aus der Wundert\u00fcte der Liebe ziehen wir die Fragen zu ihren Antworten.<\/p>\n<\/div><\/section>\n<\/div><\/div>\n<\/div>\n<div id='av-layout-grid-2'  class='av-layout-grid-container av-4s7axs-c8f5633383a38891f0d00df142809e11 entry-content-wrapper main_color av-border-top-bottom av-flex-cells  avia-builder-el-16  el_after_av_layout_row  el_before_av_layout_row  grid-row-not-first  container_wrap fullsize'  >\n\n<style type=\"text\/css\" data-created_by=\"avia_inline_auto\" id=\"style-css-av-4i14u8-8988100739d4c868ed9631a7778d79ca\">\n.flex_cell.av-4i14u8-8988100739d4c868ed9631a7778d79ca{\nvertical-align:middle;\nheight:300px;\nmin-height:300px;\n}\n.responsive #top #wrap_all .flex_cell.av-4i14u8-8988100739d4c868ed9631a7778d79ca{\npadding:30px 30px 30px 30px !important;\n}\n<\/style>\n<div class='flex_cell av-4i14u8-8988100739d4c868ed9631a7778d79ca av-gridrow-cell av_one_half no_margin  avia-builder-el-17  el_before_av_cell_one_half  avia-builder-el-first  content-align-middle avia-full-stretch'  ><div class='flex_cell_inner'><section  class='av_textblock_section av-4c0lbc-3a4aa23c8fd6281afe27056f4bcc9442 '   itemscope=\"itemscope\" itemtype=\"https:\/\/schema.org\/BlogPosting\" itemprop=\"blogPost\" ><div class='avia_textblock'  itemprop=\"text\" ><h3 style=\"text-align: center;\"><\/h3>\n<h1 style=\"text-align: center;\"><\/h1>\n<h1 style=\"text-align: center;\">Goethes Faust<\/h1>\n<h3 style=\"text-align: center;\">Freitag, 21. Juni 2019 &#8211; 21.00 Uhr<\/h3>\n<p style=\"text-align: center;\">Der Trag\u00f6die erster Teil mit Georg Kaser und Peter Schorn<br \/>\nRegie und Bearbeitung:\u00a0 Marc G\u00fcnther<\/p>\n<p>Burleske und Trag\u00f6die, Sex und Religion, Magie und Naturwissenschaft, freie Liebe und freies Denken, alles ist im Hauptwerk des gro\u00dfen Weimaraners aufs Engste verwoben, nie ganz entr\u00e4tselt und doch immer aufs Neue den Versuch wert.<\/p>\n<p>Georg Kaser und Peter Schorn n\u00e4hern sich dem Mysterium in dieser klug verdichteten, zeitgem\u00e4\u00df humorvollen Inszenierung auf ganz unverkrampfte Art: mit einfachen Mitteln verwandeln sie sich in \u201eh\u00f6llischem\u201c Tempo von Faust und Mephisto zu Gretchen und zum Famulus Wagner, vom suspekten Pudel und besorgten Bruder zur gewissenlosen Marthe, zu Meerkatern und Hexen&#8230; Und das ist erst ein Tr\u00f6pfchen Fegefeuer!<\/p>\n<\/div><\/section>\n<\/div><\/div>\n<style type=\"text\/css\" data-created_by=\"avia_inline_auto\" id=\"style-css-av-48ycy8-9b671b5256fc9622540e175e94cf801a\">\n.flex_cell.av-48ycy8-9b671b5256fc9622540e175e94cf801a{\nvertical-align:middle;\nheight:300px;\nmin-height:300px;\nbackground:url(https:\/\/art.kallmuenz.it\/wp-content\/uploads\/2019\/05\/kunstverein-kallmuenz_faust.jpg) 50% 50% no-repeat scroll ;\n}\n.responsive #top #wrap_all .flex_cell.av-48ycy8-9b671b5256fc9622540e175e94cf801a{\npadding:30px 30px 30px 30px !important;\n}\n<\/style>\n<div class='flex_cell av-48ycy8-9b671b5256fc9622540e175e94cf801a av-gridrow-cell av_one_half no_margin  avia-builder-el-19  el_after_av_cell_one_half  avia-builder-el-last  content-align-middle avia-full-stretch'  ><div class='flex_cell_inner'><\/div><\/div>\n<\/div>\n<div id='av-layout-grid-3'  class='av-layout-grid-container av-3zj72o-20ae86baecce85989272febd50025312 entry-content-wrapper main_color av-border-top-bottom av-flex-cells  avia-builder-el-20  el_after_av_layout_row  el_before_av_layout_row  grid-row-not-first  container_wrap fullsize'  >\n\n<style type=\"text\/css\" data-created_by=\"avia_inline_auto\" id=\"style-css-av-3xt61s-2a146ef714c2765e1563a8d519c76e2e\">\n.flex_cell.av-3xt61s-2a146ef714c2765e1563a8d519c76e2e{\nvertical-align:middle;\nheight:300px;\nmin-height:300px;\nbackground:url(https:\/\/art.kallmuenz.it\/wp-content\/uploads\/2019\/05\/kunstverein-kallmuenz_haie-kuesst-man-nicht.jpg) 50% 50% no-repeat scroll ;\n}\n.responsive #top #wrap_all .flex_cell.av-3xt61s-2a146ef714c2765e1563a8d519c76e2e{\npadding:30px 30px 30px 30px !important;\n}\n<\/style>\n<div class='flex_cell av-3xt61s-2a146ef714c2765e1563a8d519c76e2e av-gridrow-cell av_one_half no_margin  avia-builder-el-21  el_before_av_cell_one_half  avia-builder-el-first  content-align-middle avia-full-stretch'  ><div class='flex_cell_inner'><\/div><\/div>\n<style type=\"text\/css\" data-created_by=\"avia_inline_auto\" id=\"style-css-av-3psfrc-04e2dc327e836967eefbe029b6f90700\">\n.flex_cell.av-3psfrc-04e2dc327e836967eefbe029b6f90700{\nvertical-align:top;\nheight:300px;\nmin-height:300px;\n}\n.responsive #top #wrap_all .flex_cell.av-3psfrc-04e2dc327e836967eefbe029b6f90700{\npadding:30px 30px 30px 30px !important;\n}\n<\/style>\n<div class='flex_cell av-3psfrc-04e2dc327e836967eefbe029b6f90700 av-gridrow-cell av_one_half no_margin  avia-builder-el-22  el_after_av_cell_one_half  avia-builder-el-last  content-align-top'  ><div class='flex_cell_inner'><section  class='av_textblock_section av-3j4fbs-35d13c17e365ff24a594cc3a946cfc0a '   itemscope=\"itemscope\" itemtype=\"https:\/\/schema.org\/BlogPosting\" itemprop=\"blogPost\" ><div class='avia_textblock'  itemprop=\"text\" ><h3 style=\"text-align: center;\"><\/h3>\n<h1 style=\"text-align: center;\">Haie k\u00fcsst man nicht<\/h1>\n<h3 style=\"text-align: center;\">Samstag, 22. Juni 2019 &#8211; 18.30 Uhr<\/h3>\n<p style=\"text-align: center;\">Eine Kom\u00f6die von Stefanie Stroebele mit Carolin Wijffels<br \/>\nRegie: Olga Felber<\/p>\n<p>Eva Liebling ist Kinderg\u00e4rtnerin und sie ist gl\u00fccklich verliebt \u2013 in Martin. Und heute an ihrem Geburtstag wird ihr Martin einen Heiratsantrag machen. Doch \u2013 Katastrophe! Der Schweinehund knutscht im Keller mit Evas bester Freundin!<\/p>\n<p>Was kann Frau in einer solchen Situation noch tun? Kann sie \u00fcberhaupt noch etwas tun? Gibt es noch eine Zukunft f\u00fcr eine derart gedem\u00fctigte Frau? Mit leichter Hand und augenzwinkernd f\u00fchrt die Autorin ihre Eva durch alle Gem\u00fctslagen dieser Situation.<\/p>\n<\/div><\/section>\n<\/div><\/div>\n<\/div>\n<div id='av-layout-grid-4'  class='av-layout-grid-container av-3fxr8o-f14287129bb8e304588c54f5e34b8819 entry-content-wrapper main_color av-border-top-bottom av-flex-cells  avia-builder-el-24  el_after_av_layout_row  el_before_av_layout_row  grid-row-not-first  container_wrap fullsize'  >\n\n<style type=\"text\/css\" data-created_by=\"avia_inline_auto\" id=\"style-css-av-38pd0g-010a5f3796213cdfd4b54c47fc3b5081\">\n.flex_cell.av-38pd0g-010a5f3796213cdfd4b54c47fc3b5081{\nvertical-align:middle;\nheight:300px;\nmin-height:300px;\n}\n.responsive #top #wrap_all .flex_cell.av-38pd0g-010a5f3796213cdfd4b54c47fc3b5081{\npadding:30px 30px 30px 30px !important;\n}\n<\/style>\n<div class='flex_cell av-38pd0g-010a5f3796213cdfd4b54c47fc3b5081 av-gridrow-cell av_one_half no_margin  avia-builder-el-25  el_before_av_cell_one_half  avia-builder-el-first  content-align-middle avia-full-stretch'  ><div class='flex_cell_inner'><section  class='av_textblock_section av-34u8iw-4476ccf9df30fe9af67d29e66ea161dd '   itemscope=\"itemscope\" itemtype=\"https:\/\/schema.org\/BlogPosting\" itemprop=\"blogPost\" ><div class='avia_textblock'  itemprop=\"text\" ><h3 style=\"text-align: center;\"><\/h3>\n<h1 style=\"text-align: center;\">Best of&#8230;St\u00f6rsender<\/h1>\n<h3 style=\"text-align: center;\">Samstag, 22. Juni 2019 &#8211; 21.00 Uhr<\/h3>\n<p style=\"text-align: center;\">Ein satirischer (Nachrichtenr\u00fcck-)Blick auf das Welttheater von und mit Robert Asam<\/p>\n<p>Jeden Monat pr\u00e4sentiert Robert Asam im Meraner Ostwestclub unter dem Titel \u201eSt\u00f6rsender\u201c seinen satirischen Nachrichtenr\u00fcckblick in Wort und Bild. Das weltweite Volkstheater, das sich derzeit zwischen Washington, Wien und Welschnofen abspielt, bietet Stoff in H\u00fclle und F\u00fclle. \u201ebest of\u2026 St\u00f6rsender\u201c ist \u2013 wie schon der Name sagt \u2013 eine Zusammenfassung des Nachrichtengeschehens der vergangenen Monate einerseits und andererseits der Berichterstattung dar\u00fcber.<\/p>\n<p>Ob Brexit oder Bullshit, Radfahren in Unterhosen oder regionale Postenjagd, Klimaschutzdemos am Freitag oder doch besser am Samstagabend? Und w\u00e4re Salvini nicht doch der bessere Traumschiffkapit\u00e4n als Silbereisen? Fragen \u00fcber Fragen, aber eine steht \u00fcber allen: Wohin mit \u00d6tzi? Ohgottohgottohgott, wenn das nur gut geht!<\/p>\n<\/div><\/section>\n<\/div><\/div>\n<style type=\"text\/css\" data-created_by=\"avia_inline_auto\" id=\"style-css-av-2vifsg-4e0d5bea1f2435c95c2793f205a603d8\">\n.flex_cell.av-2vifsg-4e0d5bea1f2435c95c2793f205a603d8{\nvertical-align:middle;\nheight:300px;\nmin-height:300px;\nbackground:url(https:\/\/art.kallmuenz.it\/wp-content\/uploads\/2019\/05\/kunstverein-kallmuenz_stoersender.jpg) 50% 0% no-repeat scroll ;\n}\n.responsive #top #wrap_all .flex_cell.av-2vifsg-4e0d5bea1f2435c95c2793f205a603d8{\npadding:30px 30px 30px 30px !important;\n}\n<\/style>\n<div class='flex_cell av-2vifsg-4e0d5bea1f2435c95c2793f205a603d8 av-gridrow-cell av_one_half no_margin  avia-builder-el-27  el_after_av_cell_one_half  avia-builder-el-last  content-align-middle avia-full-stretch'  ><div class='flex_cell_inner'><\/div><\/div>\n<\/div>\n<div id='av-layout-grid-5'  class='av-layout-grid-container av-2owxmw-cd24e67967e4511ea6e7b902dc3ecf30 entry-content-wrapper main_color av-border-top-bottom av-flex-cells  avia-builder-el-28  el_after_av_layout_row  el_before_av_layout_row  grid-row-not-first  container_wrap fullsize'  >\n\n<style type=\"text\/css\" data-created_by=\"avia_inline_auto\" id=\"style-css-av-2jwkkw-bd5550c45322bcbf035124bc11fca226\">\n.flex_cell.av-2jwkkw-bd5550c45322bcbf035124bc11fca226{\nvertical-align:middle;\nheight:300px;\nmin-height:300px;\nbackground:url(https:\/\/art.kallmuenz.it\/wp-content\/uploads\/2019\/05\/kunstverein-kallmuenz_Jetzt-oder-nie.jpg) 50% 0% no-repeat scroll ;\n}\n.responsive #top #wrap_all .flex_cell.av-2jwkkw-bd5550c45322bcbf035124bc11fca226{\npadding:30px 30px 30px 30px !important;\n}\n<\/style>\n<div class='flex_cell av-2jwkkw-bd5550c45322bcbf035124bc11fca226 av-gridrow-cell av_one_half no_margin  avia-builder-el-29  el_before_av_cell_one_half  avia-builder-el-first  content-align-middle avia-full-stretch'  ><div class='flex_cell_inner'><\/div><\/div>\n<style type=\"text\/css\" data-created_by=\"avia_inline_auto\" id=\"style-css-av-2dnrzk-4e453b0c1c94729cbd67364041f48bff\">\n.flex_cell.av-2dnrzk-4e453b0c1c94729cbd67364041f48bff{\nvertical-align:top;\nheight:300px;\nmin-height:300px;\n}\n.responsive #top #wrap_all .flex_cell.av-2dnrzk-4e453b0c1c94729cbd67364041f48bff{\npadding:30px 30px 30px 30px !important;\n}\n<\/style>\n<div class='flex_cell av-2dnrzk-4e453b0c1c94729cbd67364041f48bff av-gridrow-cell av_one_half no_margin  avia-builder-el-30  el_after_av_cell_one_half  avia-builder-el-last  content-align-top'  ><div class='flex_cell_inner'><section  class='av_textblock_section av-28ikjs-2f7ef8179d0dc487fbb6fe0a15112da2 '   itemscope=\"itemscope\" itemtype=\"https:\/\/schema.org\/BlogPosting\" itemprop=\"blogPost\" ><div class='avia_textblock'  itemprop=\"text\" ><h3 style=\"text-align: center;\"><\/h3>\n<h1 style=\"text-align: center;\">Jetzt oder nie!<\/h1>\n<h3 style=\"text-align: center;\">Sonntag, 23. Juni 2019 &#8211; 18.30 Uhr<\/h3>\n<p style=\"text-align: center;\">Ein kom\u00f6diantisches Konzert am Klavier im Kabarettgarten Kallm\u00fcnz \u00fcber Kinder, K\u00fcche, Kirche, Kochb\u00fccher, Katastrophen und viele weitere Komponenten&#8230;<\/p>\n<p style=\"text-align: center;\">von und mit Doris Warasin<\/p>\n<p>Die Musicaldarstellerin Doris Warasin kann singen, tanzen und schauspielen. Der neueste Floh in ihrem Ohr sind ihre eigenen Songs, die sich in den letzten Jahren zusammen gebraut haben. Da sich kein Musiker f\u00fcr jahrelange Proben finden konnte, muss sie sich jetzt selbst am Klavier begleiten. F\u00fcr die latent \u00fcberforderte Mutter von zwei wunderbaren Kindern ist das aber kein Problem- sie bringt ihr Babyphon einfach zu jedem Konzert mit und hat damit via \u201eFernwartung\u201c alles im Griff.<\/p>\n<p>Dieses Soloprogramm ist ihr Deb\u00fct als Liedermacherin und ist allen Frauen dieser Welt gewidmet, die den oben genannten Wahnsinn vor oder hinter sich haben, mitten drin stecken oder noch davon tr\u00e4umen.<\/p>\n<\/div><\/section>\n<\/div><\/div>\n<\/div>\n<div id='av-layout-grid-6'  class='av-layout-grid-container av-206e80-2d0becd07861483ba57207e0fe11a103 entry-content-wrapper main_color av-border-top-bottom av-flex-cells  avia-builder-el-32  el_after_av_layout_row  avia-builder-el-last  grid-row-not-first  container_wrap fullsize'  >\n\n<style type=\"text\/css\" data-created_by=\"avia_inline_auto\" id=\"style-css-av-6q328-ccbed124877e03199dd7613b72df6b69\">\n.flex_cell.av-6q328-ccbed124877e03199dd7613b72df6b69{\nvertical-align:middle;\nheight:300px;\nmin-height:300px;\n}\n.responsive #top #wrap_all .flex_cell.av-6q328-ccbed124877e03199dd7613b72df6b69{\npadding:30px 30px 30px 30px !important;\n}\n<\/style>\n<div class='flex_cell av-6q328-ccbed124877e03199dd7613b72df6b69 av-gridrow-cell av_one_half no_margin  avia-builder-el-33  el_before_av_cell_one_half  avia-builder-el-first  content-align-middle avia-full-stretch'  ><div class='flex_cell_inner'><section  class='av_textblock_section av-1tcq34-355fb974bb8c86462b5bd32880bacfdc '   itemscope=\"itemscope\" itemtype=\"https:\/\/schema.org\/BlogPosting\" itemprop=\"blogPost\" ><div class='avia_textblock'  itemprop=\"text\" ><h3 style=\"text-align: center;\"><\/h3>\n<h1 style=\"text-align: center;\">Giraffenland<\/h1>\n<h3 style=\"text-align: center;\">Sonntag, 23. Juni 2019 &#8211; 21.00 Uhr<\/h3>\n<h3 style=\"text-align: center;\"><\/h3>\n<p style=\"text-align: center;\">von und mit Johannes Schmid<br \/>\nMusik: Daniel \u201eD\u00e4nz\u201c Clemente<\/p>\n<p>In seinem Debut-Kabarett entf\u00fchrt Sie Johannes Schmid in die fantastische Welt des Giraffenlandes.<\/p>\n<p>Kommen Sie mit auf eine Reise, in der nichts so ist wie es scheint\u2026 au\u00dfer der Sonne\u2026Eine Geschichte von einem Traum der Spiegelwelt unserer Realit\u00e4t, \u00fcber Feindschaft, Freundschaft und den Osterhasen. Musikalisch umrahmt von Daniel (D\u00e4nz) Clemente, schlittern Sie durch die \u201eUtopographie\u201c dieser sagenumwobenen Welt und l\u00fcften das Geheimnis der wundersamen Heilkraft eines roten Schweins.<\/p>\n<\/div><\/section>\n<\/div><\/div>\n<style type=\"text\/css\" data-created_by=\"avia_inline_auto\" id=\"style-css-av-1ly6eo-c1883d208ef7937cc3fe0cb0d8616e60\">\n.flex_cell.av-1ly6eo-c1883d208ef7937cc3fe0cb0d8616e60{\nvertical-align:middle;\nheight:300px;\nmin-height:300px;\nbackground:url(https:\/\/art.kallmuenz.it\/wp-content\/uploads\/2019\/05\/kunstverein-kallmuenz_giraffenland.jpg) 50% 0% no-repeat scroll ;\n}\n.responsive #top #wrap_all .flex_cell.av-1ly6eo-c1883d208ef7937cc3fe0cb0d8616e60{\npadding:30px 30px 30px 30px !important;\n}\n<\/style>\n<div class='flex_cell av-1ly6eo-c1883d208ef7937cc3fe0cb0d8616e60 av-gridrow-cell av_one_half no_margin  avia-builder-el-35  el_after_av_cell_one_half  avia-builder-el-last  content-align-middle avia-full-stretch'  ><div class='flex_cell_inner'><\/div><\/div>\n<\/div>\n","protected":false},"excerpt":{"rendered":"<p>20.-23. Juni 2019<\/p>\n","protected":false},"author":4021,"featured_media":444,"comment_status":"closed","ping_status":"closed","sticky":false,"template":"","format":"standard","meta":{"footnotes":""},"categories":[41],"tags":[],"class_list":["post-1649","post","type-post","status-publish","format-standard","has-post-thumbnail","hentry","category-archivio"],"yoast_head":"<!-- This site is optimized with the Yoast SEO plugin v27.5 - https:\/\/yoast.com\/product\/yoast-seo-wordpress\/ -->\n<title>Kabarettgarten Kallm\u00fcnz 2019 - Associazione Artistica Kallm\u00fcnz Merano<\/title>\n<meta name=\"description\" content=\"Kabarettgarten Kallm\u00fcnz 2019: Die Liebe ist eine Wundert\u00fcte - Goethes Faust - Haie k\u00fcsst man nicht - Best of...St\u00f6rsender - Jetzt oder nie!\" \/>\n<meta name=\"robots\" content=\"index, follow, max-snippet:-1, max-image-preview:large, max-video-preview:-1\" \/>\n<link rel=\"canonical\" href=\"https:\/\/art.kallmuenz.it\/it\/kabarettgarten-kallmuenz-2019\/\" \/>\n<meta property=\"og:locale\" content=\"it_IT\" \/>\n<meta property=\"og:type\" content=\"article\" \/>\n<meta property=\"og:title\" content=\"Kabarettgarten Kallm\u00fcnz 2019 - Associazione Artistica Kallm\u00fcnz Merano\" \/>\n<meta property=\"og:description\" content=\"Kabarettgarten Kallm\u00fcnz 2019: Die Liebe ist eine Wundert\u00fcte - Goethes Faust - Haie k\u00fcsst man nicht - Best of...St\u00f6rsender - Jetzt oder nie!\" \/>\n<meta property=\"og:url\" content=\"https:\/\/art.kallmuenz.it\/it\/kabarettgarten-kallmuenz-2019\/\" \/>\n<meta property=\"og:site_name\" content=\"Associazione Artistica Kallm\u00fcnz Merano\" \/>\n<meta property=\"article:publisher\" content=\"https:\/\/www.facebook.com\/KunstvereinKallmuenz\" \/>\n<meta property=\"article:published_time\" content=\"2019-05-08T09:18:40+00:00\" \/>\n<meta property=\"article:modified_time\" content=\"2019-06-12T08:02:06+00:00\" \/>\n<meta property=\"og:image\" content=\"https:\/\/art.kallmuenz.it\/wp-content\/uploads\/2017\/12\/kabarettgarten-kallmuenz-titel.png\" \/>\n\t<meta property=\"og:image:width\" content=\"1030\" \/>\n\t<meta property=\"og:image:height\" content=\"687\" \/>\n\t<meta property=\"og:image:type\" content=\"image\/png\" \/>\n<meta name=\"author\" content=\"\u00a1\u00e0ndale!\" \/>\n<script type=\"application\/ld+json\" class=\"yoast-schema-graph\">{\"@context\":\"https:\\\/\\\/schema.org\",\"@graph\":[{\"@type\":\"Article\",\"@id\":\"https:\\\/\\\/art.kallmuenz.it\\\/it\\\/kabarettgarten-kallmuenz-2019\\\/#article\",\"isPartOf\":{\"@id\":\"https:\\\/\\\/art.kallmuenz.it\\\/it\\\/kabarettgarten-kallmuenz-2019\\\/\"},\"author\":{\"name\":\"\u00a1\u00e0ndale!\",\"@id\":\"https:\\\/\\\/art.kallmuenz.it\\\/it\\\/#\\\/schema\\\/person\\\/2d3f5172d1b1545c374946b94c2dfcd2\"},\"headline\":\"Kabarettgarten Kallm\u00fcnz 2019\",\"datePublished\":\"2019-05-08T09:18:40+00:00\",\"dateModified\":\"2019-06-12T08:02:06+00:00\",\"mainEntityOfPage\":{\"@id\":\"https:\\\/\\\/art.kallmuenz.it\\\/it\\\/kabarettgarten-kallmuenz-2019\\\/\"},\"wordCount\":2724,\"publisher\":{\"@id\":\"https:\\\/\\\/art.kallmuenz.it\\\/it\\\/#organization\"},\"image\":{\"@id\":\"https:\\\/\\\/art.kallmuenz.it\\\/it\\\/kabarettgarten-kallmuenz-2019\\\/#primaryimage\"},\"thumbnailUrl\":\"https:\\\/\\\/art.kallmuenz.it\\\/wp-content\\\/uploads\\\/2017\\\/12\\\/kabarettgarten-kallmuenz-titel.png\",\"articleSection\":[\"Archivio\"],\"inLanguage\":\"it-IT\"},{\"@type\":\"WebPage\",\"@id\":\"https:\\\/\\\/art.kallmuenz.it\\\/it\\\/kabarettgarten-kallmuenz-2019\\\/\",\"url\":\"https:\\\/\\\/art.kallmuenz.it\\\/it\\\/kabarettgarten-kallmuenz-2019\\\/\",\"name\":\"Kabarettgarten Kallm\u00fcnz 2019 - Associazione Artistica Kallm\u00fcnz Merano\",\"isPartOf\":{\"@id\":\"https:\\\/\\\/art.kallmuenz.it\\\/it\\\/#website\"},\"primaryImageOfPage\":{\"@id\":\"https:\\\/\\\/art.kallmuenz.it\\\/it\\\/kabarettgarten-kallmuenz-2019\\\/#primaryimage\"},\"image\":{\"@id\":\"https:\\\/\\\/art.kallmuenz.it\\\/it\\\/kabarettgarten-kallmuenz-2019\\\/#primaryimage\"},\"thumbnailUrl\":\"https:\\\/\\\/art.kallmuenz.it\\\/wp-content\\\/uploads\\\/2017\\\/12\\\/kabarettgarten-kallmuenz-titel.png\",\"datePublished\":\"2019-05-08T09:18:40+00:00\",\"dateModified\":\"2019-06-12T08:02:06+00:00\",\"description\":\"Kabarettgarten Kallm\u00fcnz 2019: Die Liebe ist eine Wundert\u00fcte - Goethes Faust - Haie k\u00fcsst man nicht - Best of...St\u00f6rsender - Jetzt oder nie!\",\"breadcrumb\":{\"@id\":\"https:\\\/\\\/art.kallmuenz.it\\\/it\\\/kabarettgarten-kallmuenz-2019\\\/#breadcrumb\"},\"inLanguage\":\"it-IT\",\"potentialAction\":[{\"@type\":\"ReadAction\",\"target\":[\"https:\\\/\\\/art.kallmuenz.it\\\/it\\\/kabarettgarten-kallmuenz-2019\\\/\"]}]},{\"@type\":\"ImageObject\",\"inLanguage\":\"it-IT\",\"@id\":\"https:\\\/\\\/art.kallmuenz.it\\\/it\\\/kabarettgarten-kallmuenz-2019\\\/#primaryimage\",\"url\":\"https:\\\/\\\/art.kallmuenz.it\\\/wp-content\\\/uploads\\\/2017\\\/12\\\/kabarettgarten-kallmuenz-titel.png\",\"contentUrl\":\"https:\\\/\\\/art.kallmuenz.it\\\/wp-content\\\/uploads\\\/2017\\\/12\\\/kabarettgarten-kallmuenz-titel.png\",\"width\":1030,\"height\":687,\"caption\":\"Kabarettgarten Kallm\u00fcnz 2018\"},{\"@type\":\"BreadcrumbList\",\"@id\":\"https:\\\/\\\/art.kallmuenz.it\\\/it\\\/kabarettgarten-kallmuenz-2019\\\/#breadcrumb\",\"itemListElement\":[{\"@type\":\"ListItem\",\"position\":1,\"name\":\"Startseite\",\"item\":\"https:\\\/\\\/art.kallmuenz.it\\\/it\\\/associazione-culturale-kallmuenz-merano\\\/\"},{\"@type\":\"ListItem\",\"position\":2,\"name\":\"Kabarettgarten Kallm\u00fcnz 2019\"}]},{\"@type\":\"WebSite\",\"@id\":\"https:\\\/\\\/art.kallmuenz.it\\\/it\\\/#website\",\"url\":\"https:\\\/\\\/art.kallmuenz.it\\\/it\\\/\",\"name\":\"Associazione Artistica Kallm\u00fcnz Merano\",\"description\":\"Arte e cultura a Merano\",\"publisher\":{\"@id\":\"https:\\\/\\\/art.kallmuenz.it\\\/it\\\/#organization\"},\"potentialAction\":[{\"@type\":\"SearchAction\",\"target\":{\"@type\":\"EntryPoint\",\"urlTemplate\":\"https:\\\/\\\/art.kallmuenz.it\\\/it\\\/?s={search_term_string}\"},\"query-input\":{\"@type\":\"PropertyValueSpecification\",\"valueRequired\":true,\"valueName\":\"search_term_string\"}}],\"inLanguage\":\"it-IT\"},{\"@type\":\"Organization\",\"@id\":\"https:\\\/\\\/art.kallmuenz.it\\\/it\\\/#organization\",\"name\":\"Kunstverein Kallm\u00fcnz\",\"url\":\"https:\\\/\\\/art.kallmuenz.it\\\/it\\\/\",\"logo\":{\"@type\":\"ImageObject\",\"inLanguage\":\"it-IT\",\"@id\":\"https:\\\/\\\/art.kallmuenz.it\\\/it\\\/#\\\/schema\\\/logo\\\/image\\\/\",\"url\":\"https:\\\/\\\/art.kallmuenz.it\\\/wp-content\\\/uploads\\\/2017\\\/04\\\/kallmuenz_stempel-preloader.png\",\"contentUrl\":\"https:\\\/\\\/art.kallmuenz.it\\\/wp-content\\\/uploads\\\/2017\\\/04\\\/kallmuenz_stempel-preloader.png\",\"width\":200,\"height\":176,\"caption\":\"Kunstverein Kallm\u00fcnz\"},\"image\":{\"@id\":\"https:\\\/\\\/art.kallmuenz.it\\\/it\\\/#\\\/schema\\\/logo\\\/image\\\/\"},\"sameAs\":[\"https:\\\/\\\/www.facebook.com\\\/KunstvereinKallmuenz\"]},{\"@type\":\"Person\",\"@id\":\"https:\\\/\\\/art.kallmuenz.it\\\/it\\\/#\\\/schema\\\/person\\\/2d3f5172d1b1545c374946b94c2dfcd2\",\"name\":\"\u00a1\u00e0ndale!\",\"image\":{\"@type\":\"ImageObject\",\"inLanguage\":\"it-IT\",\"@id\":\"https:\\\/\\\/secure.gravatar.com\\\/avatar\\\/e5477d2c73186d58b209d577373d5cc4822796d664543a8983596def2306f7d9?s=96&d=mm&r=g\",\"url\":\"https:\\\/\\\/secure.gravatar.com\\\/avatar\\\/e5477d2c73186d58b209d577373d5cc4822796d664543a8983596def2306f7d9?s=96&d=mm&r=g\",\"contentUrl\":\"https:\\\/\\\/secure.gravatar.com\\\/avatar\\\/e5477d2c73186d58b209d577373d5cc4822796d664543a8983596def2306f7d9?s=96&d=mm&r=g\",\"caption\":\"\u00a1\u00e0ndale!\"}}]}<\/script>\n<!-- \/ Yoast SEO plugin. -->","yoast_head_json":{"title":"Kabarettgarten Kallm\u00fcnz 2019 - Associazione Artistica Kallm\u00fcnz Merano","description":"Kabarettgarten Kallm\u00fcnz 2019: Die Liebe ist eine Wundert\u00fcte - Goethes Faust - Haie k\u00fcsst man nicht - Best of...St\u00f6rsender - Jetzt oder nie!","robots":{"index":"index","follow":"follow","max-snippet":"max-snippet:-1","max-image-preview":"max-image-preview:large","max-video-preview":"max-video-preview:-1"},"canonical":"https:\/\/art.kallmuenz.it\/it\/kabarettgarten-kallmuenz-2019\/","og_locale":"it_IT","og_type":"article","og_title":"Kabarettgarten Kallm\u00fcnz 2019 - Associazione Artistica Kallm\u00fcnz Merano","og_description":"Kabarettgarten Kallm\u00fcnz 2019: Die Liebe ist eine Wundert\u00fcte - Goethes Faust - Haie k\u00fcsst man nicht - Best of...St\u00f6rsender - Jetzt oder nie!","og_url":"https:\/\/art.kallmuenz.it\/it\/kabarettgarten-kallmuenz-2019\/","og_site_name":"Associazione Artistica Kallm\u00fcnz Merano","article_publisher":"https:\/\/www.facebook.com\/KunstvereinKallmuenz","article_published_time":"2019-05-08T09:18:40+00:00","article_modified_time":"2019-06-12T08:02:06+00:00","og_image":[{"width":1030,"height":687,"url":"https:\/\/art.kallmuenz.it\/wp-content\/uploads\/2017\/12\/kabarettgarten-kallmuenz-titel.png","type":"image\/png"}],"author":"\u00a1\u00e0ndale!","schema":{"@context":"https:\/\/schema.org","@graph":[{"@type":"Article","@id":"https:\/\/art.kallmuenz.it\/it\/kabarettgarten-kallmuenz-2019\/#article","isPartOf":{"@id":"https:\/\/art.kallmuenz.it\/it\/kabarettgarten-kallmuenz-2019\/"},"author":{"name":"\u00a1\u00e0ndale!","@id":"https:\/\/art.kallmuenz.it\/it\/#\/schema\/person\/2d3f5172d1b1545c374946b94c2dfcd2"},"headline":"Kabarettgarten Kallm\u00fcnz 2019","datePublished":"2019-05-08T09:18:40+00:00","dateModified":"2019-06-12T08:02:06+00:00","mainEntityOfPage":{"@id":"https:\/\/art.kallmuenz.it\/it\/kabarettgarten-kallmuenz-2019\/"},"wordCount":2724,"publisher":{"@id":"https:\/\/art.kallmuenz.it\/it\/#organization"},"image":{"@id":"https:\/\/art.kallmuenz.it\/it\/kabarettgarten-kallmuenz-2019\/#primaryimage"},"thumbnailUrl":"https:\/\/art.kallmuenz.it\/wp-content\/uploads\/2017\/12\/kabarettgarten-kallmuenz-titel.png","articleSection":["Archivio"],"inLanguage":"it-IT"},{"@type":"WebPage","@id":"https:\/\/art.kallmuenz.it\/it\/kabarettgarten-kallmuenz-2019\/","url":"https:\/\/art.kallmuenz.it\/it\/kabarettgarten-kallmuenz-2019\/","name":"Kabarettgarten Kallm\u00fcnz 2019 - Associazione Artistica Kallm\u00fcnz Merano","isPartOf":{"@id":"https:\/\/art.kallmuenz.it\/it\/#website"},"primaryImageOfPage":{"@id":"https:\/\/art.kallmuenz.it\/it\/kabarettgarten-kallmuenz-2019\/#primaryimage"},"image":{"@id":"https:\/\/art.kallmuenz.it\/it\/kabarettgarten-kallmuenz-2019\/#primaryimage"},"thumbnailUrl":"https:\/\/art.kallmuenz.it\/wp-content\/uploads\/2017\/12\/kabarettgarten-kallmuenz-titel.png","datePublished":"2019-05-08T09:18:40+00:00","dateModified":"2019-06-12T08:02:06+00:00","description":"Kabarettgarten Kallm\u00fcnz 2019: Die Liebe ist eine Wundert\u00fcte - Goethes Faust - Haie k\u00fcsst man nicht - Best of...St\u00f6rsender - Jetzt oder nie!","breadcrumb":{"@id":"https:\/\/art.kallmuenz.it\/it\/kabarettgarten-kallmuenz-2019\/#breadcrumb"},"inLanguage":"it-IT","potentialAction":[{"@type":"ReadAction","target":["https:\/\/art.kallmuenz.it\/it\/kabarettgarten-kallmuenz-2019\/"]}]},{"@type":"ImageObject","inLanguage":"it-IT","@id":"https:\/\/art.kallmuenz.it\/it\/kabarettgarten-kallmuenz-2019\/#primaryimage","url":"https:\/\/art.kallmuenz.it\/wp-content\/uploads\/2017\/12\/kabarettgarten-kallmuenz-titel.png","contentUrl":"https:\/\/art.kallmuenz.it\/wp-content\/uploads\/2017\/12\/kabarettgarten-kallmuenz-titel.png","width":1030,"height":687,"caption":"Kabarettgarten Kallm\u00fcnz 2018"},{"@type":"BreadcrumbList","@id":"https:\/\/art.kallmuenz.it\/it\/kabarettgarten-kallmuenz-2019\/#breadcrumb","itemListElement":[{"@type":"ListItem","position":1,"name":"Startseite","item":"https:\/\/art.kallmuenz.it\/it\/associazione-culturale-kallmuenz-merano\/"},{"@type":"ListItem","position":2,"name":"Kabarettgarten Kallm\u00fcnz 2019"}]},{"@type":"WebSite","@id":"https:\/\/art.kallmuenz.it\/it\/#website","url":"https:\/\/art.kallmuenz.it\/it\/","name":"Associazione Artistica Kallm\u00fcnz Merano","description":"Arte e cultura a Merano","publisher":{"@id":"https:\/\/art.kallmuenz.it\/it\/#organization"},"potentialAction":[{"@type":"SearchAction","target":{"@type":"EntryPoint","urlTemplate":"https:\/\/art.kallmuenz.it\/it\/?s={search_term_string}"},"query-input":{"@type":"PropertyValueSpecification","valueRequired":true,"valueName":"search_term_string"}}],"inLanguage":"it-IT"},{"@type":"Organization","@id":"https:\/\/art.kallmuenz.it\/it\/#organization","name":"Kunstverein Kallm\u00fcnz","url":"https:\/\/art.kallmuenz.it\/it\/","logo":{"@type":"ImageObject","inLanguage":"it-IT","@id":"https:\/\/art.kallmuenz.it\/it\/#\/schema\/logo\/image\/","url":"https:\/\/art.kallmuenz.it\/wp-content\/uploads\/2017\/04\/kallmuenz_stempel-preloader.png","contentUrl":"https:\/\/art.kallmuenz.it\/wp-content\/uploads\/2017\/04\/kallmuenz_stempel-preloader.png","width":200,"height":176,"caption":"Kunstverein Kallm\u00fcnz"},"image":{"@id":"https:\/\/art.kallmuenz.it\/it\/#\/schema\/logo\/image\/"},"sameAs":["https:\/\/www.facebook.com\/KunstvereinKallmuenz"]},{"@type":"Person","@id":"https:\/\/art.kallmuenz.it\/it\/#\/schema\/person\/2d3f5172d1b1545c374946b94c2dfcd2","name":"\u00a1\u00e0ndale!","image":{"@type":"ImageObject","inLanguage":"it-IT","@id":"https:\/\/secure.gravatar.com\/avatar\/e5477d2c73186d58b209d577373d5cc4822796d664543a8983596def2306f7d9?s=96&d=mm&r=g","url":"https:\/\/secure.gravatar.com\/avatar\/e5477d2c73186d58b209d577373d5cc4822796d664543a8983596def2306f7d9?s=96&d=mm&r=g","contentUrl":"https:\/\/secure.gravatar.com\/avatar\/e5477d2c73186d58b209d577373d5cc4822796d664543a8983596def2306f7d9?s=96&d=mm&r=g","caption":"\u00a1\u00e0ndale!"}}]}},"_links":{"self":[{"href":"https:\/\/art.kallmuenz.it\/it\/wp-json\/wp\/v2\/posts\/1649","targetHints":{"allow":["GET"]}}],"collection":[{"href":"https:\/\/art.kallmuenz.it\/it\/wp-json\/wp\/v2\/posts"}],"about":[{"href":"https:\/\/art.kallmuenz.it\/it\/wp-json\/wp\/v2\/types\/post"}],"author":[{"embeddable":true,"href":"https:\/\/art.kallmuenz.it\/it\/wp-json\/wp\/v2\/users\/4021"}],"replies":[{"embeddable":true,"href":"https:\/\/art.kallmuenz.it\/it\/wp-json\/wp\/v2\/comments?post=1649"}],"version-history":[{"count":0,"href":"https:\/\/art.kallmuenz.it\/it\/wp-json\/wp\/v2\/posts\/1649\/revisions"}],"wp:featuredmedia":[{"embeddable":true,"href":"https:\/\/art.kallmuenz.it\/it\/wp-json\/wp\/v2\/media\/444"}],"wp:attachment":[{"href":"https:\/\/art.kallmuenz.it\/it\/wp-json\/wp\/v2\/media?parent=1649"}],"wp:term":[{"taxonomy":"category","embeddable":true,"href":"https:\/\/art.kallmuenz.it\/it\/wp-json\/wp\/v2\/categories?post=1649"},{"taxonomy":"post_tag","embeddable":true,"href":"https:\/\/art.kallmuenz.it\/it\/wp-json\/wp\/v2\/tags?post=1649"}],"curies":[{"name":"wp","href":"https:\/\/api.w.org\/{rel}","templated":true}]}}