{"id":1786,"date":"2019-12-09T18:10:01","date_gmt":"2019-12-09T17:10:01","guid":{"rendered":"https:\/\/art.kallmuenz.it\/meraner-kabarett-tage-2020\/"},"modified":"2019-12-17T14:52:45","modified_gmt":"2019-12-17T13:52:45","slug":"meraner-kabarett-tage-2020","status":"publish","type":"post","link":"https:\/\/art.kallmuenz.it\/it\/meraner-kabarett-tage-2020\/","title":{"rendered":"Meraner Kabarett Tage 2020"},"content":{"rendered":"\n<style type=\"text\/css\" data-created_by=\"avia_inline_auto\" id=\"style-css-av-jo7aibq6-d059247903f5a548667060601bb3be56\">\n.flex_column.av-jo7aibq6-d059247903f5a548667060601bb3be56{\nborder-radius:0px 0px 0px 0px;\npadding:0px 0px 0px 0px;\n}\n<\/style>\n<div  class='flex_column av-jo7aibq6-d059247903f5a548667060601bb3be56 av_one_fifth  avia-builder-el-0  el_before_av_three_fifth  avia-builder-el-first  first av-break-at-tablet flex_column_div av-hide-on-mobile av-zero-column-padding  '     ><\/div>\n\n<style type=\"text\/css\" data-created_by=\"avia_inline_auto\" id=\"style-css-av-t7z2t-c4f0ec638acf727ffd75f9dd1eeeace9\">\n.flex_column.av-t7z2t-c4f0ec638acf727ffd75f9dd1eeeace9{\nborder-radius:0px 0px 0px 0px;\npadding:0px 0px 0px 0px;\n}\n<\/style>\n<div  class='flex_column av-t7z2t-c4f0ec638acf727ffd75f9dd1eeeace9 av_three_fifth  avia-builder-el-1  el_after_av_one_fifth  el_before_av_one_fifth  av-break-at-tablet flex_column_div av-zero-column-padding  '     ><style type=\"text\/css\" data-created_by=\"avia_inline_auto\" id=\"style-css-av-jo7aj2it-64b9a70f091b408b30997877bf3c08cd\">\n.avia-image-container.av-jo7aj2it-64b9a70f091b408b30997877bf3c08cd img.avia_image{\nbox-shadow:none;\n}\n.avia-image-container.av-jo7aj2it-64b9a70f091b408b30997877bf3c08cd .av-image-caption-overlay-center{\ncolor:#ffffff;\n}\n<\/style>\n<div  class='avia-image-container av-jo7aj2it-64b9a70f091b408b30997877bf3c08cd av-styling- av-img-linked avia_animated_image av-animated-when-visible-95 fade-in avia-align-center  avia-builder-el-2  avia-builder-el-no-sibling '   itemprop=\"image\" itemscope=\"itemscope\" itemtype=\"https:\/\/schema.org\/ImageObject\" ><div class=\"avia-image-container-inner\"><div class=\"avia-image-overlay-wrap\"><a href=\"https:\/\/art.kallmuenz.it\/wp-content\/uploads\/2019\/12\/kunstverein-kallmuenz_SUJET-quer_Webversion.jpg\" data-srcset=\"https:\/\/art.kallmuenz.it\/wp-content\/uploads\/2019\/12\/kunstverein-kallmuenz_SUJET-quer_Webversion.jpg 1030w, https:\/\/art.kallmuenz.it\/wp-content\/uploads\/2019\/12\/kunstverein-kallmuenz_SUJET-quer_Webversion-300x200.jpg 300w, https:\/\/art.kallmuenz.it\/wp-content\/uploads\/2019\/12\/kunstverein-kallmuenz_SUJET-quer_Webversion-768x512.jpg 768w, https:\/\/art.kallmuenz.it\/wp-content\/uploads\/2019\/12\/kunstverein-kallmuenz_SUJET-quer_Webversion-705x470.jpg 705w\" data-sizes=\"(max-width: 1030px) 100vw, 1030px\" class='avia_image '  aria-label='kunstverein-kallmuenz_SUJET-quer_Webversion'><img decoding=\"async\" fetchpriority=\"high\" class='wp-image-1717 avia-img-lazy-loading-not-1717 avia_image ' src=\"https:\/\/art.kallmuenz.it\/wp-content\/uploads\/2019\/12\/kunstverein-kallmuenz_SUJET-quer_Webversion.jpg\" alt='' title='kunstverein-kallmuenz_SUJET-quer_Webversion'  height=\"686\" width=\"1030\"  itemprop=\"thumbnailUrl\" srcset=\"https:\/\/art.kallmuenz.it\/wp-content\/uploads\/2019\/12\/kunstverein-kallmuenz_SUJET-quer_Webversion.jpg 1030w, https:\/\/art.kallmuenz.it\/wp-content\/uploads\/2019\/12\/kunstverein-kallmuenz_SUJET-quer_Webversion-300x200.jpg 300w, https:\/\/art.kallmuenz.it\/wp-content\/uploads\/2019\/12\/kunstverein-kallmuenz_SUJET-quer_Webversion-768x512.jpg 768w, https:\/\/art.kallmuenz.it\/wp-content\/uploads\/2019\/12\/kunstverein-kallmuenz_SUJET-quer_Webversion-705x470.jpg 705w\" sizes=\"(max-width: 1030px) 100vw, 1030px\" \/><\/a><\/div><\/div><\/div><\/div>\n\n<style type=\"text\/css\" data-created_by=\"avia_inline_auto\" id=\"style-css-av-jo7aiju0-f03673b9a74b3e3e835402388c5d3ad9\">\n.flex_column.av-jo7aiju0-f03673b9a74b3e3e835402388c5d3ad9{\nborder-radius:0px 0px 0px 0px;\npadding:0px 0px 0px 0px;\n}\n<\/style>\n<div  class='flex_column av-jo7aiju0-f03673b9a74b3e3e835402388c5d3ad9 av_one_fifth  avia-builder-el-3  el_after_av_three_fifth  el_before_av_hr  av-break-at-tablet flex_column_div av-hide-on-mobile av-zero-column-padding  '     ><\/div>\n\n<style type=\"text\/css\" data-created_by=\"avia_inline_auto\" id=\"style-css-av-2cty5-c9c8acc1224d8eaf158b6bed9641b598\">\n#top .hr.av-2cty5-c9c8acc1224d8eaf158b6bed9641b598{\nmargin-top:30px;\nmargin-bottom:30px;\n}\n.hr.av-2cty5-c9c8acc1224d8eaf158b6bed9641b598 .hr-inner{\nwidth:50px;\nmax-width:45%;\n}\n.hr.av-2cty5-c9c8acc1224d8eaf158b6bed9641b598 .av-seperator-icon{\ncolor:#877143;\n}\n.hr.av-2cty5-c9c8acc1224d8eaf158b6bed9641b598 .av-seperator-icon.avia-svg-icon svg:first-child{\nfill:#877143;\nstroke:#877143;\n}\n<\/style>\n<div  class='hr av-2cty5-c9c8acc1224d8eaf158b6bed9641b598 hr-custom  avia-builder-el-4  el_after_av_one_fifth  el_before_av_textblock  hr-center hr-icon-yes'><span class='hr-inner inner-border-av-border-thin'><span class=\"hr-inner-style\"><\/span><\/span><span class='av-seperator-icon avia-iconfont avia-font-entypo-fontello' data-av_icon='\ue808' data-av_iconfont='entypo-fontello' ><\/span><span class='hr-inner inner-border-av-border-thin'><span class=\"hr-inner-style\"><\/span><\/span><\/div>\n<section  class='av_textblock_section av-jo7almeb-638a6756d1c70e750954baec0a58eb45 '   itemscope=\"itemscope\" itemtype=\"https:\/\/schema.org\/BlogPosting\" itemprop=\"blogPost\" ><div class='avia_textblock'  itemprop=\"text\" ><h1 style=\"text-align: center;\">MERANER KABARETT TAGE<\/h1>\n<h3 style=\"text-align: center;\">13. &#8211; 22. M\u00e4rz 2020, Stadttheater Meran<\/h3>\n<p>Nach der erfolgreichen ersten Ausgabe im Jahr 2019, werfen die <strong>Meraner Kabarett Tage <\/strong>auch 2020 einen neugierigen Blick in unsere Nachbarl\u00e4nder und holen wiederum Kabarettgr\u00f6\u00dfen aus Deutschland, der Schweiz und \u00d6sterreich in die Passerstadt.<\/p>\n<p>Aus Deutschland kommen <a href=\"#anka-zink\" rel=\"noopener\"><strong>Anka Zink<\/strong><\/a>, die ihre Karriere beim Ensemble des D\u00fcsseldorfer Kom(m)\u00f6dchens begann und in Meran \u201eDas Ende der Bescheidenheit\u201c aufzeigt, und <a href=\"#mathias-tretter\" rel=\"noopener\"><strong>Mathias Tretter<\/strong><\/a> \u2013 lebendiger und b\u00f6ser denn je. 2017 wurde er f\u00fcr seine herausragenden politischen Satiren mit dem Deutschen Kleinkunstpreis ausgezeichnet.<\/p>\n<p>Gast aus der Schweiz ist diesmal <a href=\"#christoph-simon\" rel=\"noopener\"><strong>Christoph<\/strong> <strong>Simon<\/strong><\/a>, mehrfacher Schweizer Poetry-Slam-Meister und Gewinner des \u201eSalzburger Stiers 2018\u201c. Er hat mit seinem brandneuen Programm \u201eDer Suboptimist\u201c im Februar Premiere gefeiert und bringt es nun nach Meran. Der Abend wird von \u00d61 und RAI S\u00fcdtirol live im Rahmen von \u201eKabarett direkt\u201c \u00fcbertragen.<\/p>\n<p>\u00d6sterreich ist mit Robert Bl\u00f6chl und Roland Penzinger vertreten. Zusammen sind sie <a href=\"#bloezinger\" rel=\"noopener\"><strong>Bl\u00f6Zinger<\/strong><\/a> und heimsen gerade einen Preis nach dem andern ein, u. a. 2017 den \u00d6sterreichischen und 2019 den Deutschen Kabarettpreis. In Meran zeigen sie mit \u201eVorz\u00fcgliche BetrACHtungen\u201c ein Best-of ihrer Programme.<\/p>\n<p>Der Kunstverein Kallm\u00fcnz w\u00fcnscht gute Unterhaltung mit bitterb\u00f6sen, selbstironischen, intelligenten, eloquenten, unterhaltsamen und anregenden Kabarettabenden im Meraner Stadttheater.<\/p>\n<\/div><\/section>\n\n<style type=\"text\/css\" data-created_by=\"avia_inline_auto\" id=\"style-css-av-av_heading-045551293384f3f2077e5b0c40869b25\">\n#top .av-special-heading.av-av_heading-045551293384f3f2077e5b0c40869b25{\npadding-bottom:10px;\n}\nbody .av-special-heading.av-av_heading-045551293384f3f2077e5b0c40869b25 .av-special-heading-tag .heading-char{\nfont-size:25px;\n}\n.av-special-heading.av-av_heading-045551293384f3f2077e5b0c40869b25 .av-subheading{\nfont-size:15px;\n}\n<\/style>\n<div  class='av-special-heading av-av_heading-045551293384f3f2077e5b0c40869b25 av-special-heading-h3 blockquote modern-quote modern-centered  avia-builder-el-6  el_after_av_textblock  el_before_av_table '><h3 class='av-special-heading-tag '  itemprop=\"headline\"  >PROGRAMM 2. MERANER KABARETT TAGE<\/h3><div class=\"special-heading-border\"><div class=\"special-heading-inner-border\"><\/div><\/div><\/div>\n<div class='avia-data-table-wrap av-2eq30y-6cf789f5156957acafb9dc418ba93839 avia_responsive_table avia-table-1'><table  class='avia-table avia-data-table avia_pricing_default  avia-builder-el-7  el_after_av_heading  el_before_av_section  avia-builder-el-last '  itemscope=\"itemscope\" itemtype=\"https:\/\/schema.org\/Table\" ><tbody><tr class=''><td class='avia-highlight-col'>FREITAG, 13. M\u00e4rz 2020, 19.30 Uhr <\/td><td class=''><strong>Christoph Simon: Der Suboptimist<\/strong> &#8211; Drei Menschen im VW-Bus: Sie suchen das Gute und Wahre und finden das Leichte und Katzenk\u00f6rbe. Der Poet sucht Antworten. Der alte Hippie macht nicht mehr aus jedem Problem ein Problem. Und die Haus\u00e4rztin stiehlt allen die Show.<a href=\"#christoph-simon\"> weiterlesen<\/a><\/p>\n<p><\/td><\/tr><tr class=''><td class='avia-highlight-col'>SAMSTAG, 14. M\u00e4rz 2020, 20 Uhr<\/td><td class=''><strong>Anka Zink: Das Ende der Bescheidenheit<\/strong> &#8211; In einer Zeit, in der Markttauglichkeits-Hochbegabung die K\u00f6nigsdisziplin ist und \u201eWer hat das gesagt?\u201c wichtiger ist als \u201eWorum geht es eigentlich?\u201c, liefert Anka Zink mit ihrem neuen St\u00fcck eine brand-aktuelle Aufkl\u00e4rungs-Offensive. <a href=\"#anka-zink\"> weiterlesen<\/a><\/p>\n<p><\/td><\/tr><tr class=''><td class='avia-highlight-col'>SAMSTAG 21. M\u00e4rz 2020, 20 Uhr<\/td><td class=''><strong>Mathias Tretter: Pop<\/strong> &#8211; Was mit Casting-Shows begann, erreicht in Donald Trump seinen sturmfrisierten H\u00f6hepunkt: Das Zeitalter des Amateurs. Blogger sind die neuen Journalisten, Hipster die neuen Bierbrauer, AfDler die neuen CDUler. <a href=\"#mathias-tretter\"> weiterlesen<\/a><\/p>\n<p><\/td><\/tr><tr class=''><td class='avia-highlight-col'>SONNTAG, 22. M\u00e4rz 2020, 18 Uhr<\/td><td class=''><strong>Bl\u00f6Zinger: Vorz\u00fcgliche BetrACHtungen<\/strong> &#8211; In seinem achten B\u00fchnenprogramm versammelt das Kabarettduo Bl\u00f6Zinger einige Figuren der ersten sieben Programme in einer Geschichte. Als Gro\u00dfmeister der Gestik und Mimik ben\u00f6tigen sie dabei nur ein Minimum an Requisiten. <a href=\"#bloezinger\"> weiterlesen<\/a><\/p>\n<p><\/td><\/tr><\/tbody><\/table><\/div>\n<\/div><\/div><\/div><!-- close content main div --><\/div><\/div>\n<style type=\"text\/css\" data-created_by=\"avia_inline_auto\" id=\"style-css-av-jososlwk-c5aff4d3d8d83eef04c7dba47b5b7f2c\">\n.avia-section.av-jososlwk-c5aff4d3d8d83eef04c7dba47b5b7f2c{\nbackground-color:#00416c;\nbackground-image:unset;\n}\n<\/style>\n<div id='av_section_1'  class='avia-section av-jososlwk-c5aff4d3d8d83eef04c7dba47b5b7f2c main_color avia-section-default avia-no-border-styling  avia-builder-el-8  el_after_av_table  el_before_av_heading  avia-bg-style-scroll container_wrap fullsize'  ><div class='container av-section-cont-open' ><div class='template-page content  av-content-full alpha units'><div class='post-entry post-entry-type-page post-entry-1786'><div class='entry-content-wrapper clearfix'>\n\n<style type=\"text\/css\" data-created_by=\"avia_inline_auto\" id=\"style-css-av-4ro5y2-9459aedc8e300fe9781bf8823eaca54a\">\n#top .av-special-heading.av-4ro5y2-9459aedc8e300fe9781bf8823eaca54a{\npadding-bottom:40px;\ncolor:#ffffff;\n}\nbody .av-special-heading.av-4ro5y2-9459aedc8e300fe9781bf8823eaca54a .av-special-heading-tag .heading-char{\nfont-size:25px;\n}\n.av-special-heading.av-4ro5y2-9459aedc8e300fe9781bf8823eaca54a .special-heading-inner-border{\nborder-color:#ffffff;\n}\n.av-special-heading.av-4ro5y2-9459aedc8e300fe9781bf8823eaca54a .av-subheading{\nfont-size:15px;\n}\n<\/style>\n<div  class='av-special-heading av-4ro5y2-9459aedc8e300fe9781bf8823eaca54a av-special-heading-h2 custom-color-heading blockquote modern-quote modern-centered  avia-builder-el-9  el_before_av_one_fourth  avia-builder-el-first '><h2 class='av-special-heading-tag '  itemprop=\"headline\"  >PREISE <span class='special_amp'>&amp;<\/span> TICKETS<\/h2><div class=\"special-heading-border\"><div class=\"special-heading-inner-border\"><\/div><\/div><\/div>\n\n<style type=\"text\/css\" data-created_by=\"avia_inline_auto\" id=\"style-css-av-jo7ajsek-9f2009c38ea021a8babe5e3c276088f3\">\n.flex_column.av-jo7ajsek-9f2009c38ea021a8babe5e3c276088f3{\nborder-radius:0px 0px 0px 0px;\npadding:0px 0px 0px 0px;\n}\n<\/style>\n<div  class='flex_column av-jo7ajsek-9f2009c38ea021a8babe5e3c276088f3 av_one_fourth  avia-builder-el-10  el_after_av_heading  el_before_av_one_half  first av-break-at-tablet flex_column_div av-hide-on-mobile av-zero-column-padding  '     ><\/div>\n<style type=\"text\/css\" data-created_by=\"avia_inline_auto\" id=\"style-css-av-jo7ajsek-24290e9108ef5d4b2aed7d0741e0b359\">\n.flex_column.av-jo7ajsek-24290e9108ef5d4b2aed7d0741e0b359{\nborder-radius:0px 0px 0px 0px;\npadding:0px 0px 0px 0px;\n}\n<\/style>\n<div  class='flex_column av-jo7ajsek-24290e9108ef5d4b2aed7d0741e0b359 av_one_half  avia-builder-el-11  el_after_av_one_fourth  el_before_av_one_fourth  av-break-at-tablet flex_column_div av-zero-column-padding  '     ><style type=\"text\/css\" data-created_by=\"avia_inline_auto\" id=\"style-css-av-josn75yg-b5b33062c79b7a88953ec3a9379c0c93\">\n.av_font_icon.av-josn75yg-b5b33062c79b7a88953ec3a9379c0c93{\ncolor:#ffffff;\nborder-color:#ffffff;\n}\n.avia-svg-icon.av-josn75yg-b5b33062c79b7a88953ec3a9379c0c93 svg:first-child{\nstroke:#ffffff;\nfill:#ffffff;\n}\n.av_font_icon.av-josn75yg-b5b33062c79b7a88953ec3a9379c0c93 .av-icon-char{\nfont-size:40px;\nline-height:40px;\nwidth:40px;\n}\n<\/style>\n<span  class='av_font_icon av-josn75yg-b5b33062c79b7a88953ec3a9379c0c93 avia_animate_when_visible av-icon-style-border avia-icon-pos-center avia-iconfont avia-font-entypo-fontello avia-icon-animate'><a href='https:\/\/www.fondazioneteatro.bolzano.it\/kalender\/?lang=de'  target=\"_blank\"  rel=\"noopener noreferrer\"  class='av-icon-char' data-av_icon='\ue827' data-av_iconfont='entypo-fontello' aria-hidden=\"false\" ><\/a><span class='av_icon_caption av-special-font'>TICKETS ONLINE<\/span><\/span><\/div>\n<style type=\"text\/css\" data-created_by=\"avia_inline_auto\" id=\"style-css-av-jo7ajsek-93b1a094cee2ba5372285645e010f0ac\">\n.flex_column.av-jo7ajsek-93b1a094cee2ba5372285645e010f0ac{\nborder-radius:0px 0px 0px 0px;\npadding:0px 0px 0px 0px;\n}\n<\/style>\n<div  class='flex_column av-jo7ajsek-93b1a094cee2ba5372285645e010f0ac av_one_fourth  avia-builder-el-13  el_after_av_one_half  el_before_av_one_half  av-break-at-tablet flex_column_div av-hide-on-mobile av-zero-column-padding  '     ><\/div>\n<style type=\"text\/css\" data-created_by=\"avia_inline_auto\" id=\"style-css-av-jo7ajsek-2c3d8237b3610e3200d7aef1f5d92b57\">\n.flex_column.av-jo7ajsek-2c3d8237b3610e3200d7aef1f5d92b57{\nborder-radius:0px 0px 0px 0px;\npadding:0px 0px 0px 0px;\n}\n<\/style>\n<div  class='flex_column av-jo7ajsek-2c3d8237b3610e3200d7aef1f5d92b57 av_one_half  avia-builder-el-14  el_after_av_one_fourth  el_before_av_one_half  first av-break-at-tablet flex_column_div av-zero-column-padding  column-top-margin'     ><section  class='av_textblock_section av-jo7almeb-638a6756d1c70e750954baec0a58eb45 '   itemscope=\"itemscope\" itemtype=\"https:\/\/schema.org\/BlogPosting\" itemprop=\"blogPost\" ><div class='avia_textblock'  itemprop=\"text\" ><p><span style=\"color: #ffffff;\">MERANER KABARETT TAGE<\/span><br \/>\n<span style=\"color: #ffffff;\">Stadttheater Meran<\/span><\/p>\n<p><span style=\"color: #ffffff;\">PARKETT \u20ac 25<br \/>\nLOGEN \u20ac 20<br \/>\nGALERIE \u20ac 15<br \/>\nAbendkasse eine Stunde vor Auff\u00fchrungsbeginn<\/span><\/p>\n<p><span style=\"color: #ffffff;\">An der Kasse des Stadttheaters Bozen<\/span><br \/>\n<span style=\"color: #ffffff;\"> Tel. 0471 05 38 00<\/span><br \/>\n<span style=\"color: #ffffff;\"> Email: <a style=\"color: #ffffff;\" href=\"mailto:info@ticket.bz.it\">info@ticket.bz.it<\/a><\/span><\/p>\n<p><span style=\"color: #ffffff;\">\u00d6ffnungszeiten:<\/span><br \/>\n<span style=\"color: #ffffff;\">DI &#8211; FR: 11.00 &#8211; 14.00 und 17.00 &#8211; 19.00<\/span><br \/>\n<span style=\"color: #ffffff;\">SA: 11.00 &#8211; 14.00<\/span><\/p>\n<\/div><\/section><\/div>\n<style type=\"text\/css\" data-created_by=\"avia_inline_auto\" id=\"style-css-av-jo7ajsek-24290e9108ef5d4b2aed7d0741e0b359\">\n.flex_column.av-jo7ajsek-24290e9108ef5d4b2aed7d0741e0b359{\nborder-radius:0px 0px 0px 0px;\npadding:0px 0px 0px 0px;\n}\n<\/style>\n<div  class='flex_column av-jo7ajsek-24290e9108ef5d4b2aed7d0741e0b359 av_one_half  avia-builder-el-16  el_after_av_one_half  avia-builder-el-last  av-break-at-tablet flex_column_div av-zero-column-padding  column-top-margin'     ><section  class='av_textblock_section av-jo7almeb-638a6756d1c70e750954baec0a58eb45 '   itemscope=\"itemscope\" itemtype=\"https:\/\/schema.org\/BlogPosting\" itemprop=\"blogPost\" ><div class='avia_textblock'  itemprop=\"text\" ><p><span style=\"color: #ffffff;\">In folgenden Filialen der S\u00fcdtiroler Sparkasse:<\/span><\/p>\n<p><span style=\"color: #ffffff;\">MERAN &#8211; Sparkassenstra\u00dfe 8<\/span><br \/>\n<span style=\"color: #ffffff;\"> BOZEN \u2013 Freiheitsstra\u00dfe 84<\/span><br \/>\n<span style=\"color: #ffffff;\"> BOZEN \u2013 Sparkassenstra\u00dfe 12<\/span><br \/>\n<span style=\"color: #ffffff;\"> BOZEN \u2013 Romstra\u00dfe 42<\/span><br \/>\n<span style=\"color: #ffffff;\"> EPPAN \u2013 Bahnhofstra\u00dfe 13\/c<\/span><br \/>\n<span style=\"color: #ffffff;\"> BRIXEN \u2013 Gro\u00dfer Graben 6\/b<\/span><br \/>\n<span style=\"color: #ffffff;\"> BRUNECK \u2013 Graben 21<\/span><br \/>\n<span style=\"color: #ffffff;\"> NEUMARKT \u2013 Rathausring 21<\/span><br \/>\n<span style=\"color: #ffffff;\"> LEIFERS \u2013 Kennedystra\u00dfe 143<\/span><br \/>\n<span style=\"color: #ffffff;\"> SCHLANDERS \u2013 Hauptstra\u00dfe 129<\/span><br \/>\n<span style=\"color: #ffffff;\"> STERZING \u2013 Stadtplatz 3<\/span><br \/>\n<span style=\"color: #ffffff;\"> STERZING \u2013 Neustadt 19<\/span><\/p>\n<\/div><\/section><\/div>\n<\/div><\/div><\/div><!-- close content main div --><\/div><\/div><div id='after_section_1'  class='main_color av_default_container_wrap container_wrap fullsize'  ><div class='container av-section-cont-open' ><div class='template-page content  av-content-full alpha units'><div class='post-entry post-entry-type-page post-entry-1786'><div class='entry-content-wrapper clearfix'>\n\n<style type=\"text\/css\" data-created_by=\"avia_inline_auto\" id=\"style-css-av-av_heading-e8b7578a69b5e451dc02fdbef939c5ae\">\n#top .av-special-heading.av-av_heading-e8b7578a69b5e451dc02fdbef939c5ae{\npadding-bottom:0;\n}\nbody .av-special-heading.av-av_heading-e8b7578a69b5e451dc02fdbef939c5ae .av-special-heading-tag .heading-char{\nfont-size:25px;\n}\n.av-special-heading.av-av_heading-e8b7578a69b5e451dc02fdbef939c5ae .av-subheading{\nfont-size:15px;\n}\n<\/style>\n<div  class='av-special-heading av-av_heading-e8b7578a69b5e451dc02fdbef939c5ae av-special-heading-h2 blockquote modern-quote modern-centered  avia-builder-el-18  el_after_av_section  el_before_av_layout_row  avia-builder-el-no-sibling '><h2 class='av-special-heading-tag '  itemprop=\"headline\"  >PROGRAMM<\/h2><div class=\"special-heading-border\"><div class=\"special-heading-inner-border\"><\/div><\/div><\/div>\n<\/div><\/div><\/div><!-- close content main div --><\/div><\/div><div id='christoph-simon'  class='av-layout-grid-container av-5fya9c-92af4c434f30deefadfd844ec009196a entry-content-wrapper main_color av-border-top-bottom av-flex-cells  avia-builder-el-19  el_after_av_heading  el_before_av_layout_row  grid-row-not-first  container_wrap fullsize'  >\n\n<style type=\"text\/css\" data-created_by=\"avia_inline_auto\" id=\"style-css-av-56q8k0-afa12beeae941d5c653ea0477f999d45\">\n.flex_cell.av-56q8k0-afa12beeae941d5c653ea0477f999d45{\nvertical-align:top;\nheight:300px;\nmin-height:300px;\nbackground:url(https:\/\/art.kallmuenz.it\/wp-content\/uploads\/2019\/12\/kunstverein-kallmuenz_Christoph-Simon.jpg) 50% 0% no-repeat scroll ;\n}\n.responsive #top #wrap_all .flex_cell.av-56q8k0-afa12beeae941d5c653ea0477f999d45{\npadding:px px px px !important;\n}\n<\/style>\n<div class='flex_cell av-56q8k0-afa12beeae941d5c653ea0477f999d45 av-gridrow-cell av_one_half no_margin  avia-builder-el-20  el_before_av_cell_one_half  avia-builder-el-first  content-align-top avia-full-stretch'  ><div class='flex_cell_inner'><\/div><\/div>\n<style type=\"text\/css\" data-created_by=\"avia_inline_auto\" id=\"style-css-av-510fls-64583507916fd93ff127532f225405a0\">\n.flex_cell.av-510fls-64583507916fd93ff127532f225405a0{\nvertical-align:top;\nheight:300px;\nmin-height:300px;\n}\n.responsive #top #wrap_all .flex_cell.av-510fls-64583507916fd93ff127532f225405a0{\npadding:30px 30px 30px 30px !important;\n}\n<\/style>\n<div class='flex_cell av-510fls-64583507916fd93ff127532f225405a0 av-gridrow-cell av_one_half no_margin  avia-builder-el-21  el_after_av_cell_one_half  avia-builder-el-last  content-align-top'  ><div class='flex_cell_inner'>\n<style type=\"text\/css\" data-created_by=\"avia_inline_auto\" id=\"style-css-av-4v9rsg-d309524b5215395e43648b3a5aa64ed2\">\n#top .av_textblock_section.av-4v9rsg-d309524b5215395e43648b3a5aa64ed2 .avia_textblock{\nfont-size:16px;\n}\n<\/style>\n<section  class='av_textblock_section av-4v9rsg-d309524b5215395e43648b3a5aa64ed2 '   itemscope=\"itemscope\" itemtype=\"https:\/\/schema.org\/BlogPosting\" itemprop=\"blogPost\" ><div class='avia_textblock'  itemprop=\"text\" ><h3 style=\"text-align: center;\"><\/h3>\n<h3 style=\"text-align: center;\"><span style=\"color: #b72515;\">Christoph Simon:<\/span><\/h3>\n<h1 style=\"text-align: center;\">Der Suboptimist<\/h1>\n<h3 style=\"text-align: center;\">Stadttheater Meran &#8211; FREITAG, 13. M\u00e4rz 2020 &#8211; 19.30 Uhr<\/h3>\n<p><strong>In weiteren Hauptrollen:<\/strong> Tigerbalsam und Herrenk\u00fchlschr\u00e4nke. Der Alltag leicht gemacht! Nichts tun und alles erreichen! In seinem vierten Soloprogramm spannt Christoph Simon den Bogen vom verzagten Ich zum Universum. Man darf gespannt sein.<\/p>\n<p>Der Schriftsteller, Slam-Poet und Kabarettist aus Bern war lange Zeit Buchautor bevor er sich \u00fcber die Poetry Slam Szene auf die B\u00fchne wagte. Nach doppeltem Gewinn der Poetry Slam Meisterschaften in der Schweiz (2014, 2015) und des Kabarett-Castings ging es erfolgreich weiter; 2018 wurde er mit dem Salzburger Stier ausgezeichnet. Seine preisgekr\u00f6nten Romane sind in neun Sprachen \u00fcbersetzt worden. Im Radio SRF1 erz\u00e4hlt er Morgengeschichten. Aktuell ist Simon unterwegs mit seinen Solo-B\u00fchnenprogrammen &#8220;Der Richtige f\u00fcr fast alles&#8221; und &#8220;Der Suboptimist&#8221; (ab 2020).<\/p>\n<blockquote>\n<p><strong>\u201eMan setzt sich der raffinierten Wortgewalt und ultradichten Pr\u00e4senz des 44-j\u00e4hrigen doppelten Poetry-Slam-Schweizer-Meisters aus dem Emmental zwei Stunden lang aus und merkt nicht, wie die Zeit vergeht.\u201c<\/strong> <span style=\"font-size: 16px;\">(Schweizer) SonntagsZeitung<\/span><\/p>\n<\/blockquote>\n<\/div><\/section><br \/>\n<div class='flex_column_table av-7bnuki-30898db51ed6e475f942ceb88e25e8d5 sc-av_one_fourth av-equal-height-column-flextable'>\n<style type=\"text\/css\" data-created_by=\"avia_inline_auto\" id=\"style-css-av-7bnuki-30898db51ed6e475f942ceb88e25e8d5\">\n.flex_column.av-7bnuki-30898db51ed6e475f942ceb88e25e8d5{\nborder-radius:0px 0px 0px 0px;\npadding:0px 0px 0px 0px;\n}\n<\/style>\n<div  class='flex_column av-7bnuki-30898db51ed6e475f942ceb88e25e8d5 av_one_fourth  avia-builder-el-23  el_after_av_textblock  el_before_av_one_fourth  first flex_column_table_cell av-equal-height-column av-align-middle av-zero-column-padding  column-top-margin'     ><style type=\"text\/css\" data-created_by=\"avia_inline_auto\" id=\"style-css-av-k3y7hjiv-c5777a7db025a3400c10e235615bea2b\">\n.av_font_icon.av-k3y7hjiv-c5777a7db025a3400c10e235615bea2b .av-icon-char{\nfont-size:40px;\nline-height:40px;\nwidth:40px;\n}\n<\/style>\n<span  class='av_font_icon av-k3y7hjiv-c5777a7db025a3400c10e235615bea2b avia_animate_when_visible av-icon-style-border avia-icon-pos-center avia-iconfont avia-font-entypo-fontello av-no-color avia-icon-animate'><span class='av-icon-char' data-av_icon='\ue85e' data-av_iconfont='entypo-fontello' aria-hidden=\"true\" ><\/span><span class='av_icon_caption av-special-font'>LIVE-AUFZEICHNUNG<\/span><\/span><\/div><div class='av-flex-placeholder'><\/div>\n<style type=\"text\/css\" data-created_by=\"avia_inline_auto\" id=\"style-css-av-j11te-6fa4d830a80b9f73d6343136df3b02d3\">\n.flex_column.av-j11te-6fa4d830a80b9f73d6343136df3b02d3{\nborder-radius:0px 0px 0px 0px;\npadding:0px 0px 0px 0px;\n}\n<\/style>\n<div  class='flex_column av-j11te-6fa4d830a80b9f73d6343136df3b02d3 av_one_fourth  avia-builder-el-25  el_after_av_one_fourth  el_before_av_one_fourth  flex_column_table_cell av-equal-height-column av-align-middle av-zero-column-padding  column-top-margin'     ><style type=\"text\/css\" data-created_by=\"avia_inline_auto\" id=\"style-css-av-k3y7rthq-93aba42c3c258e0f4adc33ee252b633f\">\n.avia-image-container.av-k3y7rthq-93aba42c3c258e0f4adc33ee252b633f img.avia_image{\nbox-shadow:none;\n}\n.avia-image-container.av-k3y7rthq-93aba42c3c258e0f4adc33ee252b633f .av-image-caption-overlay-center{\ncolor:#ffffff;\n}\n<\/style>\n<div  class='avia-image-container av-k3y7rthq-93aba42c3c258e0f4adc33ee252b633f av-styling- avia_animated_image av-animated-when-visible-95 pop-up avia-align-center  avia-builder-el-26  avia-builder-el-no-sibling '   itemprop=\"image\" itemscope=\"itemscope\" itemtype=\"https:\/\/schema.org\/ImageObject\" ><div class=\"avia-image-container-inner\"><div class=\"avia-image-overlay-wrap\"><img decoding=\"async\" fetchpriority=\"high\" class='wp-image-1733 avia-img-lazy-loading-not-1733 avia_image ' src=\"https:\/\/art.kallmuenz.it\/wp-content\/uploads\/2019\/12\/kunstverein-kallmuenz_OE1_Logo_cmyk_Ansicht.jpg\" alt='' title='kunstverein-kallmuenz_OE1_Logo_cmyk_Ansicht'  height=\"150\" width=\"150\"  itemprop=\"thumbnailUrl\" srcset=\"https:\/\/art.kallmuenz.it\/wp-content\/uploads\/2019\/12\/kunstverein-kallmuenz_OE1_Logo_cmyk_Ansicht.jpg 150w, https:\/\/art.kallmuenz.it\/wp-content\/uploads\/2019\/12\/kunstverein-kallmuenz_OE1_Logo_cmyk_Ansicht-80x80.jpg 80w, https:\/\/art.kallmuenz.it\/wp-content\/uploads\/2019\/12\/kunstverein-kallmuenz_OE1_Logo_cmyk_Ansicht-36x36.jpg 36w\" sizes=\"(max-width: 150px) 100vw, 150px\" \/><\/div><\/div><\/div><\/div><div class='av-flex-placeholder'><\/div>\n<style type=\"text\/css\" data-created_by=\"avia_inline_auto\" id=\"style-css-av-3h7pk2-0fd915322abd4d2de4ce736375a9d0b1\">\n.flex_column.av-3h7pk2-0fd915322abd4d2de4ce736375a9d0b1{\nborder-radius:0px 0px 0px 0px;\npadding:0px 0px 0px 0px;\n}\n<\/style>\n<div  class='flex_column av-3h7pk2-0fd915322abd4d2de4ce736375a9d0b1 av_one_fourth  avia-builder-el-27  el_after_av_one_fourth  el_before_av_one_fourth  flex_column_table_cell av-equal-height-column av-align-middle av-zero-column-padding  column-top-margin'     ><style type=\"text\/css\" data-created_by=\"avia_inline_auto\" id=\"style-css-av-k3y7rthq-0e88c218063fe145ddd13ceb49bf47e1\">\n.avia-image-container.av-k3y7rthq-0e88c218063fe145ddd13ceb49bf47e1 img.avia_image{\nbox-shadow:none;\n}\n.avia-image-container.av-k3y7rthq-0e88c218063fe145ddd13ceb49bf47e1 .av-image-caption-overlay-center{\ncolor:#ffffff;\n}\n<\/style>\n<div  class='avia-image-container av-k3y7rthq-0e88c218063fe145ddd13ceb49bf47e1 av-styling- avia_animated_image av-animated-when-visible-95 pop-up avia-align-center  avia-builder-el-28  avia-builder-el-no-sibling '   itemprop=\"image\" itemscope=\"itemscope\" itemtype=\"https:\/\/schema.org\/ImageObject\" ><div class=\"avia-image-container-inner\"><div class=\"avia-image-overlay-wrap\"><img decoding=\"async\" fetchpriority=\"high\" class='wp-image-1735 avia-img-lazy-loading-not-1735 avia_image ' src=\"https:\/\/art.kallmuenz.it\/wp-content\/uploads\/2019\/12\/kunstverein-kallmuenz_Rai-Sudtirol_Logo-Black-CMYK.jpg\" alt='' title='kunstverein-kallmuenz_Rai-Sudtirol_Logo-Black-CMYK'  height=\"150\" width=\"150\"  itemprop=\"thumbnailUrl\" srcset=\"https:\/\/art.kallmuenz.it\/wp-content\/uploads\/2019\/12\/kunstverein-kallmuenz_Rai-Sudtirol_Logo-Black-CMYK.jpg 150w, https:\/\/art.kallmuenz.it\/wp-content\/uploads\/2019\/12\/kunstverein-kallmuenz_Rai-Sudtirol_Logo-Black-CMYK-80x80.jpg 80w, https:\/\/art.kallmuenz.it\/wp-content\/uploads\/2019\/12\/kunstverein-kallmuenz_Rai-Sudtirol_Logo-Black-CMYK-36x36.jpg 36w\" sizes=\"(max-width: 150px) 100vw, 150px\" \/><\/div><\/div><\/div><\/div><div class='av-flex-placeholder'><\/div>\n<style type=\"text\/css\" data-created_by=\"avia_inline_auto\" id=\"style-css-av-3h7pk2-0fd915322abd4d2de4ce736375a9d0b1\">\n.flex_column.av-3h7pk2-0fd915322abd4d2de4ce736375a9d0b1{\nborder-radius:0px 0px 0px 0px;\npadding:0px 0px 0px 0px;\n}\n<\/style>\n<div  class='flex_column av-3h7pk2-0fd915322abd4d2de4ce736375a9d0b1 av_one_fourth  avia-builder-el-29  el_after_av_one_fourth  avia-builder-el-last  flex_column_table_cell av-equal-height-column av-align-middle av-zero-column-padding  column-top-margin'     ><style type=\"text\/css\" data-created_by=\"avia_inline_auto\" id=\"style-css-av-k3y7hjiv-dc9bd7ddf4b5fa66d6105111b7fe10c5\">\n.av_font_icon.av-k3y7hjiv-dc9bd7ddf4b5fa66d6105111b7fe10c5 .av-icon-char{\nfont-size:40px;\nline-height:40px;\nwidth:40px;\n}\n<\/style>\n<span  class='av_font_icon av-k3y7hjiv-dc9bd7ddf4b5fa66d6105111b7fe10c5 avia_animate_when_visible av-icon-style-border avia-icon-pos-center avia-iconfont avia-font-entypo-fontello av-no-color avia-icon-animate'><a href='https:\/\/tickets.fondazioneteatro.bolzano.it\/application.aspx?id=3825'  target=\"_blank\"  rel=\"noopener noreferrer\"  class='av-icon-char' data-av_icon='\ue827' data-av_iconfont='entypo-fontello' aria-hidden=\"false\" data-avia-icon-tooltip=\"&lt;br \/&gt;\nMERANER KABARETT TAGE: CHRISTOPH SIMON&lt;br \/&gt;\n13.03.2020 &amp;#8211; h 19.30&lt;br \/&gt;\n\"><\/a><span class='av_icon_caption av-special-font'>Tickets<\/span><\/span><\/div><\/div><!--close column table wrapper. Autoclose: 1 --><\/p>\n<\/div><\/div>\n<\/div>\n<div id='anka-zink'  class='av-layout-grid-container av-4s7axs-176f2c6b35e02243616828f921fb4b8a entry-content-wrapper main_color av-border-top-bottom av-flex-cells  avia-builder-el-31  el_after_av_layout_row  el_before_av_layout_row  grid-row-not-first  container_wrap fullsize'  >\n\n<style type=\"text\/css\" data-created_by=\"avia_inline_auto\" id=\"style-css-av-4i14u8-8988100739d4c868ed9631a7778d79ca\">\n.flex_cell.av-4i14u8-8988100739d4c868ed9631a7778d79ca{\nvertical-align:middle;\nheight:300px;\nmin-height:300px;\n}\n.responsive #top #wrap_all .flex_cell.av-4i14u8-8988100739d4c868ed9631a7778d79ca{\npadding:30px 30px 30px 30px !important;\n}\n<\/style>\n<div class='flex_cell av-4i14u8-8988100739d4c868ed9631a7778d79ca av-gridrow-cell av_one_half no_margin  avia-builder-el-32  el_before_av_cell_one_half  avia-builder-el-first  content-align-middle avia-full-stretch'  ><div class='flex_cell_inner'><section  class='av_textblock_section av-4c0lbc-5c7a6ac8a12d478f2cc2e19d01067a73 '   itemscope=\"itemscope\" itemtype=\"https:\/\/schema.org\/BlogPosting\" itemprop=\"blogPost\" ><div class='avia_textblock'  itemprop=\"text\" ><h3 style=\"text-align: center;\"><\/h3>\n<h1 style=\"text-align: center;\"><\/h1>\n<h3 style=\"text-align: center;\"><span style=\"color: #b72515;\">Anka Zink:<\/span><\/h3>\n<h1 style=\"text-align: center;\">Das Ende der Bescheidenheit<\/h1>\n<h3 style=\"text-align: center;\">Stadttheater Meran &#8211; Samstag, 14. M\u00e4rz 2020 &#8211; 20.00 Uhr<\/h3>\n<p><strong>\u00dcberall locken Supermodels, Supertalents, Superfood, Superserien,<\/strong> Supereinschaltquoten, Superschn\u00e4ppchen und Supersex. Alle sind super fit, super talentiert, super sch\u00f6n, super jung, super geil, super laut\u2026 zumindest auf ihren Selfies. F\u00fcr Bescheidenheit und Zur\u00fcckhaltung ist in Zeiten der Selbstinszenierung keine Zeit mehr. Es wird immer wichtiger wichtig zu sein, sonst kommt man unter die R\u00e4der. Anka Zink haut mit tadellosen Provokationen kr\u00e4ftig auf den Putz, ehe wir unsere Lieblings-Influencer als \u201eAlltagsbegleiter\u201c bei unserer Pflegekasse anmelden m\u00fcssen, ehe uns die Digitalisierung restlos in die \u00dcberfl\u00fcssigkeit entl\u00e4sst und die Bescheidenen unter uns nerv\u00f6s werden, weil niemand mehr Bescheid wei\u00df. Das wird ein h\u00f6llischer Spa\u00df f\u00fcr alle, die b\u00f6ses Kabarett m\u00f6gen, Vorurteile lieben und Ungerechtigkeit hassen.<\/p>\n<p>Bekannt aus TV-Sendungen wie SWR-Sp\u00e4tschicht, &#8220;Genial daneben&#8221;, Blond am Freitag, Zimmer frei oder Sieben Tage sieben K\u00f6pfe zieht die studierte Soziologin seit 1991 mit ihren Kabarett-Solo-Programmen durch Deutschland. Im D\u00fcsseldorfer Kom(m)\u00f6dchen spielte sie u.a. mit Harald Schmidt und Volker Pispers. Von 1999 bis 2002 war Zink Dozentin an der K\u00f6ln Comedy Schule, deren Schirmherr Rudi Carrell war. F\u00fcr den K\u00f6lner Express schreibt sie satirische Kolumnen. 2009 erschien bei Egmont VGS der Satireroman \u201eMein langer feuchter Wellnessweg\u201c, in dem sie das Sch\u00f6nheitsschicksal von drei Frauen in den \u201ebesten Jahren\u201c beschreibt.<\/p>\n<blockquote>\n<p><strong>\u201eAnka Zink verteilt nonchalant-rotzig satirische Seitenhiebe, wechselt von nahezu philosophischen Betrachtungen \u00fcber Narzissmus und Altruismus nahtlos zum Br\u00fcller-Lacher (\u201eDie W\u00fcrde des Mannes ist unten tastbar\u201c).<\/strong> <span style=\"font-size: 16px;\">K\u00f6lner Stadt-Anzeiger<\/span><\/p>\n<\/blockquote>\n<\/div><\/section><br \/>\n\n<style type=\"text\/css\" data-created_by=\"avia_inline_auto\" id=\"style-css-av-26ajde-7817e82240da53e7ed30ed583d09db63\">\n.flex_column.av-26ajde-7817e82240da53e7ed30ed583d09db63{\nborder-radius:0px 0px 0px 0px;\npadding:0px 0px 0px 0px;\n}\n<\/style>\n<div  class='flex_column av-26ajde-7817e82240da53e7ed30ed583d09db63 av_one_full  avia-builder-el-34  el_after_av_textblock  avia-builder-el-last  first flex_column_div av-zero-column-padding  column-top-margin'     ><style type=\"text\/css\" data-created_by=\"avia_inline_auto\" id=\"style-css-av-k3y7hjiv-c6ffa57b1716ef01bdc15407883e0660\">\n.av_font_icon.av-k3y7hjiv-c6ffa57b1716ef01bdc15407883e0660 .av-icon-char{\nfont-size:40px;\nline-height:40px;\nwidth:40px;\n}\n<\/style>\n<span  class='av_font_icon av-k3y7hjiv-c6ffa57b1716ef01bdc15407883e0660 avia_animate_when_visible av-icon-style-border avia-icon-pos-center avia-iconfont avia-font-entypo-fontello av-no-color avia-icon-animate'><a href='https:\/\/tickets.fondazioneteatro.bolzano.it\/application.aspx?id=3826'  target=\"_blank\"  rel=\"noopener noreferrer\"  class='av-icon-char' data-av_icon='\ue827' data-av_iconfont='entypo-fontello' aria-hidden=\"false\" data-avia-icon-tooltip=\"&lt;br \/&gt;\nMERANER KABARETT TAGE: ANKA ZINK&lt;br \/&gt;\n14.03.2020 &amp;#8211; h 20.00&lt;br \/&gt;\n\"><\/a><span class='av_icon_caption av-special-font'>Tickets<\/span><\/span><\/div><\/p>\n<\/div><\/div>\n<style type=\"text\/css\" data-created_by=\"avia_inline_auto\" id=\"style-css-av-48ycy8-1bffe5deb2ca0b3259def0c90157b2aa\">\n.flex_cell.av-48ycy8-1bffe5deb2ca0b3259def0c90157b2aa{\nvertical-align:middle;\nheight:300px;\nmin-height:300px;\nbackground:url(https:\/\/art.kallmuenz.it\/wp-content\/uploads\/2019\/12\/kunstverein-kallmuenz_Anka-Zink_2.jpg) 50% 50% no-repeat scroll ;\n}\n.responsive #top #wrap_all .flex_cell.av-48ycy8-1bffe5deb2ca0b3259def0c90157b2aa{\npadding:30px 30px 30px 30px !important;\n}\n<\/style>\n<div class='flex_cell av-48ycy8-1bffe5deb2ca0b3259def0c90157b2aa av-gridrow-cell av_one_half no_margin  avia-builder-el-36  el_after_av_cell_one_half  avia-builder-el-last  content-align-middle avia-full-stretch'  ><div class='flex_cell_inner'><\/div><\/div>\n<\/div>\n<div id='mathias-tretter'  class='av-layout-grid-container av-3zj72o-9a7ac36333e19973521714bb4ed7b11f entry-content-wrapper main_color av-border-top-bottom av-flex-cells  avia-builder-el-37  el_after_av_layout_row  el_before_av_layout_row  grid-row-not-first  container_wrap fullsize'  >\n\n<style type=\"text\/css\" data-created_by=\"avia_inline_auto\" id=\"style-css-av-3xt61s-7c78aac0f0291fce4834ac6ba723135e\">\n.flex_cell.av-3xt61s-7c78aac0f0291fce4834ac6ba723135e{\nvertical-align:middle;\nheight:300px;\nmin-height:300px;\nbackground:url(https:\/\/art.kallmuenz.it\/wp-content\/uploads\/2019\/12\/kunstverein-kallmuenz_mathias_tretter-pop-170420-529.jpg) 50% 50% no-repeat scroll ;\n}\n.responsive #top #wrap_all .flex_cell.av-3xt61s-7c78aac0f0291fce4834ac6ba723135e{\npadding:30px 30px 30px 30px !important;\n}\n<\/style>\n<div class='flex_cell av-3xt61s-7c78aac0f0291fce4834ac6ba723135e av-gridrow-cell av_one_half no_margin  avia-builder-el-38  el_before_av_cell_one_half  avia-builder-el-first  content-align-middle avia-full-stretch'  ><div class='flex_cell_inner'><\/div><\/div>\n<style type=\"text\/css\" data-created_by=\"avia_inline_auto\" id=\"style-css-av-3psfrc-04e2dc327e836967eefbe029b6f90700\">\n.flex_cell.av-3psfrc-04e2dc327e836967eefbe029b6f90700{\nvertical-align:top;\nheight:300px;\nmin-height:300px;\n}\n.responsive #top #wrap_all .flex_cell.av-3psfrc-04e2dc327e836967eefbe029b6f90700{\npadding:30px 30px 30px 30px !important;\n}\n<\/style>\n<div class='flex_cell av-3psfrc-04e2dc327e836967eefbe029b6f90700 av-gridrow-cell av_one_half no_margin  avia-builder-el-39  el_after_av_cell_one_half  avia-builder-el-last  content-align-top'  ><div class='flex_cell_inner'><section  class='av_textblock_section av-3j4fbs-ae9a16dbb2f70ab7eff1e68f5cd131f2 '   itemscope=\"itemscope\" itemtype=\"https:\/\/schema.org\/BlogPosting\" itemprop=\"blogPost\" ><div class='avia_textblock'  itemprop=\"text\" ><h3 style=\"text-align: center;\"><\/h3>\n<h3 style=\"text-align: center;\"><span style=\"color: #b72515;\">Mathias Tretter:<\/span><\/h3>\n<h1 style=\"text-align: center;\">Pop<\/h1>\n<h3 style=\"text-align: center;\">Stadttheater Meran &#8211; Samstag, 21. M\u00e4rz 2020 &#8211; 20.00 Uhr<\/h3>\n<p><strong>S\u00e4nger kriegen den Literatur-Nobelpreis, Kinder erziehen ihre Eltern,<\/strong> das Oval Office ist der neue Hobbykeller. Und au\u00dfen rum und unten drunter die Welt, die schlingert, dass selbst den Profis schlecht wird. Die Zehner Jahre: Dilettanz auf dem Vulkan. David Bowie, Prince, Leonard Cohen und George Michael mussten einfach sterben in dem Jahr, in dem alles Pop wurde. Mathias Tretter ist noch da. Lebendiger denn je, b\u00f6se wie nie, mit dem Programm der Stunde: Pop \u2013 Politkomik ohne Predigt. Von einem Profi oraler Pr\u00e4senz. Mit Pl\u00f6deleien oberster Populistik. Peziehungsweise, ohne Pescheidenheit: 150 Minuten Ruhm.<\/p>\n<p>Der mehrfach preisgekr\u00f6nte Kabarettist (u.a. Salzburger Stier, Deutscher Kleinkunstpreis, Deutscher Kabarettpreis) widmet sich seit dem Abschluss seines Germanistik-Studiums ganz dem Kabarett. Daneben Veranstalter und Moderator einer Art geistiger Kaffeefahrt, die sp\u00e4ter unter dem Anglizismus Poetry Slam selbst im b\u00fcrgerlichen Feuilleton re\u00fcssieren sollte. Neben der k\u00fcnstlerischen T\u00e4tigkeit allerdings immer wieder auch Abst\u00fcrze in die gesellschaftliche Respektabilit\u00e4t: Sprachlehrer an einer Dolmetscher-Schule, au\u00dferplanm\u00e4\u00dfiger Abschluss des Studiums mit einem Magister Artium, bezahlte Literaturkritiken f\u00fcr die SonntagsZeitung Z\u00fcrich. 2004 endg\u00fcltiges Scheitern der sozialen Integration: Vollzeit-Kabarettist; Bekannt aus zahlreichen TV-Sendungen wie SWR Sp\u00e4tschicht, &#8220;Satire Gipfel&#8221;, &#8220;Scheibenwischer&#8221; oder &#8220;Die Anstalt&#8221;.<\/p>\n<blockquote>\n<p><strong>\u201eTretter schafft es, \u00fcber Transhumanismus, die Post-Post-Moderne, das Retro-Ph\u00e4nomen Windowing und den Fluch der Unsterblichkeit bei gleichbleibend hohem intellektuellen Anspruch in einem derart unversch\u00e4mt locker-nonchalanten Duktus und Habitus zu reden und zu spielen, dass man in Gedanken noch kein halbes Mal abschweift.\u201c<\/strong> <span style=\"font-size: 16px;\">S\u00fcddeutsche Zeitung<\/span><\/p>\n<\/blockquote>\n<\/div><\/section><br \/>\n\n<style type=\"text\/css\" data-created_by=\"avia_inline_auto\" id=\"style-css-av-26ajde-7817e82240da53e7ed30ed583d09db63\">\n.flex_column.av-26ajde-7817e82240da53e7ed30ed583d09db63{\nborder-radius:0px 0px 0px 0px;\npadding:0px 0px 0px 0px;\n}\n<\/style>\n<div  class='flex_column av-26ajde-7817e82240da53e7ed30ed583d09db63 av_one_full  avia-builder-el-41  el_after_av_textblock  avia-builder-el-last  first flex_column_div av-zero-column-padding  column-top-margin'     ><style type=\"text\/css\" data-created_by=\"avia_inline_auto\" id=\"style-css-av-k3y7hjiv-ecbb28d3d5a4e819f3d8318505ce469c\">\n.av_font_icon.av-k3y7hjiv-ecbb28d3d5a4e819f3d8318505ce469c .av-icon-char{\nfont-size:40px;\nline-height:40px;\nwidth:40px;\n}\n<\/style>\n<span  class='av_font_icon av-k3y7hjiv-ecbb28d3d5a4e819f3d8318505ce469c avia_animate_when_visible av-icon-style-border avia-icon-pos-center avia-iconfont avia-font-entypo-fontello av-no-color avia-icon-animate'><a href='https:\/\/tickets.fondazioneteatro.bolzano.it\/application.aspx?id=3827'  target=\"_blank\"  rel=\"noopener noreferrer\"  class='av-icon-char' data-av_icon='\ue827' data-av_iconfont='entypo-fontello' aria-hidden=\"false\" data-avia-icon-tooltip=\"&lt;br \/&gt;\nMERANER KABARETT TAGE: MATHIAS TRETTER&lt;br \/&gt;\n21.03.2020 &amp;#8211; h 20.00&lt;br \/&gt;\n\"><\/a><span class='av_icon_caption av-special-font'>Tickets<\/span><\/span><\/div><\/p>\n<\/div><\/div>\n<\/div>\n<div id='bloezinger'  class='av-layout-grid-container av-3fxr8o-2b7031a0fc357d1ca9293741a7baa234 entry-content-wrapper main_color av-border-top-bottom av-flex-cells  avia-builder-el-43  el_after_av_layout_row  el_before_av_layout_row  grid-row-not-first  container_wrap fullsize'  >\n\n<style type=\"text\/css\" data-created_by=\"avia_inline_auto\" id=\"style-css-av-38pd0g-010a5f3796213cdfd4b54c47fc3b5081\">\n.flex_cell.av-38pd0g-010a5f3796213cdfd4b54c47fc3b5081{\nvertical-align:middle;\nheight:300px;\nmin-height:300px;\n}\n.responsive #top #wrap_all .flex_cell.av-38pd0g-010a5f3796213cdfd4b54c47fc3b5081{\npadding:30px 30px 30px 30px !important;\n}\n<\/style>\n<div class='flex_cell av-38pd0g-010a5f3796213cdfd4b54c47fc3b5081 av-gridrow-cell av_one_half no_margin  avia-builder-el-44  el_before_av_cell_one_half  avia-builder-el-first  content-align-middle avia-full-stretch'  ><div class='flex_cell_inner'><section  class='av_textblock_section av-34u8iw-4161de5aba9f82fc09c0f7c358c7bc78 '   itemscope=\"itemscope\" itemtype=\"https:\/\/schema.org\/BlogPosting\" itemprop=\"blogPost\" ><div class='avia_textblock'  itemprop=\"text\" ><h3 style=\"text-align: center;\"><\/h3>\n<h3 style=\"text-align: center;\"><span style=\"color: #b72515;\">Bl\u00f6zinger:<\/span><\/h3>\n<h1 style=\"text-align: center;\">Vorz\u00fcgliche Betr<strong>ACH<\/strong>tungen<\/h1>\n<h3 style=\"text-align: center;\">Stadttheater Meran &#8211; Sonntag, 22. M\u00e4rz 2020 &#8211; 18.00 Uhr<\/h3>\n<p><strong>Trotzdem \u00f6ffnet sich vor dem inneren Auge des Publikums eine komplexe,<\/strong> fantasievolle und originelle Welt voll Humor. Mit gewohnt schauspielerischer Raffinesse widmen sich Robert Bl\u00f6chl und Roland Penzinger in \u201eVorz\u00fcgliche BetrACHTungen\u201c ihrem bisherigen Oeuvre und setzen dabei mehr als ein Best-of in Szene. Zu Recht wurden Bl\u00f6Zinger bereits zweimal (2013 und 2017) mit dem \u00d6sterreichischen Kabarettpreis und 2019 mit dem Deutschen Kleinkunstpreis ausgezeichnet.<\/p>\n<p>Robert Bl\u00f6chl und Roland Penzinger haben sich 2001 bei den CliniClowns in Linz kennengelernt. Unter der Fusion ihrer beiden Nachnamen BL\u00d6chl &amp; PenZINGER haben sie als Kabarettduo Bl\u00f6Zinger 2004 ihr erstes Programm &#8220;Beziehungswaise&#8221; auf die Kleinkunstb\u00fchne gebracht. &#8220;Vorz\u00fcgliche BetrACHTungen&#8221; ist ihr mittlerweile achtes Programm und eine Begegnung mit Figuren aus ihren bisherigen preisgekr\u00f6nten B\u00fchnenst\u00fccken. TV-Auftritte im ORF oder beim Bayerischen Rundfunk haben sie einem gro\u00dfen Publikum bekannt gemacht. Zahlreiche Auszeichnungen begleiten das k\u00fcnstlerische Schaffen des vielseitigen Duos.<\/p>\n<blockquote>\n<p>\u00a0<strong>\u201eEtwas Wahnsinnigeres und Schr\u00e4geres \u2013 und zugleich die Fantasie Anregenderes \u2013 gibt es derzeit kaum im heimischen Kabarett-Genre.\u201c<\/strong> <span style=\"font-size: 16px;\">Kurier (Wien)<\/span><\/p>\n<\/blockquote>\n<\/div><\/section><br \/>\n\n<style type=\"text\/css\" data-created_by=\"avia_inline_auto\" id=\"style-css-av-26ajde-7817e82240da53e7ed30ed583d09db63\">\n.flex_column.av-26ajde-7817e82240da53e7ed30ed583d09db63{\nborder-radius:0px 0px 0px 0px;\npadding:0px 0px 0px 0px;\n}\n<\/style>\n<div  class='flex_column av-26ajde-7817e82240da53e7ed30ed583d09db63 av_one_full  avia-builder-el-46  el_after_av_textblock  avia-builder-el-last  first flex_column_div av-zero-column-padding  column-top-margin'     ><style type=\"text\/css\" data-created_by=\"avia_inline_auto\" id=\"style-css-av-k3y7hjiv-315ab764621f2e652fe5997f4feeee85\">\n.av_font_icon.av-k3y7hjiv-315ab764621f2e652fe5997f4feeee85 .av-icon-char{\nfont-size:40px;\nline-height:40px;\nwidth:40px;\n}\n<\/style>\n<span  class='av_font_icon av-k3y7hjiv-315ab764621f2e652fe5997f4feeee85 avia_animate_when_visible av-icon-style-border avia-icon-pos-center avia-iconfont avia-font-entypo-fontello av-no-color avia-icon-animate'><a href='https:\/\/tickets.fondazioneteatro.bolzano.it\/application.aspx?id=3828'  target=\"_blank\"  rel=\"noopener noreferrer\"  class='av-icon-char' data-av_icon='\ue827' data-av_iconfont='entypo-fontello' aria-hidden=\"false\" data-avia-icon-tooltip=\"&lt;br \/&gt;\nMERANER KABARETT TAGE: BL\u00d6ZINGER&lt;br \/&gt;\n22.03.2020 &amp;#8211; h 18.00&lt;br \/&gt;\n\"><\/a><span class='av_icon_caption av-special-font'>Tickets<\/span><\/span><\/div><\/p>\n<\/div><\/div>\n<style type=\"text\/css\" data-created_by=\"avia_inline_auto\" id=\"style-css-av-2vifsg-6e587bfc7b10bd005a5a1007a509e6e7\">\n.flex_cell.av-2vifsg-6e587bfc7b10bd005a5a1007a509e6e7{\nvertical-align:middle;\nheight:300px;\nmin-height:300px;\nbackground:url(https:\/\/art.kallmuenz.it\/wp-content\/uploads\/2019\/12\/kunstverein-kallmuenz_bloezinger-ok.jpg) 50% 0% no-repeat scroll ;\n}\n.responsive #top #wrap_all .flex_cell.av-2vifsg-6e587bfc7b10bd005a5a1007a509e6e7{\npadding:30px 30px 30px 30px !important;\n}\n<\/style>\n<div class='flex_cell av-2vifsg-6e587bfc7b10bd005a5a1007a509e6e7 av-gridrow-cell av_one_half no_margin  avia-builder-el-48  el_after_av_cell_one_half  avia-builder-el-last  content-align-middle avia-full-stretch'  ><div class='flex_cell_inner'><\/div><\/div>\n<\/div>\n<div id='team'  class='av-layout-grid-container av-1djpp6-6229058207d2aadb25eb1f7b648fbe90 entry-content-wrapper main_color av-border-top-bottom av-flex-cells  avia-builder-el-49  el_after_av_layout_row  el_before_av_partner  grid-row-not-first  container_wrap fullsize'  >\n\n<style type=\"text\/css\" data-created_by=\"avia_inline_auto\" id=\"style-css-av-189ta2-c955e9cdeda17f7646e7ff231b850be4\">\n.flex_cell.av-189ta2-c955e9cdeda17f7646e7ff231b850be4{\nvertical-align:middle;\nheight:300px;\nmin-height:300px;\nbackground:url(https:\/\/art.kallmuenz.it\/wp-content\/uploads\/2019\/03\/kunstverein-kallmuenz_Team-Meraner-Kabarett-Tage-und-Salzburger-Stier.jpg) 50% 0% no-repeat scroll ;\n}\n.responsive #top #wrap_all .flex_cell.av-189ta2-c955e9cdeda17f7646e7ff231b850be4{\npadding:30px 30px 30px 30px !important;\n}\n<\/style>\n<div class='flex_cell av-189ta2-c955e9cdeda17f7646e7ff231b850be4 av-gridrow-cell av_one_half no_margin  avia-builder-el-50  el_before_av_cell_one_half  avia-builder-el-first  content-align-middle avia-full-stretch'  ><div class='flex_cell_inner'><\/div><\/div>\n<style type=\"text\/css\" data-created_by=\"avia_inline_auto\" id=\"style-css-av-111uhe-d97b250ae7285710c26f11ef93f51d6e\">\n.flex_cell.av-111uhe-d97b250ae7285710c26f11ef93f51d6e{\nvertical-align:top;\nheight:300px;\nmin-height:300px;\n}\n.responsive #top #wrap_all .flex_cell.av-111uhe-d97b250ae7285710c26f11ef93f51d6e{\npadding:30px 30px 30px 30px !important;\n}\n<\/style>\n<div class='flex_cell av-111uhe-d97b250ae7285710c26f11ef93f51d6e av-gridrow-cell av_one_half no_margin  avia-builder-el-51  el_after_av_cell_one_half  avia-builder-el-last  content-align-top'  ><div class='flex_cell_inner'><section  class='av_textblock_section av-v6dtu-c564e5771a14647eaa7d60d7db91f3cf '   itemscope=\"itemscope\" itemtype=\"https:\/\/schema.org\/BlogPosting\" itemprop=\"blogPost\" ><div class='avia_textblock'  itemprop=\"text\" ><h1 style=\"text-align: center;\">DAS TEAM<\/h1>\n<h3 style=\"text-align: center;\"><span style=\"color: #b72515;\">der Meraner Kabarett Tage<\/span><\/h3>\n<p>Das ist das Team der Meraner Kabarett Tage. Nach einer Tour de Force im Entstehungsjahr 2019 mit der zeitnahen Organisation der 1. Meraner Kabarett Tage und der Verleihung des Salzburger Stieres, geht es nun in die 2. Runde<strong>.<\/strong><\/p>\n<p><strong>Robert Asam <\/strong>macht das Programm und sonst noch alles M\u00f6gliche, <strong>Marion Th\u00f6ni<\/strong> r\u00fcckt das Programm ins rechte Licht und will dies auf keinen Fall politisch verstanden wissen. <strong>Monika Gamper<\/strong> zieht die organisatorischen und finanziellen F\u00e4den und <strong>Meinhard Khuen <\/strong>ist der B\u00fcrokratie-Beauftragte und wird darum nicht beneidet.<\/p>\n<\/div><\/section>\n<\/div><\/div>\n<\/div><div id='after_grid_row_5'  class='main_color av_default_container_wrap container_wrap fullsize'  ><div class='container av-section-cont-open' ><div class='template-page content  av-content-full alpha units'><div class='post-entry post-entry-type-page post-entry-1786'><div class='entry-content-wrapper clearfix'>\n<div  class='avia-logo-element-container av-josqxsf6-5bca65c7261244d90c8a671b58ee8617 av-border-deactivate avia-logo-grid avia-content-slider avia-smallarrow-slider avia-content-grid-active noHover avia-content-slider-even  avia-builder-el-53  el_after_av_layout_row  el_before_av_partner  avia-builder-el-first  avia-content-slider1' ><div class='avia-smallarrow-slider-heading '><div class='new-special-heading'><h3 class='av-logo-special-heading-text '>Mit freundlicher Unterst\u00fctzung:<\/h3><\/div><\/div><div class=\"avia-content-slider-inner\"><div class=\"slide-entry-wrap\"><div  class='slide-entry av-4r0l4i-b5c25ea5fb6b2197081c1d183062f6a3 flex_column no_margin av_one_half real-thumbnail post-entry slide-entry-overview slide-loop-1 slide-parity-odd  first'><a href=\"https:\/\/www.drschaer.com\/de\" data-rel='slide-1' class='slide-image' title=''  target=\"_blank\"  rel=\"noopener noreferrer\"><img decoding=\"async\" fetchpriority=\"high\" width=\"1030\" height=\"630\" src=\"https:\/\/art.kallmuenz.it\/wp-content\/uploads\/2019\/12\/kunstverein-kallmuenz_hauptsponsor-dr-schaer-1030x630.jpg\" class=\"wp-image-1758 avia-img-lazy-loading-not-1758 attachment-featured_large size-featured_large\" alt=\"\" \/><\/a><\/div><div  class='slide-entry av-1u10b6-c12503360deb8a8ed50be1ab4f36d8ce flex_column no_margin av_one_half real-thumbnail post-entry slide-entry-overview slide-loop-2 slide-parity-even post-entry-last '><a href=\"https:\/\/www.raiffeisen.it\/de\/meran\/MP\/privatkunden.html?rid=2&amp;cHash=b067ba25838bf18a1d13ea76936e932f\" data-rel='slide-1' class='slide-image' title=''  target=\"_blank\"  rel=\"noopener noreferrer\"><img decoding=\"async\" fetchpriority=\"high\" width=\"1030\" height=\"630\" src=\"https:\/\/art.kallmuenz.it\/wp-content\/uploads\/2019\/12\/kunstverein-kallmuenz_hauptsponsor-raiffeisenkasse-1030x630.jpg\" class=\"wp-image-1760 avia-img-lazy-loading-not-1760 attachment-featured_large size-featured_large\" alt=\"\" \/><\/a><\/div><\/div><\/div><\/div>\n<div  class='avia-logo-element-container av-josqxsf6-55ed9386a6003f2c90fd7e52fba362bd av-border-deactivate avia-logo-grid avia-content-slider avia-smallarrow-slider avia-content-grid-active noHover avia-content-slider-even  avia-builder-el-54  el_after_av_partner  el_before_av_partner  avia-content-slider2' ><div class='avia-smallarrow-slider-heading  no-logo-slider-heading '><div class='new-special-heading'>&nbsp;<\/div><\/div><div class=\"avia-content-slider-inner\"><div class=\"slide-entry-wrap\"><div  class='slide-entry av-8vcvm-e51ceeb25a89e07d98b9cdea0064c854 flex_column no_margin av_one_fourth real-thumbnail post-entry slide-entry-overview slide-loop-1 slide-parity-odd  first'><a href=\"http:\/\/www.siebenfoercher.it\/de\/home.php\" data-rel='slide-2' class='slide-image' title=''  target=\"_blank\"  rel=\"noopener noreferrer\"><img decoding=\"async\" fetchpriority=\"high\" width=\"1030\" height=\"630\" src=\"https:\/\/art.kallmuenz.it\/wp-content\/uploads\/2019\/03\/kunstverein-kallmuenz_Siebenfoercher-1030x630.jpg\" class=\"wp-image-1097 avia-img-lazy-loading-not-1097 attachment-featured_large size-featured_large\" alt=\"\" \/><\/a><\/div><div  class='slide-entry av-4bsqwi-146b0cd2564c5cb85af71277283e6856 flex_column no_margin av_one_fourth real-thumbnail post-entry slide-entry-overview slide-loop-2 slide-parity-even  '><a href=\"https:\/\/www.gemeinde.meran.bz.it\/de\" data-rel='slide-2' class='slide-image' title=''  target=\"_blank\"  rel=\"noopener noreferrer\"><img decoding=\"async\" fetchpriority=\"high\" width=\"1030\" height=\"630\" src=\"https:\/\/art.kallmuenz.it\/wp-content\/uploads\/2019\/12\/kunstverein-kallmuenz_sponsor-gemeinde-meran-1030x630.jpg\" class=\"wp-image-1763 avia-img-lazy-loading-not-1763 attachment-featured_large size-featured_large\" alt=\"\" \/><\/a><\/div><div  class='slide-entry av-av_partner_logo-aa83719381b381a2dc2f3dbee5d01139 flex_column no_margin av_one_fourth real-thumbnail post-entry slide-entry-overview slide-loop-3 slide-parity-odd  '><a href=\"https:\/\/www.rohrer-immobilien.it\/\" data-rel='slide-2' class='slide-image' title=''  target=\"_blank\"  rel=\"noopener noreferrer\"><img decoding=\"async\" fetchpriority=\"high\" width=\"1030\" height=\"630\" src=\"https:\/\/art.kallmuenz.it\/wp-content\/uploads\/2019\/12\/kunstverein-kallmuenz_sponsor-rohrer-1030x630.jpg\" class=\"wp-image-1811 avia-img-lazy-loading-not-1811 attachment-featured_large size-featured_large\" alt=\"\" \/><\/a><\/div><div  class='slide-entry av-nsgiy-0780dd0e8005d938f096b9fd8623ec94 flex_column no_margin av_one_fourth real-thumbnail post-entry slide-entry-overview slide-loop-4 slide-parity-even post-entry-last '><a href=\"https:\/\/www.doppelmayr.com\/\" data-rel='slide-2' class='slide-image' title=''  target=\"_blank\"  rel=\"noopener noreferrer\"><img decoding=\"async\" fetchpriority=\"high\" width=\"1030\" height=\"630\" src=\"https:\/\/art.kallmuenz.it\/wp-content\/uploads\/2019\/03\/kunstverein-kallmuenz_Doppelmayr-1030x630.jpg\" class=\"wp-image-1091 avia-img-lazy-loading-not-1091 attachment-featured_large size-featured_large\" alt=\"\" \/><\/a><\/div><\/div><\/div><\/div>\n<div  class='avia-logo-element-container av-josqxsf6-5ef54f6d4d06d735a8e0723bca92d8d8 av-border-deactivate avia-logo-grid avia-content-slider avia-smallarrow-slider avia-content-grid-active noHover avia-content-slider-odd  avia-builder-el-55  el_after_av_partner  el_before_av_hr  avia-content-slider3' ><div class='avia-smallarrow-slider-heading  no-logo-slider-heading '><div class='new-special-heading'>&nbsp;<\/div><\/div><div class=\"avia-content-slider-inner\"><div class=\"slide-entry-wrap\"><div  class='slide-entry av-qn276-e2008c04bf2cbe920f7ae9839b8102e9 flex_column no_margin av_one_fifth real-thumbnail post-entry slide-entry-overview slide-loop-1 slide-parity-odd  first'><a href=\"http:\/\/www.hotel-aurora-meran.com\/\" data-rel='slide-3' class='slide-image' title=''  target=\"_blank\"  rel=\"noopener noreferrer\"><img decoding=\"async\" fetchpriority=\"high\" width=\"1030\" height=\"687\" src=\"https:\/\/art.kallmuenz.it\/wp-content\/uploads\/2019\/03\/kunstverein-kallmuenz_Aurora-CMYK.jpg\" class=\"wp-image-1104 avia-img-lazy-loading-not-1104 attachment-no scaling size-no scaling\" alt=\"\" srcset=\"https:\/\/art.kallmuenz.it\/wp-content\/uploads\/2019\/03\/kunstverein-kallmuenz_Aurora-CMYK.jpg 1030w, https:\/\/art.kallmuenz.it\/wp-content\/uploads\/2019\/03\/kunstverein-kallmuenz_Aurora-CMYK-300x200.jpg 300w, https:\/\/art.kallmuenz.it\/wp-content\/uploads\/2019\/03\/kunstverein-kallmuenz_Aurora-CMYK-768x512.jpg 768w, https:\/\/art.kallmuenz.it\/wp-content\/uploads\/2019\/03\/kunstverein-kallmuenz_Aurora-CMYK-705x470.jpg 705w, https:\/\/art.kallmuenz.it\/wp-content\/uploads\/2019\/03\/kunstverein-kallmuenz_Aurora-CMYK-450x300.jpg 450w\" sizes=\"(max-width: 1030px) 100vw, 1030px\" \/><\/a><\/div><div  class='slide-entry av-6y18j6-05c1b65b8d0f1e603a44510c544e1655 flex_column no_margin av_one_fifth real-thumbnail post-entry slide-entry-overview slide-loop-2 slide-parity-even  '><a href=\"https:\/\/www.hoteltermemerano.it\/de\/wellnesshotel-in-meran\/1-0.html\" data-rel='slide-3' class='slide-image' title=''  target=\"_blank\"  rel=\"noopener noreferrer\"><img decoding=\"async\" fetchpriority=\"high\" width=\"1030\" height=\"687\" src=\"https:\/\/art.kallmuenz.it\/wp-content\/uploads\/2019\/12\/kunstverein-kallmuenz_sponsor-hotel-terme.jpg\" class=\"wp-image-1769 avia-img-lazy-loading-not-1769 attachment-no scaling size-no scaling\" alt=\"\" srcset=\"https:\/\/art.kallmuenz.it\/wp-content\/uploads\/2019\/12\/kunstverein-kallmuenz_sponsor-hotel-terme.jpg 1030w, https:\/\/art.kallmuenz.it\/wp-content\/uploads\/2019\/12\/kunstverein-kallmuenz_sponsor-hotel-terme-300x200.jpg 300w, https:\/\/art.kallmuenz.it\/wp-content\/uploads\/2019\/12\/kunstverein-kallmuenz_sponsor-hotel-terme-768x512.jpg 768w, https:\/\/art.kallmuenz.it\/wp-content\/uploads\/2019\/12\/kunstverein-kallmuenz_sponsor-hotel-terme-705x470.jpg 705w\" sizes=\"(max-width: 1030px) 100vw, 1030px\" \/><\/a><\/div><div  class='slide-entry av-6d72cy-366624d36aff0bb7449f7a74e0be5e28 flex_column no_margin av_one_fifth real-thumbnail post-entry slide-entry-overview slide-loop-3 slide-parity-odd  '><a href=\"http:\/\/www.suiteseven.it\/\" data-rel='slide-3' class='slide-image' title=''  target=\"_blank\"  rel=\"noopener noreferrer\"><img decoding=\"async\" fetchpriority=\"high\" width=\"1030\" height=\"687\" src=\"https:\/\/art.kallmuenz.it\/wp-content\/uploads\/2019\/12\/kunstverein-kallmuenz_sponsor-suite-seven.jpg\" class=\"wp-image-1773 avia-img-lazy-loading-not-1773 attachment-no scaling size-no scaling\" alt=\"\" srcset=\"https:\/\/art.kallmuenz.it\/wp-content\/uploads\/2019\/12\/kunstverein-kallmuenz_sponsor-suite-seven.jpg 1030w, https:\/\/art.kallmuenz.it\/wp-content\/uploads\/2019\/12\/kunstverein-kallmuenz_sponsor-suite-seven-300x200.jpg 300w, https:\/\/art.kallmuenz.it\/wp-content\/uploads\/2019\/12\/kunstverein-kallmuenz_sponsor-suite-seven-768x512.jpg 768w, https:\/\/art.kallmuenz.it\/wp-content\/uploads\/2019\/12\/kunstverein-kallmuenz_sponsor-suite-seven-705x470.jpg 705w\" sizes=\"(max-width: 1030px) 100vw, 1030px\" \/><\/a><\/div><div  class='slide-entry av-d4uxe-08aeac87df9d2af62e5710e6df0373b4 flex_column no_margin av_one_fifth real-thumbnail post-entry slide-entry-overview slide-loop-4 slide-parity-even  '><a href=\"http:\/\/www.residence-roesch.it\/\" data-rel='slide-3' class='slide-image' title=''  target=\"_blank\"  rel=\"noopener noreferrer\"><img decoding=\"async\" fetchpriority=\"high\" width=\"1030\" height=\"687\" src=\"https:\/\/art.kallmuenz.it\/wp-content\/uploads\/2019\/12\/kunstverein-kallmuenz_sponsor-residence-roesch.jpg\" class=\"wp-image-1771 avia-img-lazy-loading-not-1771 attachment-no scaling size-no scaling\" alt=\"\" srcset=\"https:\/\/art.kallmuenz.it\/wp-content\/uploads\/2019\/12\/kunstverein-kallmuenz_sponsor-residence-roesch.jpg 1030w, https:\/\/art.kallmuenz.it\/wp-content\/uploads\/2019\/12\/kunstverein-kallmuenz_sponsor-residence-roesch-300x200.jpg 300w, https:\/\/art.kallmuenz.it\/wp-content\/uploads\/2019\/12\/kunstverein-kallmuenz_sponsor-residence-roesch-768x512.jpg 768w, https:\/\/art.kallmuenz.it\/wp-content\/uploads\/2019\/12\/kunstverein-kallmuenz_sponsor-residence-roesch-705x470.jpg 705w\" sizes=\"(max-width: 1030px) 100vw, 1030px\" \/><\/a><\/div><div  class='slide-entry av-1ue2zm-3388a0f134cacec3e5fe139a032515be flex_column no_margin av_one_fifth real-thumbnail post-entry slide-entry-overview slide-loop-5 slide-parity-odd post-entry-last '><a href=\"https:\/\/www.forsterbrau.it\/de\/forsterbr%C3%A4u-meran\/\" data-rel='slide-3' class='slide-image' title=''  target=\"_blank\"  rel=\"noopener noreferrer\"><img decoding=\"async\" fetchpriority=\"high\" width=\"1030\" height=\"687\" src=\"https:\/\/art.kallmuenz.it\/wp-content\/uploads\/2019\/12\/kunstverein-kallmuenz_sponsor-forsterbraeu-meran.jpg\" class=\"wp-image-1775 avia-img-lazy-loading-not-1775 attachment-no scaling size-no scaling\" alt=\"\" srcset=\"https:\/\/art.kallmuenz.it\/wp-content\/uploads\/2019\/12\/kunstverein-kallmuenz_sponsor-forsterbraeu-meran.jpg 1030w, https:\/\/art.kallmuenz.it\/wp-content\/uploads\/2019\/12\/kunstverein-kallmuenz_sponsor-forsterbraeu-meran-300x200.jpg 300w, https:\/\/art.kallmuenz.it\/wp-content\/uploads\/2019\/12\/kunstverein-kallmuenz_sponsor-forsterbraeu-meran-768x512.jpg 768w, https:\/\/art.kallmuenz.it\/wp-content\/uploads\/2019\/12\/kunstverein-kallmuenz_sponsor-forsterbraeu-meran-705x470.jpg 705w\" sizes=\"(max-width: 1030px) 100vw, 1030px\" \/><\/a><\/div><\/div><\/div><\/div>\n\n<style type=\"text\/css\" data-created_by=\"avia_inline_auto\" id=\"style-css-av-k3york69-48796f6d4691487ae33086f89b9afa52\">\n#top .hr.hr-invisible.av-k3york69-48796f6d4691487ae33086f89b9afa52{\nheight:50px;\n}\n<\/style>\n<div  class='hr av-k3york69-48796f6d4691487ae33086f89b9afa52 hr-invisible  avia-builder-el-56  el_after_av_partner  el_before_av_one_third '><span class='hr-inner '><span class=\"hr-inner-style\"><\/span><\/span><\/div>\n\n<style type=\"text\/css\" data-created_by=\"avia_inline_auto\" id=\"style-css-av-jo7ajm81-d20b8c0a4cb0f3b6b2496e7a3c8e5ba2\">\n.flex_column.av-jo7ajm81-d20b8c0a4cb0f3b6b2496e7a3c8e5ba2{\nborder-radius:0px 0px 0px 0px;\npadding:0px 0px 0px 0px;\n}\n<\/style>\n<div  class='flex_column av-jo7ajm81-d20b8c0a4cb0f3b6b2496e7a3c8e5ba2 av_one_third  avia-builder-el-57  el_after_av_hr  el_before_av_one_third  first av-break-at-tablet flex_column_div av-hide-on-mobile av-zero-column-padding  '     ><\/div>\n\n<style type=\"text\/css\" data-created_by=\"avia_inline_auto\" id=\"style-css-av-frarx-e351301c1e4a53fd3e32bed76c4264a5\">\n.flex_column.av-frarx-e351301c1e4a53fd3e32bed76c4264a5{\nborder-radius:0px 0px 0px 0px;\npadding:0px 0px 0px 0px;\n}\n<\/style>\n<div  class='flex_column av-frarx-e351301c1e4a53fd3e32bed76c4264a5 av_one_third  avia-builder-el-58  el_after_av_one_third  el_before_av_one_third  av-break-at-tablet flex_column_div av-zero-column-padding  '     ><div  class='avia-builder-widget-area clearfix  avia-builder-el-59  avia-builder-el-no-sibling '><div id=\"avia_mailchimp_widget-3\" class=\"widget clearfix avia-widget-container avia_mailchimp_widget avia_no_block_preview\"><div class=\"avia-preview-headline\">kallm\u00fcnz Mailchimp Newsletter Signup<\/div><div class=\"avia-preview-info\">Titolo: Newsletter<\/div><div class=\"avia-preview-info\">Mailchimp List: 94e96eb9df<\/div><div class=\"avia-preview-in-front\">Content is only rendered in frontend.<\/div><\/div><\/div><\/div>\n\n<style type=\"text\/css\" data-created_by=\"avia_inline_auto\" id=\"style-css-av-jo7ajsek-276efce0ff45b4de0f9484709aa401f4\">\n.flex_column.av-jo7ajsek-276efce0ff45b4de0f9484709aa401f4{\nborder-radius:0px 0px 0px 0px;\npadding:0px 0px 0px 0px;\n}\n<\/style>\n<div  class='flex_column av-jo7ajsek-276efce0ff45b4de0f9484709aa401f4 av_one_third  avia-builder-el-60  el_after_av_one_third  avia-builder-el-last  av-break-at-tablet flex_column_div av-hide-on-mobile av-zero-column-padding  '     ><\/div>\n","protected":false},"excerpt":{"rendered":"<p>13. &#8211; 22.03.2020<\/p>\n","protected":false},"author":4021,"featured_media":1719,"comment_status":"closed","ping_status":"closed","sticky":false,"template":"","format":"standard","meta":{"footnotes":""},"categories":[41],"tags":[],"class_list":["post-1786","post","type-post","status-publish","format-standard","has-post-thumbnail","hentry","category-archivio"],"yoast_head":"<!-- This site is optimized with the Yoast SEO plugin v27.5 - https:\/\/yoast.com\/product\/yoast-seo-wordpress\/ -->\n<title>Meraner Kabarett Tage 2020 - Associazione Artistica Kallm\u00fcnz Merano<\/title>\n<meta name=\"description\" content=\"Meraner Kabarett Tage 2020 vom 13. bis 22. M\u00e4rz 2020 im Stadttheater Meran: Christoph Simon - Anka Zink - Mathias Tretter - Bl\u00f6Zinger\" \/>\n<meta name=\"robots\" content=\"index, follow, max-snippet:-1, max-image-preview:large, max-video-preview:-1\" \/>\n<link rel=\"canonical\" href=\"https:\/\/art.kallmuenz.it\/it\/meraner-kabarett-tage-2020\/\" \/>\n<meta property=\"og:locale\" content=\"it_IT\" \/>\n<meta property=\"og:type\" content=\"article\" \/>\n<meta property=\"og:title\" content=\"Meraner Kabarett Tage 2020 - Associazione Artistica Kallm\u00fcnz Merano\" \/>\n<meta property=\"og:description\" content=\"Meraner Kabarett Tage 2020 vom 13. bis 22. M\u00e4rz 2020 im Stadttheater Meran: Christoph Simon - Anka Zink - Mathias Tretter - Bl\u00f6Zinger\" \/>\n<meta property=\"og:url\" content=\"https:\/\/art.kallmuenz.it\/it\/meraner-kabarett-tage-2020\/\" \/>\n<meta property=\"og:site_name\" content=\"Associazione Artistica Kallm\u00fcnz Merano\" \/>\n<meta property=\"article:publisher\" content=\"https:\/\/www.facebook.com\/KunstvereinKallmuenz\" \/>\n<meta property=\"article:published_time\" content=\"2019-12-09T17:10:01+00:00\" \/>\n<meta property=\"article:modified_time\" content=\"2019-12-17T13:52:45+00:00\" \/>\n<meta property=\"og:image\" content=\"https:\/\/art.kallmuenz.it\/wp-content\/uploads\/2019\/12\/kunstverein-kallmuenz_LOGO-Meraner-Kabarett-Tage.jpg\" \/>\n\t<meta property=\"og:image:width\" content=\"1030\" \/>\n\t<meta property=\"og:image:height\" content=\"687\" \/>\n\t<meta property=\"og:image:type\" content=\"image\/jpeg\" \/>\n<meta name=\"author\" content=\"\u00a1\u00e0ndale!\" \/>\n<script type=\"application\/ld+json\" class=\"yoast-schema-graph\">{\"@context\":\"https:\\\/\\\/schema.org\",\"@graph\":[{\"@type\":\"Article\",\"@id\":\"https:\\\/\\\/art.kallmuenz.it\\\/it\\\/meraner-kabarett-tage-2020\\\/#article\",\"isPartOf\":{\"@id\":\"https:\\\/\\\/art.kallmuenz.it\\\/it\\\/meraner-kabarett-tage-2020\\\/\"},\"author\":{\"name\":\"\u00a1\u00e0ndale!\",\"@id\":\"https:\\\/\\\/art.kallmuenz.it\\\/it\\\/#\\\/schema\\\/person\\\/2d3f5172d1b1545c374946b94c2dfcd2\"},\"headline\":\"Meraner Kabarett Tage 2020\",\"datePublished\":\"2019-12-09T17:10:01+00:00\",\"dateModified\":\"2019-12-17T13:52:45+00:00\",\"mainEntityOfPage\":{\"@id\":\"https:\\\/\\\/art.kallmuenz.it\\\/it\\\/meraner-kabarett-tage-2020\\\/\"},\"wordCount\":4959,\"publisher\":{\"@id\":\"https:\\\/\\\/art.kallmuenz.it\\\/it\\\/#organization\"},\"image\":{\"@id\":\"https:\\\/\\\/art.kallmuenz.it\\\/it\\\/meraner-kabarett-tage-2020\\\/#primaryimage\"},\"thumbnailUrl\":\"https:\\\/\\\/art.kallmuenz.it\\\/wp-content\\\/uploads\\\/2019\\\/12\\\/kunstverein-kallmuenz_LOGO-Meraner-Kabarett-Tage.jpg\",\"articleSection\":[\"Archivio\"],\"inLanguage\":\"it-IT\"},{\"@type\":\"WebPage\",\"@id\":\"https:\\\/\\\/art.kallmuenz.it\\\/it\\\/meraner-kabarett-tage-2020\\\/\",\"url\":\"https:\\\/\\\/art.kallmuenz.it\\\/it\\\/meraner-kabarett-tage-2020\\\/\",\"name\":\"Meraner Kabarett Tage 2020 - Associazione Artistica Kallm\u00fcnz Merano\",\"isPartOf\":{\"@id\":\"https:\\\/\\\/art.kallmuenz.it\\\/it\\\/#website\"},\"primaryImageOfPage\":{\"@id\":\"https:\\\/\\\/art.kallmuenz.it\\\/it\\\/meraner-kabarett-tage-2020\\\/#primaryimage\"},\"image\":{\"@id\":\"https:\\\/\\\/art.kallmuenz.it\\\/it\\\/meraner-kabarett-tage-2020\\\/#primaryimage\"},\"thumbnailUrl\":\"https:\\\/\\\/art.kallmuenz.it\\\/wp-content\\\/uploads\\\/2019\\\/12\\\/kunstverein-kallmuenz_LOGO-Meraner-Kabarett-Tage.jpg\",\"datePublished\":\"2019-12-09T17:10:01+00:00\",\"dateModified\":\"2019-12-17T13:52:45+00:00\",\"description\":\"Meraner Kabarett Tage 2020 vom 13. bis 22. M\u00e4rz 2020 im Stadttheater Meran: Christoph Simon - Anka Zink - Mathias Tretter - Bl\u00f6Zinger\",\"breadcrumb\":{\"@id\":\"https:\\\/\\\/art.kallmuenz.it\\\/it\\\/meraner-kabarett-tage-2020\\\/#breadcrumb\"},\"inLanguage\":\"it-IT\",\"potentialAction\":[{\"@type\":\"ReadAction\",\"target\":[\"https:\\\/\\\/art.kallmuenz.it\\\/it\\\/meraner-kabarett-tage-2020\\\/\"]}]},{\"@type\":\"ImageObject\",\"inLanguage\":\"it-IT\",\"@id\":\"https:\\\/\\\/art.kallmuenz.it\\\/it\\\/meraner-kabarett-tage-2020\\\/#primaryimage\",\"url\":\"https:\\\/\\\/art.kallmuenz.it\\\/wp-content\\\/uploads\\\/2019\\\/12\\\/kunstverein-kallmuenz_LOGO-Meraner-Kabarett-Tage.jpg\",\"contentUrl\":\"https:\\\/\\\/art.kallmuenz.it\\\/wp-content\\\/uploads\\\/2019\\\/12\\\/kunstverein-kallmuenz_LOGO-Meraner-Kabarett-Tage.jpg\",\"width\":1030,\"height\":687,\"caption\":\"Meraner Kabarett Tage 2020\"},{\"@type\":\"BreadcrumbList\",\"@id\":\"https:\\\/\\\/art.kallmuenz.it\\\/it\\\/meraner-kabarett-tage-2020\\\/#breadcrumb\",\"itemListElement\":[{\"@type\":\"ListItem\",\"position\":1,\"name\":\"Startseite\",\"item\":\"https:\\\/\\\/art.kallmuenz.it\\\/it\\\/associazione-culturale-kallmuenz-merano\\\/\"},{\"@type\":\"ListItem\",\"position\":2,\"name\":\"Meraner Kabarett Tage 2020\"}]},{\"@type\":\"WebSite\",\"@id\":\"https:\\\/\\\/art.kallmuenz.it\\\/it\\\/#website\",\"url\":\"https:\\\/\\\/art.kallmuenz.it\\\/it\\\/\",\"name\":\"Associazione Artistica Kallm\u00fcnz Merano\",\"description\":\"Arte e cultura a Merano\",\"publisher\":{\"@id\":\"https:\\\/\\\/art.kallmuenz.it\\\/it\\\/#organization\"},\"potentialAction\":[{\"@type\":\"SearchAction\",\"target\":{\"@type\":\"EntryPoint\",\"urlTemplate\":\"https:\\\/\\\/art.kallmuenz.it\\\/it\\\/?s={search_term_string}\"},\"query-input\":{\"@type\":\"PropertyValueSpecification\",\"valueRequired\":true,\"valueName\":\"search_term_string\"}}],\"inLanguage\":\"it-IT\"},{\"@type\":\"Organization\",\"@id\":\"https:\\\/\\\/art.kallmuenz.it\\\/it\\\/#organization\",\"name\":\"Kunstverein Kallm\u00fcnz\",\"url\":\"https:\\\/\\\/art.kallmuenz.it\\\/it\\\/\",\"logo\":{\"@type\":\"ImageObject\",\"inLanguage\":\"it-IT\",\"@id\":\"https:\\\/\\\/art.kallmuenz.it\\\/it\\\/#\\\/schema\\\/logo\\\/image\\\/\",\"url\":\"https:\\\/\\\/art.kallmuenz.it\\\/wp-content\\\/uploads\\\/2017\\\/04\\\/kallmuenz_stempel-preloader.png\",\"contentUrl\":\"https:\\\/\\\/art.kallmuenz.it\\\/wp-content\\\/uploads\\\/2017\\\/04\\\/kallmuenz_stempel-preloader.png\",\"width\":200,\"height\":176,\"caption\":\"Kunstverein Kallm\u00fcnz\"},\"image\":{\"@id\":\"https:\\\/\\\/art.kallmuenz.it\\\/it\\\/#\\\/schema\\\/logo\\\/image\\\/\"},\"sameAs\":[\"https:\\\/\\\/www.facebook.com\\\/KunstvereinKallmuenz\"]},{\"@type\":\"Person\",\"@id\":\"https:\\\/\\\/art.kallmuenz.it\\\/it\\\/#\\\/schema\\\/person\\\/2d3f5172d1b1545c374946b94c2dfcd2\",\"name\":\"\u00a1\u00e0ndale!\",\"image\":{\"@type\":\"ImageObject\",\"inLanguage\":\"it-IT\",\"@id\":\"https:\\\/\\\/secure.gravatar.com\\\/avatar\\\/e5477d2c73186d58b209d577373d5cc4822796d664543a8983596def2306f7d9?s=96&d=mm&r=g\",\"url\":\"https:\\\/\\\/secure.gravatar.com\\\/avatar\\\/e5477d2c73186d58b209d577373d5cc4822796d664543a8983596def2306f7d9?s=96&d=mm&r=g\",\"contentUrl\":\"https:\\\/\\\/secure.gravatar.com\\\/avatar\\\/e5477d2c73186d58b209d577373d5cc4822796d664543a8983596def2306f7d9?s=96&d=mm&r=g\",\"caption\":\"\u00a1\u00e0ndale!\"}}]}<\/script>\n<!-- \/ Yoast SEO plugin. -->","yoast_head_json":{"title":"Meraner Kabarett Tage 2020 - Associazione Artistica Kallm\u00fcnz Merano","description":"Meraner Kabarett Tage 2020 vom 13. bis 22. M\u00e4rz 2020 im Stadttheater Meran: Christoph Simon - Anka Zink - Mathias Tretter - Bl\u00f6Zinger","robots":{"index":"index","follow":"follow","max-snippet":"max-snippet:-1","max-image-preview":"max-image-preview:large","max-video-preview":"max-video-preview:-1"},"canonical":"https:\/\/art.kallmuenz.it\/it\/meraner-kabarett-tage-2020\/","og_locale":"it_IT","og_type":"article","og_title":"Meraner Kabarett Tage 2020 - Associazione Artistica Kallm\u00fcnz Merano","og_description":"Meraner Kabarett Tage 2020 vom 13. bis 22. M\u00e4rz 2020 im Stadttheater Meran: Christoph Simon - Anka Zink - Mathias Tretter - Bl\u00f6Zinger","og_url":"https:\/\/art.kallmuenz.it\/it\/meraner-kabarett-tage-2020\/","og_site_name":"Associazione Artistica Kallm\u00fcnz Merano","article_publisher":"https:\/\/www.facebook.com\/KunstvereinKallmuenz","article_published_time":"2019-12-09T17:10:01+00:00","article_modified_time":"2019-12-17T13:52:45+00:00","og_image":[{"width":1030,"height":687,"url":"https:\/\/art.kallmuenz.it\/wp-content\/uploads\/2019\/12\/kunstverein-kallmuenz_LOGO-Meraner-Kabarett-Tage.jpg","type":"image\/jpeg"}],"author":"\u00a1\u00e0ndale!","schema":{"@context":"https:\/\/schema.org","@graph":[{"@type":"Article","@id":"https:\/\/art.kallmuenz.it\/it\/meraner-kabarett-tage-2020\/#article","isPartOf":{"@id":"https:\/\/art.kallmuenz.it\/it\/meraner-kabarett-tage-2020\/"},"author":{"name":"\u00a1\u00e0ndale!","@id":"https:\/\/art.kallmuenz.it\/it\/#\/schema\/person\/2d3f5172d1b1545c374946b94c2dfcd2"},"headline":"Meraner Kabarett Tage 2020","datePublished":"2019-12-09T17:10:01+00:00","dateModified":"2019-12-17T13:52:45+00:00","mainEntityOfPage":{"@id":"https:\/\/art.kallmuenz.it\/it\/meraner-kabarett-tage-2020\/"},"wordCount":4959,"publisher":{"@id":"https:\/\/art.kallmuenz.it\/it\/#organization"},"image":{"@id":"https:\/\/art.kallmuenz.it\/it\/meraner-kabarett-tage-2020\/#primaryimage"},"thumbnailUrl":"https:\/\/art.kallmuenz.it\/wp-content\/uploads\/2019\/12\/kunstverein-kallmuenz_LOGO-Meraner-Kabarett-Tage.jpg","articleSection":["Archivio"],"inLanguage":"it-IT"},{"@type":"WebPage","@id":"https:\/\/art.kallmuenz.it\/it\/meraner-kabarett-tage-2020\/","url":"https:\/\/art.kallmuenz.it\/it\/meraner-kabarett-tage-2020\/","name":"Meraner Kabarett Tage 2020 - Associazione Artistica Kallm\u00fcnz Merano","isPartOf":{"@id":"https:\/\/art.kallmuenz.it\/it\/#website"},"primaryImageOfPage":{"@id":"https:\/\/art.kallmuenz.it\/it\/meraner-kabarett-tage-2020\/#primaryimage"},"image":{"@id":"https:\/\/art.kallmuenz.it\/it\/meraner-kabarett-tage-2020\/#primaryimage"},"thumbnailUrl":"https:\/\/art.kallmuenz.it\/wp-content\/uploads\/2019\/12\/kunstverein-kallmuenz_LOGO-Meraner-Kabarett-Tage.jpg","datePublished":"2019-12-09T17:10:01+00:00","dateModified":"2019-12-17T13:52:45+00:00","description":"Meraner Kabarett Tage 2020 vom 13. bis 22. M\u00e4rz 2020 im Stadttheater Meran: Christoph Simon - Anka Zink - Mathias Tretter - Bl\u00f6Zinger","breadcrumb":{"@id":"https:\/\/art.kallmuenz.it\/it\/meraner-kabarett-tage-2020\/#breadcrumb"},"inLanguage":"it-IT","potentialAction":[{"@type":"ReadAction","target":["https:\/\/art.kallmuenz.it\/it\/meraner-kabarett-tage-2020\/"]}]},{"@type":"ImageObject","inLanguage":"it-IT","@id":"https:\/\/art.kallmuenz.it\/it\/meraner-kabarett-tage-2020\/#primaryimage","url":"https:\/\/art.kallmuenz.it\/wp-content\/uploads\/2019\/12\/kunstverein-kallmuenz_LOGO-Meraner-Kabarett-Tage.jpg","contentUrl":"https:\/\/art.kallmuenz.it\/wp-content\/uploads\/2019\/12\/kunstverein-kallmuenz_LOGO-Meraner-Kabarett-Tage.jpg","width":1030,"height":687,"caption":"Meraner Kabarett Tage 2020"},{"@type":"BreadcrumbList","@id":"https:\/\/art.kallmuenz.it\/it\/meraner-kabarett-tage-2020\/#breadcrumb","itemListElement":[{"@type":"ListItem","position":1,"name":"Startseite","item":"https:\/\/art.kallmuenz.it\/it\/associazione-culturale-kallmuenz-merano\/"},{"@type":"ListItem","position":2,"name":"Meraner Kabarett Tage 2020"}]},{"@type":"WebSite","@id":"https:\/\/art.kallmuenz.it\/it\/#website","url":"https:\/\/art.kallmuenz.it\/it\/","name":"Associazione Artistica Kallm\u00fcnz Merano","description":"Arte e cultura a Merano","publisher":{"@id":"https:\/\/art.kallmuenz.it\/it\/#organization"},"potentialAction":[{"@type":"SearchAction","target":{"@type":"EntryPoint","urlTemplate":"https:\/\/art.kallmuenz.it\/it\/?s={search_term_string}"},"query-input":{"@type":"PropertyValueSpecification","valueRequired":true,"valueName":"search_term_string"}}],"inLanguage":"it-IT"},{"@type":"Organization","@id":"https:\/\/art.kallmuenz.it\/it\/#organization","name":"Kunstverein Kallm\u00fcnz","url":"https:\/\/art.kallmuenz.it\/it\/","logo":{"@type":"ImageObject","inLanguage":"it-IT","@id":"https:\/\/art.kallmuenz.it\/it\/#\/schema\/logo\/image\/","url":"https:\/\/art.kallmuenz.it\/wp-content\/uploads\/2017\/04\/kallmuenz_stempel-preloader.png","contentUrl":"https:\/\/art.kallmuenz.it\/wp-content\/uploads\/2017\/04\/kallmuenz_stempel-preloader.png","width":200,"height":176,"caption":"Kunstverein Kallm\u00fcnz"},"image":{"@id":"https:\/\/art.kallmuenz.it\/it\/#\/schema\/logo\/image\/"},"sameAs":["https:\/\/www.facebook.com\/KunstvereinKallmuenz"]},{"@type":"Person","@id":"https:\/\/art.kallmuenz.it\/it\/#\/schema\/person\/2d3f5172d1b1545c374946b94c2dfcd2","name":"\u00a1\u00e0ndale!","image":{"@type":"ImageObject","inLanguage":"it-IT","@id":"https:\/\/secure.gravatar.com\/avatar\/e5477d2c73186d58b209d577373d5cc4822796d664543a8983596def2306f7d9?s=96&d=mm&r=g","url":"https:\/\/secure.gravatar.com\/avatar\/e5477d2c73186d58b209d577373d5cc4822796d664543a8983596def2306f7d9?s=96&d=mm&r=g","contentUrl":"https:\/\/secure.gravatar.com\/avatar\/e5477d2c73186d58b209d577373d5cc4822796d664543a8983596def2306f7d9?s=96&d=mm&r=g","caption":"\u00a1\u00e0ndale!"}}]}},"_links":{"self":[{"href":"https:\/\/art.kallmuenz.it\/it\/wp-json\/wp\/v2\/posts\/1786","targetHints":{"allow":["GET"]}}],"collection":[{"href":"https:\/\/art.kallmuenz.it\/it\/wp-json\/wp\/v2\/posts"}],"about":[{"href":"https:\/\/art.kallmuenz.it\/it\/wp-json\/wp\/v2\/types\/post"}],"author":[{"embeddable":true,"href":"https:\/\/art.kallmuenz.it\/it\/wp-json\/wp\/v2\/users\/4021"}],"replies":[{"embeddable":true,"href":"https:\/\/art.kallmuenz.it\/it\/wp-json\/wp\/v2\/comments?post=1786"}],"version-history":[{"count":0,"href":"https:\/\/art.kallmuenz.it\/it\/wp-json\/wp\/v2\/posts\/1786\/revisions"}],"wp:featuredmedia":[{"embeddable":true,"href":"https:\/\/art.kallmuenz.it\/it\/wp-json\/wp\/v2\/media\/1719"}],"wp:attachment":[{"href":"https:\/\/art.kallmuenz.it\/it\/wp-json\/wp\/v2\/media?parent=1786"}],"wp:term":[{"taxonomy":"category","embeddable":true,"href":"https:\/\/art.kallmuenz.it\/it\/wp-json\/wp\/v2\/categories?post=1786"},{"taxonomy":"post_tag","embeddable":true,"href":"https:\/\/art.kallmuenz.it\/it\/wp-json\/wp\/v2\/tags?post=1786"}],"curies":[{"name":"wp","href":"https:\/\/api.w.org\/{rel}","templated":true}]}}