{"id":1901,"date":"2020-06-22T16:22:41","date_gmt":"2020-06-22T14:22:41","guid":{"rendered":"https:\/\/art.kallmuenz.it\/musica-theater-cabaret-lkw-kallmuenz\/"},"modified":"2020-08-07T10:51:41","modified_gmt":"2020-08-07T08:51:41","slug":"musica-theater-cabaret-lkw-kallmuenz","status":"publish","type":"post","link":"https:\/\/art.kallmuenz.it\/it\/musica-theater-cabaret-lkw-kallmuenz\/","title":{"rendered":"musica theater cabaret Lkw Kallm\u00fcnz"},"content":{"rendered":"\n<style type=\"text\/css\" data-created_by=\"avia_inline_auto\" id=\"style-css-av-66e4go-e9a2a72774392c0abe2f6f8e5d9648fa\">\n.flex_column.av-66e4go-e9a2a72774392c0abe2f6f8e5d9648fa{\nborder-radius:0px 0px 0px 0px;\npadding:0px 0px 0px 0px;\n}\n<\/style>\n<div  class='flex_column av-66e4go-e9a2a72774392c0abe2f6f8e5d9648fa av_one_fifth  avia-builder-el-0  el_before_av_three_fifth  avia-builder-el-first  first flex_column_div av-zero-column-padding  '     ><\/div>\n\n<style type=\"text\/css\" data-created_by=\"avia_inline_auto\" id=\"style-css-av-66e4go-12909938371b3aaa4d4d20df0101618e\">\n.flex_column.av-66e4go-12909938371b3aaa4d4d20df0101618e{\nborder-radius:0px 0px 0px 0px;\npadding:0px 0px 0px 0px;\n}\n<\/style>\n<div  class='flex_column av-66e4go-12909938371b3aaa4d4d20df0101618e av_three_fifth  avia-builder-el-1  el_after_av_one_fifth  el_before_av_one_fifth  flex_column_div av-zero-column-padding  '     ><style type=\"text\/css\" data-created_by=\"avia_inline_auto\" id=\"style-css-av-liq7s-ed5978805fcb87a4ec2d8f876c2f98fe\">\n.avia-image-container.av-liq7s-ed5978805fcb87a4ec2d8f876c2f98fe img.avia_image{\nbox-shadow:none;\n}\n.avia-image-container.av-liq7s-ed5978805fcb87a4ec2d8f876c2f98fe .av-image-caption-overlay-center{\ncolor:#ffffff;\n}\n<\/style>\n<div  class='avia-image-container av-liq7s-ed5978805fcb87a4ec2d8f876c2f98fe av-styling- av-img-linked avia_animated_image av-animated-when-visible-95 fade-in avia-align-center  avia-builder-el-2  avia-builder-el-no-sibling '   itemprop=\"image\" itemscope=\"itemscope\" itemtype=\"https:\/\/schema.org\/ImageObject\" ><div class=\"avia-image-container-inner\"><div class=\"avia-image-overlay-wrap\"><a href=\"https:\/\/art.kallmuenz.it\/wp-content\/uploads\/2020\/06\/kunstverein-kallmuenz_musica-theater-cabaret-lkw-logo.png\" data-srcset=\"https:\/\/art.kallmuenz.it\/wp-content\/uploads\/2020\/06\/kunstverein-kallmuenz_musica-theater-cabaret-lkw-logo.png 1030w, https:\/\/art.kallmuenz.it\/wp-content\/uploads\/2020\/06\/kunstverein-kallmuenz_musica-theater-cabaret-lkw-logo-300x200.png 300w, https:\/\/art.kallmuenz.it\/wp-content\/uploads\/2020\/06\/kunstverein-kallmuenz_musica-theater-cabaret-lkw-logo-768x512.png 768w, https:\/\/art.kallmuenz.it\/wp-content\/uploads\/2020\/06\/kunstverein-kallmuenz_musica-theater-cabaret-lkw-logo-705x470.png 705w\" data-sizes=\"(max-width: 1030px) 100vw, 1030px\" class='avia_image '  aria-label='kunstverein-kallmuenz_musica-theater-cabaret-lkw-logo'><img decoding=\"async\" fetchpriority=\"high\" class='wp-image-1899 avia-img-lazy-loading-not-1899 avia_image ' src=\"https:\/\/art.kallmuenz.it\/wp-content\/uploads\/2020\/06\/kunstverein-kallmuenz_musica-theater-cabaret-lkw-logo.png\" alt='musica theater cabaret Lkw Kallm\u00fcnz' title='kunstverein-kallmuenz_musica-theater-cabaret-lkw-logo'  height=\"687\" width=\"1030\"  itemprop=\"thumbnailUrl\" srcset=\"https:\/\/art.kallmuenz.it\/wp-content\/uploads\/2020\/06\/kunstverein-kallmuenz_musica-theater-cabaret-lkw-logo.png 1030w, https:\/\/art.kallmuenz.it\/wp-content\/uploads\/2020\/06\/kunstverein-kallmuenz_musica-theater-cabaret-lkw-logo-300x200.png 300w, https:\/\/art.kallmuenz.it\/wp-content\/uploads\/2020\/06\/kunstverein-kallmuenz_musica-theater-cabaret-lkw-logo-768x512.png 768w, https:\/\/art.kallmuenz.it\/wp-content\/uploads\/2020\/06\/kunstverein-kallmuenz_musica-theater-cabaret-lkw-logo-705x470.png 705w\" sizes=\"(max-width: 1030px) 100vw, 1030px\" \/><\/a><\/div><\/div><\/div><\/div>\n\n<style type=\"text\/css\" data-created_by=\"avia_inline_auto\" id=\"style-css-av-66e4go-12909938371b3aaa4d4d20df0101618e\">\n.flex_column.av-66e4go-12909938371b3aaa4d4d20df0101618e{\nborder-radius:0px 0px 0px 0px;\npadding:0px 0px 0px 0px;\n}\n<\/style>\n<div  class='flex_column av-66e4go-12909938371b3aaa4d4d20df0101618e av_one_fifth  avia-builder-el-3  el_after_av_three_fifth  el_before_av_hr  flex_column_div av-zero-column-padding  '     ><\/div>\n\n<style type=\"text\/css\" data-created_by=\"avia_inline_auto\" id=\"style-css-av-5r9s0g-86014b0e06021ec1e376ee6f1aab712e\">\n#top .hr.av-5r9s0g-86014b0e06021ec1e376ee6f1aab712e{\nmargin-top:30px;\nmargin-bottom:30px;\n}\n.hr.av-5r9s0g-86014b0e06021ec1e376ee6f1aab712e .hr-inner{\nwidth:50px;\nmax-width:45%;\n}\n.hr.av-5r9s0g-86014b0e06021ec1e376ee6f1aab712e .av-seperator-icon{\ncolor:#877143;\n}\n.hr.av-5r9s0g-86014b0e06021ec1e376ee6f1aab712e .av-seperator-icon.avia-svg-icon svg:first-child{\nfill:#877143;\nstroke:#877143;\n}\n<\/style>\n<div  class='hr av-5r9s0g-86014b0e06021ec1e376ee6f1aab712e hr-custom  avia-builder-el-4  el_after_av_one_fifth  el_before_av_textblock  hr-center hr-icon-yes'><span class='hr-inner inner-border-av-border-thin'><span class=\"hr-inner-style\"><\/span><\/span><span class='av-seperator-icon avia-iconfont avia-font-entypo-fontello' data-av_icon='\ue808' data-av_iconfont='entypo-fontello' ><\/span><span class='hr-inner inner-border-av-border-thin'><span class=\"hr-inner-style\"><\/span><\/span><\/div>\n<section  class='av_textblock_section av-5lrpm0-ae98cd9a4eeef9ac8140bba0ab00de56 '   itemscope=\"itemscope\" itemtype=\"https:\/\/schema.org\/BlogPosting\" itemprop=\"blogPost\" ><div class='avia_textblock'  itemprop=\"text\" ><h3 style=\"text-align: center;\">Cultura nel Castello Kallm\u00fcnz<\/h3>\n<h1 style=\"text-align: center;\">musica theater cabaret lkw Kallm\u00fcnz<br \/>\n2.7. &#8211; 23.8.2020<\/h1>\n<\/div><\/section>\n\n<style type=\"text\/css\" data-created_by=\"avia_inline_auto\" id=\"style-css-av-r8okg-00f904a9dded254107cc03079e2ce919\">\n.flex_column.av-r8okg-00f904a9dded254107cc03079e2ce919{\nborder-radius:0px 0px 0px 0px;\npadding:0px 0px 0px 0px;\n}\n<\/style>\n<div  class='flex_column av-r8okg-00f904a9dded254107cc03079e2ce919 av_one_fifth  avia-builder-el-6  el_after_av_textblock  el_before_av_three_fifth  first flex_column_div av-zero-column-padding  column-top-margin'     ><\/div>\n\n<style type=\"text\/css\" data-created_by=\"avia_inline_auto\" id=\"style-css-av-r8okg-009046d639ba43b7940fb81617eb0dc8\">\n.flex_column.av-r8okg-009046d639ba43b7940fb81617eb0dc8{\nborder-radius:0px 0px 0px 0px;\npadding:0px 0px 0px 0px;\n}\n<\/style>\n<div  class='flex_column av-r8okg-009046d639ba43b7940fb81617eb0dc8 av_three_fifth  avia-builder-el-7  el_after_av_one_fifth  el_before_av_one_fifth  flex_column_div av-zero-column-padding  column-top-margin'     ><style type=\"text\/css\" data-created_by=\"avia_inline_auto\" id=\"style-css-av-4v9rsg-176e6c34258281d92786fcb550fc7820\">\n#top .av_textblock_section.av-4v9rsg-176e6c34258281d92786fcb550fc7820 .avia_textblock{\nfont-size:16px;\n}\n<\/style>\n<section  class='av_textblock_section av-4v9rsg-176e6c34258281d92786fcb550fc7820 '   itemscope=\"itemscope\" itemtype=\"https:\/\/schema.org\/BlogPosting\" itemprop=\"blogPost\" ><div class='avia_textblock'  itemprop=\"text\" ><p style=\"text-align: center;\"><span style=\"color: #993300;\">INFORMAZIONI E PRENOTAZIONI:<\/span><\/p>\n<\/div><\/section><br \/>\n\n<style type=\"text\/css\" data-created_by=\"avia_inline_auto\" id=\"style-css-av-4v9rsg-176e6c34258281d92786fcb550fc7820\">\n#top .av_textblock_section.av-4v9rsg-176e6c34258281d92786fcb550fc7820 .avia_textblock{\nfont-size:16px;\n}\n<\/style>\n<section  class='av_textblock_section av-4v9rsg-176e6c34258281d92786fcb550fc7820 '   itemscope=\"itemscope\" itemtype=\"https:\/\/schema.org\/BlogPosting\" itemprop=\"blogPost\" ><div class='avia_textblock'  itemprop=\"text\" ><h3 style=\"text-align: center;\">Prenotazione obbligatoria!<\/h3>\n<h3 style=\"text-align: center;\">Offerta libera consapevole<\/h3>\n<h3 style=\"text-align: center;\">Ex-parcheggio Kallm\u00fcnz, Piazza della Rena, Merano<\/h3>\n<p style=\"text-align: center;\">Date alternative in caso di pioggia e informazioni aggiuntive sotto<br \/>\n<a href=\"https:\/\/www.art.kallmuenz.it\">www.art.kallmuenz.it<\/a> \u2013 <a href=\"mailto:events@kallmuenz.it\">events@kallmuenz.it<\/a><br \/>\n+39 3202822459 tuti i giorni ore 17.00 \u2013 20.00<\/p>\n<\/div><\/section><\/p><\/div>\n\n<style type=\"text\/css\" data-created_by=\"avia_inline_auto\" id=\"style-css-av-r8okg-009046d639ba43b7940fb81617eb0dc8\">\n.flex_column.av-r8okg-009046d639ba43b7940fb81617eb0dc8{\nborder-radius:0px 0px 0px 0px;\npadding:0px 0px 0px 0px;\n}\n<\/style>\n<div  class='flex_column av-r8okg-009046d639ba43b7940fb81617eb0dc8 av_one_fifth  avia-builder-el-10  el_after_av_three_fifth  el_before_av_button_big  avia-builder-el-last  flex_column_div av-zero-column-padding  column-top-margin'     ><\/div>\n<div  class='avia-button-wrap avia-button-center  avia-builder-el-11  el_after_av_one_fifth  el_before_av_layout_row '>\n<style type=\"text\/css\" data-created_by=\"avia_inline_auto\" id=\"style-css-av-kbql816r-60991c0751f0db8604d3383fd4760aa8\">\n#top #wrap_all .avia-button.av-kbql816r-60991c0751f0db8604d3383fd4760aa8{\ncolor:#ffffff;\ntransition:all 0.4s ease-in-out;\n}\n#top #wrap_all .avia-button.av-kbql816r-60991c0751f0db8604d3383fd4760aa8:hover{\ncolor:#ffffff;\ntransition:all 0.4s ease-in-out;\n}\n#top #wrap_all .avia-button.av-kbql816r-60991c0751f0db8604d3383fd4760aa8 .avia-svg-icon svg:first-child{\nfill:#ffffff;\nstroke:#ffffff;\n}\n#top #wrap_all .avia-button.av-kbql816r-60991c0751f0db8604d3383fd4760aa8:hover .avia-svg-icon svg:first-child{\nfill:#ffffff;\nstroke:#ffffff;\n}\n<\/style>\n<a href='https:\/\/www.eventbrite.it\/o\/kunstverein-associazione-culturale-kallmunz-30523930236' class='avia-color-theme-color-highlight avia-button avia-button-fullwidth av-kbql816r-60991c0751f0db8604d3383fd4760aa8 avia-icon_select-no avia-color-theme-color-highlight'  target=\"_blank\"  rel=\"noopener noreferrer\"  aria-label=\"TICKETRESERVIERUNG\"><span class='avia_iconbox_title' >TICKETRESERVIERUNG<\/span><span class='avia_button_background avia-button avia-button-fullwidth avia-color-theme-color'><\/span><\/a><\/div>\n<div id='av-layout-grid-1'  class='av-layout-grid-container av-5fya9c-4c2ada96af286d90e6d01dcf5e56c5e2 entry-content-wrapper main_color av-border-top-bottom av-flex-cells  avia-builder-el-12  el_after_av_button_big  el_before_av_layout_row  grid-row-not-first  container_wrap fullsize'  >\n\n<style type=\"text\/css\" data-created_by=\"avia_inline_auto\" id=\"style-css-av-56q8k0-126d2db1f0357d26b5e5b75e057034e7\">\n.flex_cell.av-56q8k0-126d2db1f0357d26b5e5b75e057034e7{\nvertical-align:middle;\nheight:500px;\nmin-height:500px;\nbackground:url(https:\/\/art.kallmuenz.it\/wp-content\/uploads\/2020\/06\/kunstverein-kallmuenz_joe-street-project.jpg) 50% 50% no-repeat scroll ;\n}\n.responsive #top #wrap_all .flex_cell.av-56q8k0-126d2db1f0357d26b5e5b75e057034e7{\npadding:px px px px !important;\n}\n<\/style>\n<div class='flex_cell av-56q8k0-126d2db1f0357d26b5e5b75e057034e7 av-gridrow-cell av_one_half no_margin  avia-builder-el-13  el_before_av_cell_one_half  avia-builder-el-first  content-align-middle avia-full-stretch'  ><div class='flex_cell_inner'><\/div><\/div>\n<style type=\"text\/css\" data-created_by=\"avia_inline_auto\" id=\"style-css-av-510fls-3644781f0dbabf7fa2069abfb11ef33d\">\n.flex_cell.av-510fls-3644781f0dbabf7fa2069abfb11ef33d{\nvertical-align:middle;\nheight:500px;\nmin-height:500px;\n}\n.responsive #top #wrap_all .flex_cell.av-510fls-3644781f0dbabf7fa2069abfb11ef33d{\npadding:30px 30px 30px 30px !important;\n}\n<\/style>\n<div class='flex_cell av-510fls-3644781f0dbabf7fa2069abfb11ef33d av-gridrow-cell av_one_half no_margin  avia-builder-el-14  el_after_av_cell_one_half  avia-builder-el-last  content-align-middle'  ><div class='flex_cell_inner'>\n<style type=\"text\/css\" data-created_by=\"avia_inline_auto\" id=\"style-css-av-4v9rsg-10831d9b5ef437ba4b4fff2236b44fed\">\n#top .av_textblock_section.av-4v9rsg-10831d9b5ef437ba4b4fff2236b44fed .avia_textblock{\nfont-size:16px;\n}\n<\/style>\n<section  class='av_textblock_section av-4v9rsg-10831d9b5ef437ba4b4fff2236b44fed '   itemscope=\"itemscope\" itemtype=\"https:\/\/schema.org\/BlogPosting\" itemprop=\"blogPost\" ><div class='avia_textblock'  itemprop=\"text\" ><h3 style=\"text-align: center;\"><\/h3>\n<h1 style=\"text-align: center;\">Joe\u2019s street duo<\/h1>\n<h3 style=\"text-align: center;\">musica\u00a0&#8211; Donnerstag, 2. Juli 2020 &#8211; 20.00 Uhr<\/h3>\n<p style=\"text-align: center;\">Good old music<\/p>\n<p>Un concerto che spazia tra i sentieri della tradizione americana e lo swing italiano. un progetto che si puo definire con &#8220;good old music&#8221;. Per qualsiasi altra info o foto <a href=\"https:\/\/www.joestreet.it\/\" target=\"_blank\" rel=\"noopener noreferrer\">www.joestreet.it<\/a><\/p>\n<\/div><\/section>\n<\/div><\/div>\n<\/div>\n<div id='av-layout-grid-2'  class='av-layout-grid-container av-4s7axs-eecc7349a22fd5863d7420cd79337c41 entry-content-wrapper main_color av-border-top-bottom av-flex-cells  avia-builder-el-16  el_after_av_layout_row  el_before_av_layout_row  grid-row-not-first  container_wrap fullsize'  >\n\n<style type=\"text\/css\" data-created_by=\"avia_inline_auto\" id=\"style-css-av-4i14u8-8988100739d4c868ed9631a7778d79ca\">\n.flex_cell.av-4i14u8-8988100739d4c868ed9631a7778d79ca{\nvertical-align:middle;\nheight:500px;\nmin-height:500px;\n}\n.responsive #top #wrap_all .flex_cell.av-4i14u8-8988100739d4c868ed9631a7778d79ca{\npadding:30px 30px 30px 30px !important;\n}\n<\/style>\n<div class='flex_cell av-4i14u8-8988100739d4c868ed9631a7778d79ca av-gridrow-cell av_one_half no_margin  avia-builder-el-17  el_before_av_cell_one_half  avia-builder-el-first  content-align-middle avia-full-stretch'  ><div class='flex_cell_inner'><section  class='av_textblock_section av-4c0lbc-6a210e71a087cf3302ffeaf3a4fc26d9 '   itemscope=\"itemscope\" itemtype=\"https:\/\/schema.org\/BlogPosting\" itemprop=\"blogPost\" ><div class='avia_textblock'  itemprop=\"text\" ><h3 style=\"text-align: center;\"><\/h3>\n<h1 style=\"text-align: center;\"><\/h1>\n<h1 style=\"text-align: center;\">Fein sein \u2013 Gemein sein<\/h1>\n<h3 style=\"text-align: center;\">kabarett &#8211; Samstag, 4. Juli 2020 &#8211; 20.00 Uhr<\/h3>\n<p style=\"text-align: center;\">Ein kabarettistischer Heimatabend mit den <strong>fidelen Alpenpfeilchen<\/strong><br \/>\nvon und mit <strong>Sabine Ladurner, Magdalena Schwellensattl und Mauro Lazzaretto<\/strong><\/p>\n<p>Was ist Heimat? Die drei Protagonisten Midi, Traudi und Hias tun sich schwer mit der Antwort, zu weit driften ihre Meinungen und Befindlichkeiten auseinander. Traditionelles\u00a0 Heimatbild trifft auf Offenheit und Toleranz, Bergmensch auf Multi-Kulti. Und der \u201ewalsche\u201c Musiker Hias will auch nicht so recht in die Idylle passen. Ein schr\u00e4g-komischer Schlagabtausch, gespickt mit pers\u00f6nlichen Animosit\u00e4ten und volkst\u00fcmlicher Heile-Welt-Musik.<\/p>\n<p>Musik: <strong>Mauro Lazzaretto\/Matteo Facchin<\/strong><br \/>\nRegie und Dramaturgie: <strong>Hans Kieseier<\/strong><br \/>\n<strong>Eine Produktion der Frauentheatergruppe Phenomena<\/strong><\/p>\n<\/div><\/section>\n<\/div><\/div>\n<style type=\"text\/css\" data-created_by=\"avia_inline_auto\" id=\"style-css-av-48ycy8-8c6560f1b04459adf00b7ae1fca30e60\">\n.flex_cell.av-48ycy8-8c6560f1b04459adf00b7ae1fca30e60{\nvertical-align:middle;\nheight:500px;\nmin-height:500px;\nbackground:url(https:\/\/art.kallmuenz.it\/wp-content\/uploads\/2020\/06\/kunstverein-kallmuenz_fein-sein.jpg) 50% 50% no-repeat scroll ;\n}\n.responsive #top #wrap_all .flex_cell.av-48ycy8-8c6560f1b04459adf00b7ae1fca30e60{\npadding:30px 30px 30px 30px !important;\n}\n<\/style>\n<div class='flex_cell av-48ycy8-8c6560f1b04459adf00b7ae1fca30e60 av-gridrow-cell av_one_half no_margin  avia-builder-el-19  el_after_av_cell_one_half  avia-builder-el-last  content-align-middle avia-full-stretch'  ><div class='flex_cell_inner'><\/div><\/div>\n<\/div>\n<div id='av-layout-grid-3'  class='av-layout-grid-container av-3zj72o-f954f176d7f7acf68a13e0157d9bd4e2 entry-content-wrapper main_color av-border-top-bottom av-flex-cells  avia-builder-el-20  el_after_av_layout_row  el_before_av_layout_row  grid-row-not-first  container_wrap fullsize'  >\n\n<style type=\"text\/css\" data-created_by=\"avia_inline_auto\" id=\"style-css-av-3xt61s-302562ef52a01c8272ebdba149510d0d\">\n.flex_cell.av-3xt61s-302562ef52a01c8272ebdba149510d0d{\nvertical-align:middle;\nheight:500px;\nmin-height:500px;\nbackground:url(https:\/\/art.kallmuenz.it\/wp-content\/uploads\/2020\/06\/kunstverein-kallmuenz_liebe-laster-leidenschaft.jpg) 0% 50% no-repeat scroll ;\n}\n.responsive #top #wrap_all .flex_cell.av-3xt61s-302562ef52a01c8272ebdba149510d0d{\npadding:30px 30px 30px 30px !important;\n}\n<\/style>\n<div class='flex_cell av-3xt61s-302562ef52a01c8272ebdba149510d0d av-gridrow-cell av_one_half no_margin  avia-builder-el-21  el_before_av_cell_one_half  avia-builder-el-first  content-align-middle avia-full-stretch'  ><div class='flex_cell_inner'><\/div><\/div>\n<style type=\"text\/css\" data-created_by=\"avia_inline_auto\" id=\"style-css-av-3psfrc-054af55358a4ba5094c1d634efe0b07e\">\n.flex_cell.av-3psfrc-054af55358a4ba5094c1d634efe0b07e{\nvertical-align:middle;\nheight:500px;\nmin-height:500px;\n}\n.responsive #top #wrap_all .flex_cell.av-3psfrc-054af55358a4ba5094c1d634efe0b07e{\npadding:30px 30px 30px 30px !important;\n}\n<\/style>\n<div class='flex_cell av-3psfrc-054af55358a4ba5094c1d634efe0b07e av-gridrow-cell av_one_half no_margin  avia-builder-el-22  el_after_av_cell_one_half  avia-builder-el-last  content-align-middle'  ><div class='flex_cell_inner'><section  class='av_textblock_section av-3j4fbs-0edb32db1cf2334ec5366fa9bdf22983 '   itemscope=\"itemscope\" itemtype=\"https:\/\/schema.org\/BlogPosting\" itemprop=\"blogPost\" ><div class='avia_textblock'  itemprop=\"text\" ><h3 style=\"text-align: center;\"><\/h3>\n<h1 style=\"text-align: center;\">Liebe, Laster, Leidenschaft<\/h1>\n<h3 style=\"text-align: center;\">erz\u00e4hlkunst &#8211; Sonntag, 5. Juli 2020 &#8211; 18.00 Uhr<\/h3>\n<p style=\"text-align: center;\"><strong>Heidi Dubis &amp; Tiziana Turci<\/strong><\/p>\n<p>Erz\u00e4hlen ist Kino im Kopf.<br \/>\nErz\u00e4hlen ist das Anhalten der Zeit.<br \/>\nErz\u00e4hlen ist eine der \u00e4ltesten Kulturformen der Welt.<\/p>\n<p>Es gibt viele gute Geschichten, die es Wert sind erz\u00e4hlt zu werden: heitere, tiefsinnige, unglaubliche, lustige, romantische.<\/p>\n<p>Tiziana Turci und Heidi Dubis haben nur eine kleine Auswahl f\u00fcr Sie getroffen um mit Worten zu verzaubern und Sie in fremde Welten zu entf\u00fchren.<\/p>\n<\/div><\/section>\n<\/div><\/div>\n<\/div>\n<div id='av-layout-grid-4'  class='av-layout-grid-container av-3fxr8o-cac4c777d53b2b86381526f1672c373a entry-content-wrapper main_color av-border-top-bottom av-flex-cells  avia-builder-el-24  el_after_av_layout_row  el_before_av_layout_row  grid-row-not-first  container_wrap fullsize'  >\n\n<style type=\"text\/css\" data-created_by=\"avia_inline_auto\" id=\"style-css-av-38pd0g-f35dd83a88a69dea55618907ec7062bf\">\n.flex_cell.av-38pd0g-f35dd83a88a69dea55618907ec7062bf{\nvertical-align:middle;\nheight:500px;\nmin-height:500px;\n}\n.responsive #top #wrap_all .flex_cell.av-38pd0g-f35dd83a88a69dea55618907ec7062bf{\npadding:30px 30px 30px 30px !important;\n}\n<\/style>\n<div class='flex_cell av-38pd0g-f35dd83a88a69dea55618907ec7062bf av-gridrow-cell av_one_half no_margin  avia-builder-el-25  el_before_av_cell_one_half  avia-builder-el-first  content-align-middle avia-full-stretch'  ><div class='flex_cell_inner'><section  class='av_textblock_section av-34u8iw-241efa31336abbb1f054302545815491 '   itemscope=\"itemscope\" itemtype=\"https:\/\/schema.org\/BlogPosting\" itemprop=\"blogPost\" ><div class='avia_textblock'  itemprop=\"text\" ><h3 style=\"text-align: center;\"><\/h3>\n<h1 style=\"text-align: center;\">K\u00e4pt\u2019n Lost Corinne Amrand<\/h1>\n<h3 style=\"text-align: center;\">musik &#8211; Donnerstag, 9. Juli 2020 &#8211; 20.00 Uhr<\/h3>\n<p style=\"text-align: center;\">Konzert f\u00fcr st\u00fcrmische Zeiten<\/p>\n<p>K\u00e4ptn Lost hat seine Segel gesetzt und schwimmt durch st\u00fcrmische Zeiten. Poetisch und bildhaft, aber auch wild und rockig, geht es in den Songs um Unterg\u00e4nge und Neuanf\u00e4nge. Frei nach dem Motto: \u201eam Ende ist immer alles ein Anfang und wenn du Gl\u00fcck hast, begegnet dir ein Wal auf offener See!\u201c<\/p>\n<p>vocals: <strong>Eva Kuen<\/strong><br \/>\nguitar, piano: <strong>Philipp Schwarz<\/strong><br \/>\nbass, piano, flugelhorn: <strong>Simon Gamper<\/strong><br \/>\ndrums, piano: <strong>Manuel Thoma<\/strong><\/p>\n<\/div><\/section>\n<\/div><\/div>\n<style type=\"text\/css\" data-created_by=\"avia_inline_auto\" id=\"style-css-av-2vifsg-dc68e8df7bec327e69850080d6cdb591\">\n.flex_cell.av-2vifsg-dc68e8df7bec327e69850080d6cdb591{\nvertical-align:middle;\nheight:500px;\nmin-height:500px;\nbackground:url(https:\/\/art.kallmuenz.it\/wp-content\/uploads\/2020\/06\/kunstverein-kallmuenz_kaeptn-lost.jpg) 100% 50% no-repeat scroll ;\n}\n.responsive #top #wrap_all .flex_cell.av-2vifsg-dc68e8df7bec327e69850080d6cdb591{\npadding:30px 30px 30px 30px !important;\n}\n<\/style>\n<div class='flex_cell av-2vifsg-dc68e8df7bec327e69850080d6cdb591 av-gridrow-cell av_one_half no_margin  avia-builder-el-27  el_after_av_cell_one_half  avia-builder-el-last  content-align-middle avia-full-stretch'  ><div class='flex_cell_inner'><\/div><\/div>\n<\/div>\n<div id='av-layout-grid-5'  class='av-layout-grid-container av-2owxmw-0c6082e07ecbb96d622d1c4fed7ef3c8 entry-content-wrapper main_color av-border-top-bottom av-flex-cells  avia-builder-el-28  el_after_av_layout_row  el_before_av_layout_row  grid-row-not-first  container_wrap fullsize'  >\n\n<style type=\"text\/css\" data-created_by=\"avia_inline_auto\" id=\"style-css-av-2jwkkw-22f1cecab9f4c28a9501f681b225a85f\">\n.flex_cell.av-2jwkkw-22f1cecab9f4c28a9501f681b225a85f{\nvertical-align:middle;\nheight:500px;\nmin-height:500px;\nbackground:url(https:\/\/art.kallmuenz.it\/wp-content\/uploads\/2020\/06\/kunstverein-kallmuenz_plaickner-biscuola.jpg) 50% 0% no-repeat scroll ;\n}\n.responsive #top #wrap_all .flex_cell.av-2jwkkw-22f1cecab9f4c28a9501f681b225a85f{\npadding:30px 30px 30px 30px !important;\n}\n<\/style>\n<div class='flex_cell av-2jwkkw-22f1cecab9f4c28a9501f681b225a85f av-gridrow-cell av_one_half no_margin  avia-builder-el-29  el_before_av_cell_one_half  avia-builder-el-first  content-align-middle avia-full-stretch'  ><div class='flex_cell_inner'><\/div><\/div>\n<style type=\"text\/css\" data-created_by=\"avia_inline_auto\" id=\"style-css-av-2dnrzk-48fe874a6421c6bddc71fd0f04ee27dc\">\n.flex_cell.av-2dnrzk-48fe874a6421c6bddc71fd0f04ee27dc{\nvertical-align:middle;\nheight:500px;\nmin-height:500px;\n}\n.responsive #top #wrap_all .flex_cell.av-2dnrzk-48fe874a6421c6bddc71fd0f04ee27dc{\npadding:30px 30px 30px 30px !important;\n}\n<\/style>\n<div class='flex_cell av-2dnrzk-48fe874a6421c6bddc71fd0f04ee27dc av-gridrow-cell av_one_half no_margin  avia-builder-el-30  el_after_av_cell_one_half  avia-builder-el-last  content-align-middle'  ><div class='flex_cell_inner'><section  class='av_textblock_section av-28ikjs-2e857ffbe62e3eb6ad72ea879d0002ae '   itemscope=\"itemscope\" itemtype=\"https:\/\/schema.org\/BlogPosting\" itemprop=\"blogPost\" ><div class='avia_textblock'  itemprop=\"text\" ><h3 style=\"text-align: center;\"><\/h3>\n<h1 style=\"text-align: center;\">Rolando Biscuola &amp; Christine Plaickner<\/h1>\n<h3 style=\"text-align: center;\">musica &#8211; Samstag, 11. Juli 2020 &#8211; 20.00 Uhr<\/h3>\n<p style=\"text-align: center;\">presentazione del nuovo progetto &#8220;Solo Guitar&#8221; di Rolando Biscuola<br \/>\npresentazione di alcuni brani del nuovo CD in tedesco con testi del poeta Anton Ennemoser<br \/>\nultima parte dedicata ai brani di repertorio<\/p>\n<p>Il Duo Rolando Biscuola e Christine Plaickner nasce nel 1996.\u00a0 Il repertorio spazia dalla musica per chitarra acustica fingerstyle, con composizioni proprie, arrangiamenti per flauto traverso e pianoforte\u00a0 di covers\u00a0 del repertorio internazionale della chitarra acustica\u00a0moderna (Michael Hedges, Alex de Grassi, Pierre Bensusan, Leo Kotke) alla musica new age, jazz, chorinio, blues, etnico, klezmer, classica.<\/p>\n<\/div><\/section>\n<\/div><\/div>\n<\/div>\n<div id='av-layout-grid-6'  class='av-layout-grid-container av-206e80-f7b5fec3805a8d273bb44867dbc15a8e entry-content-wrapper main_color av-border-top-bottom av-flex-cells  avia-builder-el-32  el_after_av_layout_row  el_before_av_layout_row  grid-row-not-first  container_wrap fullsize'  >\n\n<style type=\"text\/css\" data-created_by=\"avia_inline_auto\" id=\"style-css-av-6q328-d2cbd6f612346d686829ee94f3cbc200\">\n.flex_cell.av-6q328-d2cbd6f612346d686829ee94f3cbc200{\nvertical-align:middle;\nheight:500px;\nmin-height:500px;\n}\n.responsive #top #wrap_all .flex_cell.av-6q328-d2cbd6f612346d686829ee94f3cbc200{\npadding:30px 30px 30px 30px !important;\n}\n<\/style>\n<div class='flex_cell av-6q328-d2cbd6f612346d686829ee94f3cbc200 av-gridrow-cell av_one_half no_margin  avia-builder-el-33  el_before_av_cell_one_half  avia-builder-el-first  content-align-middle avia-full-stretch'  ><div class='flex_cell_inner'><section  class='av_textblock_section av-1tcq34-4f41440e292c8ecc5b6a1cb934d3b3ba '   itemscope=\"itemscope\" itemtype=\"https:\/\/schema.org\/BlogPosting\" itemprop=\"blogPost\" ><div class='avia_textblock'  itemprop=\"text\" ><h3 style=\"text-align: center;\"><\/h3>\n<h1 style=\"text-align: center;\">Nik Lee and the Marcos<\/h1>\n<h3 style=\"text-align: center;\">musica &#8211; gioved\u00ec, 16 luglio 2020 &#8211; ore 20.00<\/h3>\n<p style=\"text-align: center;\">Blues, Rythm and Blues e Swing<\/p>\n<p>Nik Lee &amp; The Marcos nascono dalla collaborazione tra <strong>Stefano Nicli<\/strong> (voce e chitarra), <strong>Marco Pisoni<\/strong> (sassofono) e <strong>Marco Stagni<\/strong> (contrabbasso) e <strong>Thomas Ebner<\/strong> (batteria).<\/p>\n<p>Il risultato di questo mix esplosivo? Blues, Rhythm And Blues e Swing riarrangiati in veste semiacustica, per regalare allo spettatore un viaggio musicale che spazia dal blues rurale di Mississippi John Hurt e Robert Johnson, passando per l&#8217;elegante swing di Nat King Cole fino a riproporre brani degli intramontabili Natalino Otto e Nicola Arigliano<\/p>\n<p>Vi abbiamo incuriosito?<\/p>\n<\/div><\/section>\n<\/div><\/div>\n<style type=\"text\/css\" data-created_by=\"avia_inline_auto\" id=\"style-css-av-1ly6eo-3771a81599a53984928d7f742f777bb3\">\n.flex_cell.av-1ly6eo-3771a81599a53984928d7f742f777bb3{\nvertical-align:middle;\nheight:500px;\nmin-height:500px;\nbackground:url(https:\/\/art.kallmuenz.it\/wp-content\/uploads\/2020\/06\/kunstverein-kallmuenz_nik-lee.jpg) 50% 0% no-repeat scroll ;\n}\n.responsive #top #wrap_all .flex_cell.av-1ly6eo-3771a81599a53984928d7f742f777bb3{\npadding:30px 30px 30px 30px !important;\n}\n<\/style>\n<div class='flex_cell av-1ly6eo-3771a81599a53984928d7f742f777bb3 av-gridrow-cell av_one_half no_margin  avia-builder-el-35  el_after_av_cell_one_half  avia-builder-el-last  content-align-middle avia-full-stretch'  ><div class='flex_cell_inner'><\/div><\/div>\n<\/div>\n<div id='av-layout-grid-7'  class='av-layout-grid-container av-2owxmw-0c6082e07ecbb96d622d1c4fed7ef3c8 entry-content-wrapper main_color av-border-top-bottom av-flex-cells  avia-builder-el-36  el_after_av_layout_row  el_before_av_layout_row  grid-row-not-first  container_wrap fullsize'  >\n\n<style type=\"text\/css\" data-created_by=\"avia_inline_auto\" id=\"style-css-av-2jwkkw-3db9980d3e47779138e5f7921a28fbd8\">\n.flex_cell.av-2jwkkw-3db9980d3e47779138e5f7921a28fbd8{\nvertical-align:middle;\nheight:500px;\nmin-height:500px;\nbackground:url(https:\/\/art.kallmuenz.it\/wp-content\/uploads\/2020\/06\/kunstverein-kallmuenz_robert-asam.jpg) 50% 50% no-repeat scroll ;\n}\n.responsive #top #wrap_all .flex_cell.av-2jwkkw-3db9980d3e47779138e5f7921a28fbd8{\npadding:30px 30px 30px 30px !important;\n}\n<\/style>\n<div class='flex_cell av-2jwkkw-3db9980d3e47779138e5f7921a28fbd8 av-gridrow-cell av_one_half no_margin  avia-builder-el-37  el_before_av_cell_one_half  avia-builder-el-first  content-align-middle avia-full-stretch'  ><div class='flex_cell_inner'><\/div><\/div>\n<style type=\"text\/css\" data-created_by=\"avia_inline_auto\" id=\"style-css-av-2dnrzk-48fe874a6421c6bddc71fd0f04ee27dc\">\n.flex_cell.av-2dnrzk-48fe874a6421c6bddc71fd0f04ee27dc{\nvertical-align:middle;\nheight:500px;\nmin-height:500px;\n}\n.responsive #top #wrap_all .flex_cell.av-2dnrzk-48fe874a6421c6bddc71fd0f04ee27dc{\npadding:30px 30px 30px 30px !important;\n}\n<\/style>\n<div class='flex_cell av-2dnrzk-48fe874a6421c6bddc71fd0f04ee27dc av-gridrow-cell av_one_half no_margin  avia-builder-el-38  el_after_av_cell_one_half  avia-builder-el-last  content-align-middle'  ><div class='flex_cell_inner'><section  class='av_textblock_section av-28ikjs-2e857ffbe62e3eb6ad72ea879d0002ae '   itemscope=\"itemscope\" itemtype=\"https:\/\/schema.org\/BlogPosting\" itemprop=\"blogPost\" ><div class='avia_textblock'  itemprop=\"text\" ><h3 style=\"text-align: center;\"><\/h3>\n<h1 style=\"text-align: center;\">VERSCHW\u00d6REN WIR UNS<\/h1>\n<h3 style=\"text-align: center;\">kabarett &#8211; Samstag, 18. Juli 2020 &#8211; 20.00 Uhr<\/h3>\n<p style=\"text-align: center;\">Satire in Corona-Zeiten mit Robert Asam, eine kabarettistische Lesung<\/p>\n<p>Braucht es Satire in Corona-Zeiten? Eigentlich nicht, die Realit\u00e4t ist verr\u00fcckt genug: Die Alten besetzen die Krankenhausbetten, und die Jungen m\u00fcssen die Schulb\u00e4nke r\u00e4umen. Ein einziges gro\u00dfes Missverst\u00e4ndnis. Kommt die zweite Welle, machen wir es umgekehrt: Ich (67, also Risikogruppe!) bleibe zuhause und sorge daf\u00fcr, dass die Krankenh\u00e4user nicht kollabieren, daf\u00fcr bleiben die Schulen ge\u00f6ffnet. K\u00f6nnen wir uns darauf einigen?<\/p>\n<\/div><\/section>\n<\/div><\/div>\n<\/div>\n<div id='av-layout-grid-8'  class='av-layout-grid-container av-206e80-f7b5fec3805a8d273bb44867dbc15a8e entry-content-wrapper main_color av-border-top-bottom av-flex-cells  avia-builder-el-40  el_after_av_layout_row  el_before_av_layout_row  grid-row-not-first  container_wrap fullsize'  >\n\n<style type=\"text\/css\" data-created_by=\"avia_inline_auto\" id=\"style-css-av-6q328-d2cbd6f612346d686829ee94f3cbc200\">\n.flex_cell.av-6q328-d2cbd6f612346d686829ee94f3cbc200{\nvertical-align:middle;\nheight:500px;\nmin-height:500px;\n}\n.responsive #top #wrap_all .flex_cell.av-6q328-d2cbd6f612346d686829ee94f3cbc200{\npadding:30px 30px 30px 30px !important;\n}\n<\/style>\n<div class='flex_cell av-6q328-d2cbd6f612346d686829ee94f3cbc200 av-gridrow-cell av_one_half no_margin  avia-builder-el-41  el_before_av_cell_one_half  avia-builder-el-first  content-align-middle avia-full-stretch'  ><div class='flex_cell_inner'><section  class='av_textblock_section av-1tcq34-4f41440e292c8ecc5b6a1cb934d3b3ba '   itemscope=\"itemscope\" itemtype=\"https:\/\/schema.org\/BlogPosting\" itemprop=\"blogPost\" ><div class='avia_textblock'  itemprop=\"text\" ><h3 style=\"text-align: center;\"><\/h3>\n<h1 style=\"text-align: center;\">NOI<\/h1>\n<h3 style=\"text-align: center;\">musik &#8211; Sonntag, 19. Juli 2020 &#8211; 20.00 Uhr<\/h3>\n<p style=\"text-align: center;\">Musikspektakel nicht nur f\u00fcr Opernfans<\/p>\n<p><strong>N<\/strong>aimana Casanova &#8211; <strong>O<\/strong>lga Tselinskaia &#8211; <strong>I<\/strong>ryna Kyrylovska<br \/>\nKlatsch und Tratsch der drei Frauen \u00fcber&#8217;s Leben und lieben. Ein Musikspektakel f\u00fcr nicht nur Opern Liebhaber.<\/p>\n<\/div><\/section>\n<\/div><\/div>\n<style type=\"text\/css\" data-created_by=\"avia_inline_auto\" id=\"style-css-av-1ly6eo-7adb17167eadef2dcba247f68651137a\">\n.flex_cell.av-1ly6eo-7adb17167eadef2dcba247f68651137a{\nvertical-align:middle;\nheight:500px;\nmin-height:500px;\nbackground:url(https:\/\/art.kallmuenz.it\/wp-content\/uploads\/2020\/06\/kunstverein-kallmuenz_noi.jpg) 100% 50% no-repeat scroll ;\n}\n.responsive #top #wrap_all .flex_cell.av-1ly6eo-7adb17167eadef2dcba247f68651137a{\npadding:30px 30px 30px 30px !important;\n}\n<\/style>\n<div class='flex_cell av-1ly6eo-7adb17167eadef2dcba247f68651137a av-gridrow-cell av_one_half no_margin  avia-builder-el-43  el_after_av_cell_one_half  avia-builder-el-last  content-align-middle avia-full-stretch'  ><div class='flex_cell_inner'><\/div><\/div>\n<\/div>\n<div id='av-layout-grid-9'  class='av-layout-grid-container av-2owxmw-0c6082e07ecbb96d622d1c4fed7ef3c8 entry-content-wrapper main_color av-border-top-bottom av-flex-cells  avia-builder-el-44  el_after_av_layout_row  el_before_av_layout_row  grid-row-not-first  container_wrap fullsize'  >\n\n<style type=\"text\/css\" data-created_by=\"avia_inline_auto\" id=\"style-css-av-2jwkkw-d73e232074890d155360fda7962563e2\">\n.flex_cell.av-2jwkkw-d73e232074890d155360fda7962563e2{\nvertical-align:middle;\nheight:500px;\nmin-height:500px;\nbackground:url(https:\/\/art.kallmuenz.it\/wp-content\/uploads\/2020\/06\/kunstverein-kallmuenz_helga-plankensteiner.jpg) 50% 50% no-repeat scroll ;\n}\n.responsive #top #wrap_all .flex_cell.av-2jwkkw-d73e232074890d155360fda7962563e2{\npadding:30px 30px 30px 30px !important;\n}\n<\/style>\n<div class='flex_cell av-2jwkkw-d73e232074890d155360fda7962563e2 av-gridrow-cell av_one_half no_margin  avia-builder-el-45  el_before_av_cell_one_half  avia-builder-el-first  content-align-middle avia-full-stretch'  ><div class='flex_cell_inner'><\/div><\/div>\n<style type=\"text\/css\" data-created_by=\"avia_inline_auto\" id=\"style-css-av-2dnrzk-48fe874a6421c6bddc71fd0f04ee27dc\">\n.flex_cell.av-2dnrzk-48fe874a6421c6bddc71fd0f04ee27dc{\nvertical-align:middle;\nheight:500px;\nmin-height:500px;\n}\n.responsive #top #wrap_all .flex_cell.av-2dnrzk-48fe874a6421c6bddc71fd0f04ee27dc{\npadding:30px 30px 30px 30px !important;\n}\n<\/style>\n<div class='flex_cell av-2dnrzk-48fe874a6421c6bddc71fd0f04ee27dc av-gridrow-cell av_one_half no_margin  avia-builder-el-46  el_after_av_cell_one_half  avia-builder-el-last  content-align-middle'  ><div class='flex_cell_inner'><section  class='av_textblock_section av-28ikjs-2e857ffbe62e3eb6ad72ea879d0002ae '   itemscope=\"itemscope\" itemtype=\"https:\/\/schema.org\/BlogPosting\" itemprop=\"blogPost\" ><div class='avia_textblock'  itemprop=\"text\" ><h3 style=\"text-align: center;\"><\/h3>\n<h1 style=\"text-align: center;\">Helga Plankensteiner &amp; revensch<\/h1>\n<h3 style=\"text-align: center;\">musik &#8211; Donnerstag, 23. Juli 2020 &#8211; 20.00 Uhr<\/h3>\n<p style=\"text-align: center;\">Klezmer, Dixie &amp; Chansons<\/p>\n<p>tourt seit einigen Jahren erfolgreich mit ihrem Programm zwischen Klezmer, Balkangrooves, Dixieland, Funk und Chansons aus den zwanziger Jahren. Eigenkompositionen haben genauso Platz wie bekannte Songs aus verschiedenen Stilen. Sie\u00a0 spielt erfolgreich auf zahlreichen Festivals von den Alpen bis zum Mittelmeer wie Dolomitiskijazz, Lana Meets Jazz, Garda Jazz, Veneto Jazz, Most &amp; Jazz Projazz Festival, PercFest u.v.m.<\/p>\n<\/div><\/section>\n<\/div><\/div>\n<\/div>\n<div id='av-layout-grid-10'  class='av-layout-grid-container av-206e80-f7b5fec3805a8d273bb44867dbc15a8e entry-content-wrapper main_color av-border-top-bottom av-flex-cells  avia-builder-el-48  el_after_av_layout_row  el_before_av_layout_row  grid-row-not-first  container_wrap fullsize'  >\n\n<style type=\"text\/css\" data-created_by=\"avia_inline_auto\" id=\"style-css-av-6q328-ccbed124877e03199dd7613b72df6b69\">\n.flex_cell.av-6q328-ccbed124877e03199dd7613b72df6b69{\nvertical-align:middle;\nheight:500px;\nmin-height:500px;\n}\n.responsive #top #wrap_all .flex_cell.av-6q328-ccbed124877e03199dd7613b72df6b69{\npadding:30px 30px 30px 30px !important;\n}\n<\/style>\n<div class='flex_cell av-6q328-ccbed124877e03199dd7613b72df6b69 av-gridrow-cell av_one_half no_margin  avia-builder-el-49  el_before_av_cell_one_half  avia-builder-el-first  content-align-middle avia-full-stretch'  ><div class='flex_cell_inner'><section  class='av_textblock_section av-1tcq34-4f41440e292c8ecc5b6a1cb934d3b3ba '   itemscope=\"itemscope\" itemtype=\"https:\/\/schema.org\/BlogPosting\" itemprop=\"blogPost\" ><div class='avia_textblock'  itemprop=\"text\" ><h3 style=\"text-align: center;\"><\/h3>\n<h1 style=\"text-align: center;\">Die ungehorsame heilige Hildegard<\/h1>\n<h1 style=\"text-align: center;\">Hildegard la santa disubbidiente<\/h1>\n<h3 style=\"text-align: center;\">cabaret &#8211; Samstag, 25. Juli 2020 &#8211; 20.00 Uhr<\/h3>\n<p style=\"text-align: center;\">M. Trettel dt.\/ital. &#8211; pi\u00e8ce di narrazione e musicale<\/p>\n<p>2020: il mondo come lo conosciamo sembra essere sul punto di collassare: la crisi economica miete ciecamente vittime, in tutto il globo si levano voci di protesta, la censura torna strisciando, l&#8217;eco-sistema \u00e8 gravemente danneggiato. Guerre, migrazioni di popoli. Povert\u00e0.<br \/>\nSanta Hildegard interviene.<br \/>\nUna rilettura ironica, poetica e assurda di una santa Hildegard von Bingen immaginata alle prese con visioni del nostro presente. Hildegard significa &#8220;protettrice delle battaglie&#8221;<\/p>\n<p>testo e ideazione: <strong>Monica Trettel<\/strong><br \/>\nmusica dal vivo: <strong>Ariel Trettel<\/strong><\/p>\n<\/div><\/section>\n<\/div><\/div>\n<style type=\"text\/css\" data-created_by=\"avia_inline_auto\" id=\"style-css-av-1ly6eo-d70c41d9001f5386a223d64bbe0f1222\">\n.flex_cell.av-1ly6eo-d70c41d9001f5386a223d64bbe0f1222{\nvertical-align:middle;\nheight:500px;\nmin-height:500px;\nbackground:url(https:\/\/art.kallmuenz.it\/wp-content\/uploads\/2020\/06\/monika-trettel-neu.jpg) 50% 50% no-repeat scroll ;\n}\n.responsive #top #wrap_all .flex_cell.av-1ly6eo-d70c41d9001f5386a223d64bbe0f1222{\npadding:30px 30px 30px 30px !important;\n}\n<\/style>\n<div class='flex_cell av-1ly6eo-d70c41d9001f5386a223d64bbe0f1222 av-gridrow-cell av_one_half no_margin  avia-builder-el-51  el_after_av_cell_one_half  avia-builder-el-last  content-align-middle avia-full-stretch'  ><div class='flex_cell_inner'><\/div><\/div>\n<\/div>\n<div id='av-layout-grid-11'  class='av-layout-grid-container av-2owxmw-0c6082e07ecbb96d622d1c4fed7ef3c8 entry-content-wrapper main_color av-border-top-bottom av-flex-cells  avia-builder-el-52  el_after_av_layout_row  el_before_av_layout_row  grid-row-not-first  container_wrap fullsize'  >\n\n<style type=\"text\/css\" data-created_by=\"avia_inline_auto\" id=\"style-css-av-2jwkkw-71515b9839f833e3851fbf1bc10d3116\">\n.flex_cell.av-2jwkkw-71515b9839f833e3851fbf1bc10d3116{\nvertical-align:middle;\nheight:500px;\nmin-height:500px;\nbackground:url(https:\/\/art.kallmuenz.it\/wp-content\/uploads\/2020\/06\/kunstverein-kallmuenz-prieth.jpg) 0% 0% no-repeat scroll ;\n}\n.responsive #top #wrap_all .flex_cell.av-2jwkkw-71515b9839f833e3851fbf1bc10d3116{\npadding:30px 30px 30px 30px !important;\n}\n<\/style>\n<div class='flex_cell av-2jwkkw-71515b9839f833e3851fbf1bc10d3116 av-gridrow-cell av_one_half no_margin  avia-builder-el-53  el_before_av_cell_one_half  avia-builder-el-first  content-align-middle avia-full-stretch'  ><div class='flex_cell_inner'><\/div><\/div>\n<style type=\"text\/css\" data-created_by=\"avia_inline_auto\" id=\"style-css-av-2dnrzk-48fe874a6421c6bddc71fd0f04ee27dc\">\n.flex_cell.av-2dnrzk-48fe874a6421c6bddc71fd0f04ee27dc{\nvertical-align:middle;\nheight:500px;\nmin-height:500px;\n}\n.responsive #top #wrap_all .flex_cell.av-2dnrzk-48fe874a6421c6bddc71fd0f04ee27dc{\npadding:30px 30px 30px 30px !important;\n}\n<\/style>\n<div class='flex_cell av-2dnrzk-48fe874a6421c6bddc71fd0f04ee27dc av-gridrow-cell av_one_half no_margin  avia-builder-el-54  el_after_av_cell_one_half  avia-builder-el-last  content-align-middle'  ><div class='flex_cell_inner'><section  class='av_textblock_section av-28ikjs-2e857ffbe62e3eb6ad72ea879d0002ae '   itemscope=\"itemscope\" itemtype=\"https:\/\/schema.org\/BlogPosting\" itemprop=\"blogPost\" ><div class='avia_textblock'  itemprop=\"text\" ><h3 style=\"text-align: center;\"><\/h3>\n<h1 style=\"text-align: center;\">Matthias Prieth Duo<\/h1>\n<h3 style=\"text-align: center;\">musik &#8211; Sonntag, 26. Juli 2020 &#8211; 20.00 Uhr<\/h3>\n<p>S\u00fcdtiroler Liedermacherei vom Feinsten. Die Songs von Matthias Prieth sind mal schwungvoll, mal melancholisch \u2013 aber immer dicht, atmosph\u00e4risch und intensiv.<\/p>\n<p>Im Duo mit <strong>Ariel Trettel.<\/strong><\/p>\n<\/div><\/section>\n<\/div><\/div>\n<\/div>\n<div id='av-layout-grid-12'  class='av-layout-grid-container av-206e80-f7b5fec3805a8d273bb44867dbc15a8e entry-content-wrapper main_color av-border-top-bottom av-flex-cells  avia-builder-el-56  el_after_av_layout_row  el_before_av_layout_row  grid-row-not-first  container_wrap fullsize'  >\n\n<style type=\"text\/css\" data-created_by=\"avia_inline_auto\" id=\"style-css-av-6q328-ccbed124877e03199dd7613b72df6b69\">\n.flex_cell.av-6q328-ccbed124877e03199dd7613b72df6b69{\nvertical-align:middle;\nheight:500px;\nmin-height:500px;\n}\n.responsive #top #wrap_all .flex_cell.av-6q328-ccbed124877e03199dd7613b72df6b69{\npadding:30px 30px 30px 30px !important;\n}\n<\/style>\n<div class='flex_cell av-6q328-ccbed124877e03199dd7613b72df6b69 av-gridrow-cell av_one_half no_margin  avia-builder-el-57  el_before_av_cell_one_half  avia-builder-el-first  content-align-middle avia-full-stretch'  ><div class='flex_cell_inner'><section  class='av_textblock_section av-1tcq34-4f41440e292c8ecc5b6a1cb934d3b3ba '   itemscope=\"itemscope\" itemtype=\"https:\/\/schema.org\/BlogPosting\" itemprop=\"blogPost\" ><div class='avia_textblock'  itemprop=\"text\" ><h3 style=\"text-align: center;\"><\/h3>\n<h1 style=\"text-align: center;\">Timbreroots<\/h1>\n<h3 style=\"text-align: center;\">musik &#8211; Donnerstag, 30. Juli 2020 &#8211; 20.00 Uhr<\/h3>\n<p style=\"text-align: center;\">Indiefolk &amp; Poprock<\/p>\n<p>Indie Folk, Alternative Rock, Einw\u00fcrfe von Poprock aus den 60ern- 80ern, ausgedr\u00fcckt durch sattem vielstimmigem Gesang, Gitarren, Keyboards, Schlagzeug und der Marimba ergeben den speziellen, sph\u00e4rischen Sound der Band Timbreroots.<\/p>\n<p>\u201eWir wollen durch unsere Musik Gutes bewirken\u201c. So lautet das Ziel der im Sommer 2019 gegr\u00fcndeten, jungen Band Timbreroots aus S\u00fcdtirol. Musik schafft Dimensionen, in denen alles und jeder seinen Platz finden und sich in friedlicher Gemeinschaft geborgen f\u00fchlen kann. Solche Dimensionen will Timbreroots schaffen. Nicht nur durch ihre Musik, sondern auch durch den Erl\u00f6s, den die Band f\u00fcrs Musizieren einnimmt. Dieser soll n\u00e4mlich nach finanzieller M\u00f6glichkeit, gegen Ende jeden Jahres, verschiedenen Stiftungen und Organisationen f\u00fcr den guten Zweck gespendet.<\/p>\n<p>Leadstimme: <strong>Benedikt Sanoll<br \/>\n<\/strong>Gitarre, Banjo, E-Gitarre: <strong>Sebastian Willeit<br \/>\n<\/strong>Tenor: <strong>Simon Oberrauch<br \/>\n<\/strong>Piano \/ Keyboard, hoher Bariton, Marimba\/Drum-set:\u00a0 <strong>Philipp Sanoll<br \/>\n<\/strong>Tenor, E- Bass, tiefer Bariton: <strong>Thomas Vicenzi<\/strong><\/p>\n<\/div><\/section>\n<\/div><\/div>\n<style type=\"text\/css\" data-created_by=\"avia_inline_auto\" id=\"style-css-av-1ly6eo-e77894cd4d912aaa5fd7067738bad45a\">\n.flex_cell.av-1ly6eo-e77894cd4d912aaa5fd7067738bad45a{\nvertical-align:middle;\nheight:500px;\nmin-height:500px;\nbackground:url(https:\/\/art.kallmuenz.it\/wp-content\/uploads\/2020\/06\/kunstverein-kallmuenz_timbreroots-1.jpg) 50% 0% no-repeat scroll ;\n}\n.responsive #top #wrap_all .flex_cell.av-1ly6eo-e77894cd4d912aaa5fd7067738bad45a{\npadding:30px 30px 30px 30px !important;\n}\n<\/style>\n<div class='flex_cell av-1ly6eo-e77894cd4d912aaa5fd7067738bad45a av-gridrow-cell av_one_half no_margin  avia-builder-el-59  el_after_av_cell_one_half  avia-builder-el-last  content-align-middle avia-full-stretch'  ><div class='flex_cell_inner'><\/div><\/div>\n<\/div>\n<div id='av-layout-grid-13'  class='av-layout-grid-container av-2owxmw-0c6082e07ecbb96d622d1c4fed7ef3c8 entry-content-wrapper main_color av-border-top-bottom av-flex-cells  avia-builder-el-60  el_after_av_layout_row  el_before_av_layout_row  grid-row-not-first  container_wrap fullsize'  >\n\n<style type=\"text\/css\" data-created_by=\"avia_inline_auto\" id=\"style-css-av-2jwkkw-6c1c0b1afe1dc4348ee9b3e488354d86\">\n.flex_cell.av-2jwkkw-6c1c0b1afe1dc4348ee9b3e488354d86{\nvertical-align:middle;\nheight:500px;\nmin-height:500px;\nbackground:url(https:\/\/art.kallmuenz.it\/wp-content\/uploads\/2020\/06\/kunstverein-kallmuenz_der-kredit.jpg) 50% 0% no-repeat scroll ;\n}\n.responsive #top #wrap_all .flex_cell.av-2jwkkw-6c1c0b1afe1dc4348ee9b3e488354d86{\npadding:30px 30px 30px 30px !important;\n}\n<\/style>\n<div class='flex_cell av-2jwkkw-6c1c0b1afe1dc4348ee9b3e488354d86 av-gridrow-cell av_one_half no_margin  avia-builder-el-61  el_before_av_cell_one_half  avia-builder-el-first  content-align-middle avia-full-stretch'  ><div class='flex_cell_inner'><\/div><\/div>\n<style type=\"text\/css\" data-created_by=\"avia_inline_auto\" id=\"style-css-av-2dnrzk-48fe874a6421c6bddc71fd0f04ee27dc\">\n.flex_cell.av-2dnrzk-48fe874a6421c6bddc71fd0f04ee27dc{\nvertical-align:middle;\nheight:500px;\nmin-height:500px;\n}\n.responsive #top #wrap_all .flex_cell.av-2dnrzk-48fe874a6421c6bddc71fd0f04ee27dc{\npadding:30px 30px 30px 30px !important;\n}\n<\/style>\n<div class='flex_cell av-2dnrzk-48fe874a6421c6bddc71fd0f04ee27dc av-gridrow-cell av_one_half no_margin  avia-builder-el-62  el_after_av_cell_one_half  avia-builder-el-last  content-align-middle'  ><div class='flex_cell_inner'><section  class='av_textblock_section av-28ikjs-2e857ffbe62e3eb6ad72ea879d0002ae '   itemscope=\"itemscope\" itemtype=\"https:\/\/schema.org\/BlogPosting\" itemprop=\"blogPost\" ><div class='avia_textblock'  itemprop=\"text\" ><h3 style=\"text-align: center;\"><\/h3>\n<h3 style=\"text-align: center;\"><\/h3>\n<h1 style=\"text-align: center;\">Der Kredit<\/h1>\n<h3 style=\"text-align: center;\">theater &#8211; Freitag, 7. August 2020 &#8211; 20.00 Uhr<\/h3>\n<p style=\"text-align: center;\">(am 1. August verschoben wegen Schlechtwetter!)<\/p>\n<p style=\"text-align: center;\"><strong>von Jordi Galceran, Formentera\u2019s Hofnarren<\/strong><br \/>\n<strong>mit Thomas Rizzoli\u00a0 und Simon Schwarz<\/strong><\/p>\n<p>&#8230;ein gelungener Seitenhieb auf unsere oberfl\u00e4chliche Erfolgsgesellschaft, die sich der Profitgier verschrieben hat und die Prinzipien des menschlichen Miteinanders schlichtweg vernachl\u00e4ssigt. Das St\u00fcck wird gerade wegen seiner brisanten Mischung aus Spannung, Kritik und Unterhaltung mit gro\u00dfem Erfolg auf zahlreichen deutschen B\u00fchnen gespielt.<\/p>\n<\/div><\/section>\n<\/div><\/div>\n<\/div>\n<div id='av-layout-grid-14'  class='av-layout-grid-container av-206e80-f7b5fec3805a8d273bb44867dbc15a8e entry-content-wrapper main_color av-border-top-bottom av-flex-cells  avia-builder-el-64  el_after_av_layout_row  el_before_av_layout_row  grid-row-not-first  container_wrap fullsize'  >\n\n<style type=\"text\/css\" data-created_by=\"avia_inline_auto\" id=\"style-css-av-6q328-ccbed124877e03199dd7613b72df6b69\">\n.flex_cell.av-6q328-ccbed124877e03199dd7613b72df6b69{\nvertical-align:middle;\nheight:500px;\nmin-height:500px;\n}\n.responsive #top #wrap_all .flex_cell.av-6q328-ccbed124877e03199dd7613b72df6b69{\npadding:30px 30px 30px 30px !important;\n}\n<\/style>\n<div class='flex_cell av-6q328-ccbed124877e03199dd7613b72df6b69 av-gridrow-cell av_one_half no_margin  avia-builder-el-65  el_before_av_cell_one_half  avia-builder-el-first  content-align-middle avia-full-stretch'  ><div class='flex_cell_inner'><section  class='av_textblock_section av-1tcq34-4f41440e292c8ecc5b6a1cb934d3b3ba '   itemscope=\"itemscope\" itemtype=\"https:\/\/schema.org\/BlogPosting\" itemprop=\"blogPost\" ><div class='avia_textblock'  itemprop=\"text\" ><h3 style=\"text-align: center;\"><\/h3>\n<h1 style=\"text-align: center;\">Der Wein war ein Gedicht\u2026<\/h1>\n<h3 style=\"text-align: center;\">musik\/lesung &#8211; Sonntag, 2. August 2020 &#8211; 19.00 Uhr<\/h3>\n<p style=\"text-align: center;\">Ein literarische Reise mit Musik durch die Welt des Weines und der Sinnlichkeit<\/p>\n<p>Weinleser: <strong>Ingrid Maria Lechner und Georg Kaser<\/strong><\/p>\n<\/div><\/section>\n<\/div><\/div>\n<style type=\"text\/css\" data-created_by=\"avia_inline_auto\" id=\"style-css-av-1ly6eo-7db1cff1c0f0fcb6f31cc40d824adee0\">\n.flex_cell.av-1ly6eo-7db1cff1c0f0fcb6f31cc40d824adee0{\nvertical-align:middle;\nheight:500px;\nmin-height:500px;\nbackground:url(https:\/\/art.kallmuenz.it\/wp-content\/uploads\/2020\/06\/kunstverein-kallmuenz_der-wein-war-ein-gedicht.jpg) 50% 50% no-repeat scroll ;\n}\n.responsive #top #wrap_all .flex_cell.av-1ly6eo-7db1cff1c0f0fcb6f31cc40d824adee0{\npadding:30px 30px 30px 30px !important;\n}\n<\/style>\n<div class='flex_cell av-1ly6eo-7db1cff1c0f0fcb6f31cc40d824adee0 av-gridrow-cell av_one_half no_margin  avia-builder-el-67  el_after_av_cell_one_half  avia-builder-el-last  content-align-middle avia-full-stretch'  ><div class='flex_cell_inner'><\/div><\/div>\n<\/div>\n<div id='av-layout-grid-15'  class='av-layout-grid-container av-2owxmw-0c6082e07ecbb96d622d1c4fed7ef3c8 entry-content-wrapper main_color av-border-top-bottom av-flex-cells  avia-builder-el-68  el_after_av_layout_row  el_before_av_layout_row  grid-row-not-first  container_wrap fullsize'  >\n\n<style type=\"text\/css\" data-created_by=\"avia_inline_auto\" id=\"style-css-av-2jwkkw-451f030b43e56f17a72841a2abd9ec58\">\n.flex_cell.av-2jwkkw-451f030b43e56f17a72841a2abd9ec58{\nvertical-align:middle;\nheight:500px;\nmin-height:500px;\nbackground:url(https:\/\/art.kallmuenz.it\/wp-content\/uploads\/2020\/06\/Blueberger-Pala-duo2.jpg) 50% 50% no-repeat scroll ;\n}\n.responsive #top #wrap_all .flex_cell.av-2jwkkw-451f030b43e56f17a72841a2abd9ec58{\npadding:30px 30px 30px 30px !important;\n}\n<\/style>\n<div class='flex_cell av-2jwkkw-451f030b43e56f17a72841a2abd9ec58 av-gridrow-cell av_one_half no_margin  avia-builder-el-69  el_before_av_cell_one_half  avia-builder-el-first  content-align-middle avia-full-stretch'  ><div class='flex_cell_inner'><\/div><\/div>\n<style type=\"text\/css\" data-created_by=\"avia_inline_auto\" id=\"style-css-av-2dnrzk-48fe874a6421c6bddc71fd0f04ee27dc\">\n.flex_cell.av-2dnrzk-48fe874a6421c6bddc71fd0f04ee27dc{\nvertical-align:middle;\nheight:500px;\nmin-height:500px;\n}\n.responsive #top #wrap_all .flex_cell.av-2dnrzk-48fe874a6421c6bddc71fd0f04ee27dc{\npadding:30px 30px 30px 30px !important;\n}\n<\/style>\n<div class='flex_cell av-2dnrzk-48fe874a6421c6bddc71fd0f04ee27dc av-gridrow-cell av_one_half no_margin  avia-builder-el-70  el_after_av_cell_one_half  avia-builder-el-last  content-align-middle'  ><div class='flex_cell_inner'><section  class='av_textblock_section av-28ikjs-2e857ffbe62e3eb6ad72ea879d0002ae '   itemscope=\"itemscope\" itemtype=\"https:\/\/schema.org\/BlogPosting\" itemprop=\"blogPost\" ><div class='avia_textblock'  itemprop=\"text\" ><h3 style=\"text-align: center;\"><\/h3>\n<h3 style=\"text-align: center;\"><\/h3>\n<h1 style=\"text-align: center;\">Blueberger Pala Duo<\/h1>\n<h3 style=\"text-align: center;\">musica &#8211; Samstag, 15. August 2020 &#8211; 20.00 Uhr<\/h3>\n<p style=\"text-align: center;\">(am 6. August verschoben wegen Schlechtwetter!)<\/p>\n<p style=\"text-align: center;\">fisarmonica &amp; violoncello<\/p>\n<p>Rachel Blueberger al violoncello e Maurizio Pala alla fisarmonica proporranno un programma di raro ascolto in una formazione come quella di questo inusuale duo che, nella propria originalit\u00e0, \u00e8 capace di sorprendere per il binomio timbrico inaspettato e ricco di sfumature.<\/p>\n<p>Il programma sar\u00e0 vario ed interessante, comprender\u00e0 musiche di diversi generi, radici, periodi e colori. Il Tango e la Milonga argentini, le musiche del cinema tanto amate di fronte al grande schermo, musica classica ma anche rock\/metal\/pop\/kletzmer\/balkan\/world&#8230;why not! Melodie struggenti e ritmi serrati interpretati e proposti in chiave originale e tutto rigorosamente strumentale grazie alla ricchezza ed alle possibilit\u00e0 interpretative del violoncello e della fisarmonica.<\/p>\n<\/div><\/section>\n<\/div><\/div>\n<\/div>\n<div id='av-layout-grid-16'  class='av-layout-grid-container av-206e80-f7b5fec3805a8d273bb44867dbc15a8e entry-content-wrapper main_color av-border-top-bottom av-flex-cells  avia-builder-el-72  el_after_av_layout_row  el_before_av_layout_row  grid-row-not-first  container_wrap fullsize'  >\n\n<style type=\"text\/css\" data-created_by=\"avia_inline_auto\" id=\"style-css-av-6q328-ccbed124877e03199dd7613b72df6b69\">\n.flex_cell.av-6q328-ccbed124877e03199dd7613b72df6b69{\nvertical-align:middle;\nheight:500px;\nmin-height:500px;\n}\n.responsive #top #wrap_all .flex_cell.av-6q328-ccbed124877e03199dd7613b72df6b69{\npadding:30px 30px 30px 30px !important;\n}\n<\/style>\n<div class='flex_cell av-6q328-ccbed124877e03199dd7613b72df6b69 av-gridrow-cell av_one_half no_margin  avia-builder-el-73  el_before_av_cell_one_half  avia-builder-el-first  content-align-middle avia-full-stretch'  ><div class='flex_cell_inner'><section  class='av_textblock_section av-1tcq34-4f41440e292c8ecc5b6a1cb934d3b3ba '   itemscope=\"itemscope\" itemtype=\"https:\/\/schema.org\/BlogPosting\" itemprop=\"blogPost\" ><div class='avia_textblock'  itemprop=\"text\" ><h3 style=\"text-align: center;\"><\/h3>\n<h1 style=\"text-align: center;\">Nel ventre della balena<\/h1>\n<p style=\"text-align: center;\">F. Sarubbo &amp; J. Chiericati<\/p>\n<h3 style=\"text-align: center;\">teatro\/suono &#8211; Samstag, 8. August 2020 &#8211; 20.00 Uhr<\/h3>\n<\/div><\/section>\n<\/div><\/div>\n<style type=\"text\/css\" data-created_by=\"avia_inline_auto\" id=\"style-css-av-1ly6eo-dedf23770b7937b264ff2f32d7623c13\">\n.flex_cell.av-1ly6eo-dedf23770b7937b264ff2f32d7623c13{\nvertical-align:middle;\nheight:500px;\nmin-height:500px;\nbackground:url(https:\/\/art.kallmuenz.it\/wp-content\/uploads\/2020\/06\/kunstverein-kallmuenz_nel-ventre-della-balena.jpg) 50% 0% no-repeat scroll ;\n}\n.responsive #top #wrap_all .flex_cell.av-1ly6eo-dedf23770b7937b264ff2f32d7623c13{\npadding:30px 30px 30px 30px !important;\n}\n<\/style>\n<div class='flex_cell av-1ly6eo-dedf23770b7937b264ff2f32d7623c13 av-gridrow-cell av_one_half no_margin  avia-builder-el-75  el_after_av_cell_one_half  avia-builder-el-last  content-align-middle avia-full-stretch'  ><div class='flex_cell_inner'><\/div><\/div>\n<\/div>\n<div id='av-layout-grid-17'  class='av-layout-grid-container av-2owxmw-0c6082e07ecbb96d622d1c4fed7ef3c8 entry-content-wrapper main_color av-border-top-bottom av-flex-cells  avia-builder-el-76  el_after_av_layout_row  el_before_av_layout_row  grid-row-not-first  container_wrap fullsize'  >\n\n<style type=\"text\/css\" data-created_by=\"avia_inline_auto\" id=\"style-css-av-2jwkkw-35ef3da7a5aff3166de1003bb5469f58\">\n.flex_cell.av-2jwkkw-35ef3da7a5aff3166de1003bb5469f58{\nvertical-align:middle;\nheight:500px;\nmin-height:500px;\nbackground:url(https:\/\/art.kallmuenz.it\/wp-content\/uploads\/2020\/06\/kunstverein-kallmuenz_schaffa-schaffa-haeusle-baue.jpg) 50% 0% no-repeat scroll ;\n}\n.responsive #top #wrap_all .flex_cell.av-2jwkkw-35ef3da7a5aff3166de1003bb5469f58{\npadding:30px 30px 30px 30px !important;\n}\n<\/style>\n<div class='flex_cell av-2jwkkw-35ef3da7a5aff3166de1003bb5469f58 av-gridrow-cell av_one_half no_margin  avia-builder-el-77  el_before_av_cell_one_half  avia-builder-el-first  content-align-middle avia-full-stretch'  ><div class='flex_cell_inner'><\/div><\/div>\n<style type=\"text\/css\" data-created_by=\"avia_inline_auto\" id=\"style-css-av-2dnrzk-48fe874a6421c6bddc71fd0f04ee27dc\">\n.flex_cell.av-2dnrzk-48fe874a6421c6bddc71fd0f04ee27dc{\nvertical-align:middle;\nheight:500px;\nmin-height:500px;\n}\n.responsive #top #wrap_all .flex_cell.av-2dnrzk-48fe874a6421c6bddc71fd0f04ee27dc{\npadding:30px 30px 30px 30px !important;\n}\n<\/style>\n<div class='flex_cell av-2dnrzk-48fe874a6421c6bddc71fd0f04ee27dc av-gridrow-cell av_one_half no_margin  avia-builder-el-78  el_after_av_cell_one_half  avia-builder-el-last  content-align-middle'  ><div class='flex_cell_inner'><section  class='av_textblock_section av-28ikjs-2e857ffbe62e3eb6ad72ea879d0002ae '   itemscope=\"itemscope\" itemtype=\"https:\/\/schema.org\/BlogPosting\" itemprop=\"blogPost\" ><div class='avia_textblock'  itemprop=\"text\" ><h3 style=\"text-align: center;\"><\/h3>\n<h3 style=\"text-align: center;\"><\/h3>\n<h1 style=\"text-align: center;\">Schaffa schaffa H\u00e4usle baue<\/h1>\n<h3 style=\"text-align: center;\">theater &#8211; Donnerstag, 20. August 2020 &#8211; 20.00 Uhr<\/h3>\n<p style=\"text-align: center;\">von Stefan V\u00f6gel, mit Karin Verdorfer &amp; Thomas Hochkofler<\/p>\n<p>\u201eSchaffa, schaffa H\u00e4usle baue\u201c ist nicht irgendein blutleerer Spruch, sondern die oberste B\u00fcrgerpflicht. Denn tats\u00e4chlich bezieht der S\u00fcdtiroler einen Gro\u00dfteil seines Stolzes aus dem Besitz eines eigenen Hauses. Und daf\u00fcr opfert er zur Not alles: sein Geld, seine Freizeit, seine Gesundheit, seine Ehe. G\u00fcnther und Irene haben die anstrengendsten Monate ihres Lebens gerade hinter sich und tragen jetzt im Auftrag des Landes die ungeschminkte Wahrheit \u00fcber Sinn und Unsinn, Heil und Unheil, Wesen und Unwesen des Hausbaus in die gro\u00dfe weite Welt hinaus&#8230;<\/p>\n<p>Regie: <strong>Rudolf Ladurner<\/strong><\/p>\n<\/div><\/section>\n<\/div><\/div>\n<\/div>\n<div id='av-layout-grid-18'  class='av-layout-grid-container av-206e80-f7b5fec3805a8d273bb44867dbc15a8e entry-content-wrapper main_color av-border-top-bottom av-flex-cells  avia-builder-el-80  el_after_av_layout_row  el_before_av_layout_row  grid-row-not-first  container_wrap fullsize'  >\n\n<style type=\"text\/css\" data-created_by=\"avia_inline_auto\" id=\"style-css-av-6q328-ccbed124877e03199dd7613b72df6b69\">\n.flex_cell.av-6q328-ccbed124877e03199dd7613b72df6b69{\nvertical-align:middle;\nheight:500px;\nmin-height:500px;\n}\n.responsive #top #wrap_all .flex_cell.av-6q328-ccbed124877e03199dd7613b72df6b69{\npadding:30px 30px 30px 30px !important;\n}\n<\/style>\n<div class='flex_cell av-6q328-ccbed124877e03199dd7613b72df6b69 av-gridrow-cell av_one_half no_margin  avia-builder-el-81  el_before_av_cell_one_half  avia-builder-el-first  content-align-middle avia-full-stretch'  ><div class='flex_cell_inner'><section  class='av_textblock_section av-1tcq34-4f41440e292c8ecc5b6a1cb934d3b3ba '   itemscope=\"itemscope\" itemtype=\"https:\/\/schema.org\/BlogPosting\" itemprop=\"blogPost\" ><div class='avia_textblock'  itemprop=\"text\" ><h3 style=\"text-align: center;\"><\/h3>\n<h1 style=\"text-align: center;\">Liebes-, Lust- und Lasterlieder<\/h1>\n<h3 style=\"text-align: center;\">musik &#8211; Samstag, 22. August 2020 &#8211; 18.00 Uhr<\/h3>\n<p><strong>Magdalena Schwellensattl<\/strong> (Alt), <strong>Lara Maria Clara<\/strong> (Sopran) und <strong>Amin Benelkadi<\/strong> (Piano) servieren einen erfrischenden Sommer-Cocktail aus Klassik, Pop und Chanson. Man mixe Brahms mit Piaf, Liszt mit Adele und Mozart mit Doris Day \u2013 e voil\u00e0: Fertig ist ein musikalischer Ap\u00e9ritif d\u00b4Amour: proseccoprickelnd. camparibitter und sambucas\u00fc\u00df.<\/p>\n<p>Chin Chin!<\/p>\n<\/div><\/section>\n<\/div><\/div>\n<style type=\"text\/css\" data-created_by=\"avia_inline_auto\" id=\"style-css-av-1ly6eo-4d80135062caee3a4e6d371fcd72f6f5\">\n.flex_cell.av-1ly6eo-4d80135062caee3a4e6d371fcd72f6f5{\nvertical-align:middle;\nheight:500px;\nmin-height:500px;\nbackground:url(https:\/\/art.kallmuenz.it\/wp-content\/uploads\/2020\/06\/Foto-Liebes-Lust-Lasterlieder.jpg) 50% 0% no-repeat scroll ;\n}\n.responsive #top #wrap_all .flex_cell.av-1ly6eo-4d80135062caee3a4e6d371fcd72f6f5{\npadding:30px 30px 30px 30px !important;\n}\n<\/style>\n<div class='flex_cell av-1ly6eo-4d80135062caee3a4e6d371fcd72f6f5 av-gridrow-cell av_one_half no_margin  avia-builder-el-83  el_after_av_cell_one_half  avia-builder-el-last  content-align-middle avia-full-stretch'  ><div class='flex_cell_inner'><\/div><\/div>\n<\/div>\n<div id='av-layout-grid-19'  class='av-layout-grid-container av-2owxmw-0c6082e07ecbb96d622d1c4fed7ef3c8 entry-content-wrapper main_color av-border-top-bottom av-flex-cells  avia-builder-el-84  el_after_av_layout_row  el_before_av_layout_row  grid-row-not-first  container_wrap fullsize'  >\n\n<style type=\"text\/css\" data-created_by=\"avia_inline_auto\" id=\"style-css-av-2jwkkw-35ef3da7a5aff3166de1003bb5469f58\">\n.flex_cell.av-2jwkkw-35ef3da7a5aff3166de1003bb5469f58{\nvertical-align:middle;\nheight:500px;\nmin-height:500px;\nbackground:url(https:\/\/art.kallmuenz.it\/wp-content\/uploads\/2020\/06\/kunstverein-kallmuenz_schaffa-schaffa-haeusle-baue.jpg) 50% 0% no-repeat scroll ;\n}\n.responsive #top #wrap_all .flex_cell.av-2jwkkw-35ef3da7a5aff3166de1003bb5469f58{\npadding:30px 30px 30px 30px !important;\n}\n<\/style>\n<div class='flex_cell av-2jwkkw-35ef3da7a5aff3166de1003bb5469f58 av-gridrow-cell av_one_half no_margin  avia-builder-el-85  el_before_av_cell_one_half  avia-builder-el-first  content-align-middle avia-full-stretch'  ><div class='flex_cell_inner'><\/div><\/div>\n<style type=\"text\/css\" data-created_by=\"avia_inline_auto\" id=\"style-css-av-2dnrzk-48fe874a6421c6bddc71fd0f04ee27dc\">\n.flex_cell.av-2dnrzk-48fe874a6421c6bddc71fd0f04ee27dc{\nvertical-align:middle;\nheight:500px;\nmin-height:500px;\n}\n.responsive #top #wrap_all .flex_cell.av-2dnrzk-48fe874a6421c6bddc71fd0f04ee27dc{\npadding:30px 30px 30px 30px !important;\n}\n<\/style>\n<div class='flex_cell av-2dnrzk-48fe874a6421c6bddc71fd0f04ee27dc av-gridrow-cell av_one_half no_margin  avia-builder-el-86  el_after_av_cell_one_half  avia-builder-el-last  content-align-middle'  ><div class='flex_cell_inner'><section  class='av_textblock_section av-28ikjs-2e857ffbe62e3eb6ad72ea879d0002ae '   itemscope=\"itemscope\" itemtype=\"https:\/\/schema.org\/BlogPosting\" itemprop=\"blogPost\" ><div class='avia_textblock'  itemprop=\"text\" ><h3 style=\"text-align: center;\"><\/h3>\n<h3 style=\"text-align: center;\"><\/h3>\n<h1 style=\"text-align: center;\">Schaffa schaffa H\u00e4usle baue<\/h1>\n<h3 style=\"text-align: center;\">theater &#8211; Samstag, 22. August 2020 &#8211; 20.00 Uhr<\/h3>\n<p style=\"text-align: center;\">von Stefan V\u00f6gel, mit Karin Verdorfer &amp; Thomas Hochkofler<\/p>\n<p>\u201eSchaffa, schaffa H\u00e4usle baue\u201c ist nicht irgendein blutleerer Spruch, sondern die oberste B\u00fcrgerpflicht. Denn tats\u00e4chlich bezieht der S\u00fcdtiroler einen Gro\u00dfteil seines Stolzes aus dem Besitz eines eigenen Hauses. Und daf\u00fcr opfert er zur Not alles: sein Geld, seine Freizeit, seine Gesundheit, seine Ehe. G\u00fcnther und Irene haben die anstrengendsten Monate ihres Lebens gerade hinter sich und tragen jetzt im Auftrag des Landes die ungeschminkte Wahrheit \u00fcber Sinn und Unsinn, Heil und Unheil, Wesen und Unwesen des Hausbaus in die gro\u00dfe weite Welt hinaus&#8230;<\/p>\n<p>Regie: <strong>Rudolf Ladurner<\/strong><\/p>\n<\/div><\/section>\n<\/div><\/div>\n<\/div>\n<div id='av-layout-grid-20'  class='av-layout-grid-container av-206e80-f7b5fec3805a8d273bb44867dbc15a8e entry-content-wrapper main_color av-border-top-bottom av-flex-cells  avia-builder-el-88  el_after_av_layout_row  el_before_av_one_half  grid-row-not-first  container_wrap fullsize'  >\n\n<style type=\"text\/css\" data-created_by=\"avia_inline_auto\" id=\"style-css-av-6q328-ccbed124877e03199dd7613b72df6b69\">\n.flex_cell.av-6q328-ccbed124877e03199dd7613b72df6b69{\nvertical-align:middle;\nheight:500px;\nmin-height:500px;\n}\n.responsive #top #wrap_all .flex_cell.av-6q328-ccbed124877e03199dd7613b72df6b69{\npadding:30px 30px 30px 30px !important;\n}\n<\/style>\n<div class='flex_cell av-6q328-ccbed124877e03199dd7613b72df6b69 av-gridrow-cell av_one_half no_margin  avia-builder-el-89  el_before_av_cell_one_half  avia-builder-el-first  content-align-middle avia-full-stretch'  ><div class='flex_cell_inner'><section  class='av_textblock_section av-1tcq34-4f41440e292c8ecc5b6a1cb934d3b3ba '   itemscope=\"itemscope\" itemtype=\"https:\/\/schema.org\/BlogPosting\" itemprop=\"blogPost\" ><div class='avia_textblock'  itemprop=\"text\" ><h3 style=\"text-align: center;\"><\/h3>\n<h1 style=\"text-align: center;\">Nartan &amp; Max Castlunger<\/h1>\n<h3 style=\"text-align: center;\">musica &#8211; Sonntag, 23. August 2020 &#8211; 20.00 Uhr<\/h3>\n<p style=\"text-align: center;\">Harp &amp; Percussion &#8211; HARPFULLY DUO LIVE in Concert<\/p>\n<p>\u00c8 tempo di dimostrare quanto la musica dell\u2019arpa pu\u00f2 essere eclettica, di interpretarla nuovamente e darle nuove sonorit\u00e0. Anticonvenzionale, improvvisata, con forti influenze jazz ed elettroniche, in interazione con percussioni, strumenti a fiato e a tastiera. Affascinato dall\u2019improvvisazione, guidato dalla gioia del fare musica insieme e rafforzato da una lunga amicizia, nasce un DUO inconsueto, che propone musica crossover spaziando abilmente dal jazz, all\u2019elettronica, alla world music.<\/p>\n<p>Gli HARPFULLY vantano numerose partecipazioni a eventi e festival in Italia e in Europa, tra cui l\u2019International Harp Festival di Sentmenat (E), 36\u00b0 Rencontres Internationales des Harpes Celtiques (F), Brussels Harp Festival (B), Su\u0308dtirol Jazz Festival (I). (Foto \u00a9 Oriol Mas Carbonell)<\/p>\n<p><a href=\"http:\/\/www.maxcastlunger.com\" target=\"_blank\" rel=\"noopener noreferrer\">www.maxcastlunger.com<\/a><br \/>\n<a href=\"http:\/\/www.nartan.com\" target=\"_blank\" rel=\"noopener noreferrer\">www.nartan.com<\/a><\/p>\n<\/div><\/section>\n<\/div><\/div>\n<style type=\"text\/css\" data-created_by=\"avia_inline_auto\" id=\"style-css-av-1ly6eo-bf463a9bbb3b7bd3a2e5bdc7816c46c8\">\n.flex_cell.av-1ly6eo-bf463a9bbb3b7bd3a2e5bdc7816c46c8{\nvertical-align:middle;\nheight:500px;\nmin-height:500px;\nbackground:url(https:\/\/art.kallmuenz.it\/wp-content\/uploads\/2020\/06\/HARPFULLY-DUO-03.jpg) 50% 50% no-repeat scroll ;\n}\n.responsive #top #wrap_all .flex_cell.av-1ly6eo-bf463a9bbb3b7bd3a2e5bdc7816c46c8{\npadding:30px 30px 30px 30px !important;\n}\n<\/style>\n<div class='flex_cell av-1ly6eo-bf463a9bbb3b7bd3a2e5bdc7816c46c8 av-gridrow-cell av_one_half no_margin  avia-builder-el-91  el_after_av_cell_one_half  avia-builder-el-last  content-align-middle avia-full-stretch'  ><div class='flex_cell_inner'><\/div><\/div>\n<\/div><div id='after_grid_row_20'  class='main_color av_default_container_wrap container_wrap fullsize'  ><div class='container av-section-cont-open' ><div class='template-page content  av-content-full alpha units'><div class='post-entry post-entry-type-page post-entry-1901'><div class='entry-content-wrapper clearfix'>\n\n<style type=\"text\/css\" data-created_by=\"avia_inline_auto\" id=\"style-css-av-4ptako-9ed198279087916a95170ac92b3ce214\">\n.flex_column.av-4ptako-9ed198279087916a95170ac92b3ce214{\nborder-radius:0px 0px 0px 0px;\npadding:0px 0px 0px 0px;\n}\n<\/style>\n<div  class='flex_column av-4ptako-9ed198279087916a95170ac92b3ce214 av_one_half  avia-builder-el-92  el_after_av_layout_row  el_before_av_one_half  avia-builder-el-first  first flex_column_div av-zero-column-padding  '     ><style type=\"text\/css\" data-created_by=\"avia_inline_auto\" id=\"style-css-av-kcump6kq-1d2ae4eec87aea753930ca8c887cdf4a\">\n.avia-image-container.av-kcump6kq-1d2ae4eec87aea753930ca8c887cdf4a img.avia_image{\nbox-shadow:none;\n}\n.avia-image-container.av-kcump6kq-1d2ae4eec87aea753930ca8c887cdf4a .av-image-caption-overlay-center{\ncolor:#ffffff;\n}\n<\/style>\n<div  class='avia-image-container av-kcump6kq-1d2ae4eec87aea753930ca8c887cdf4a av-styling- av-img-linked avia_animated_image av-animated-when-visible-95 fade-in avia-align-center  avia-builder-el-93  avia-builder-el-no-sibling '   itemprop=\"image\" itemscope=\"itemscope\" itemtype=\"https:\/\/schema.org\/ImageObject\" ><div class=\"avia-image-container-inner\"><div class=\"avia-image-overlay-wrap\"><a href=\"https:\/\/www.alperia.eu\/\" class='avia_image '  target=\"_blank\"  rel=\"noopener noreferrer\" aria-label='kulturverein-kallmuenz_alperia'><img decoding=\"async\" fetchpriority=\"high\" class='wp-image-1936 avia-img-lazy-loading-not-1936 avia_image ' src=\"https:\/\/art.kallmuenz.it\/wp-content\/uploads\/2020\/06\/kulturverein-kallmuenz_alperia.jpg\" alt='' title='kulturverein-kallmuenz_alperia'  height=\"687\" width=\"1030\"  itemprop=\"thumbnailUrl\" srcset=\"https:\/\/art.kallmuenz.it\/wp-content\/uploads\/2020\/06\/kulturverein-kallmuenz_alperia.jpg 1030w, https:\/\/art.kallmuenz.it\/wp-content\/uploads\/2020\/06\/kulturverein-kallmuenz_alperia-300x200.jpg 300w, https:\/\/art.kallmuenz.it\/wp-content\/uploads\/2020\/06\/kulturverein-kallmuenz_alperia-768x512.jpg 768w, https:\/\/art.kallmuenz.it\/wp-content\/uploads\/2020\/06\/kulturverein-kallmuenz_alperia-705x470.jpg 705w\" sizes=\"(max-width: 1030px) 100vw, 1030px\" \/><\/a><\/div><\/div><\/div><\/div>\n\n<style type=\"text\/css\" data-created_by=\"avia_inline_auto\" id=\"style-css-av-2nmgvs-6bf0d6df1d92b05f64fa6e4f341e4254\">\n.flex_column.av-2nmgvs-6bf0d6df1d92b05f64fa6e4f341e4254{\nborder-radius:0px 0px 0px 0px;\npadding:0px 0px 0px 0px;\n}\n<\/style>\n<div  class='flex_column av-2nmgvs-6bf0d6df1d92b05f64fa6e4f341e4254 av_one_half  avia-builder-el-94  el_after_av_one_half  avia-builder-el-last  flex_column_div av-zero-column-padding  '     ><style type=\"text\/css\" data-created_by=\"avia_inline_auto\" id=\"style-css-av-kcump6kq-d1dac2d7ebbf31412cd63521e3dc3b0e\">\n.avia-image-container.av-kcump6kq-d1dac2d7ebbf31412cd63521e3dc3b0e img.avia_image{\nbox-shadow:none;\n}\n.avia-image-container.av-kcump6kq-d1dac2d7ebbf31412cd63521e3dc3b0e .av-image-caption-overlay-center{\ncolor:#ffffff;\n}\n<\/style>\n<div  class='avia-image-container av-kcump6kq-d1dac2d7ebbf31412cd63521e3dc3b0e av-styling- av-img-linked avia_animated_image av-animated-when-visible-95 fade-in avia-align-center  avia-builder-el-95  avia-builder-el-no-sibling '   itemprop=\"image\" itemscope=\"itemscope\" itemtype=\"https:\/\/schema.org\/ImageObject\" ><div class=\"avia-image-container-inner\"><div class=\"avia-image-overlay-wrap\"><a href=\"https:\/\/www.stiftungsparkasse.it\/\" class='avia_image '  target=\"_blank\"  rel=\"noopener noreferrer\" aria-label='kulturverein-kallmuenz_stiftung-sparkasse'><img decoding=\"async\" fetchpriority=\"high\" class='wp-image-1939 avia-img-lazy-loading-not-1939 avia_image ' src=\"https:\/\/art.kallmuenz.it\/wp-content\/uploads\/2020\/06\/kulturverein-kallmuenz_stiftung-sparkasse.jpg\" alt='' title='kulturverein-kallmuenz_stiftung-sparkasse'  height=\"687\" width=\"1030\"  itemprop=\"thumbnailUrl\" srcset=\"https:\/\/art.kallmuenz.it\/wp-content\/uploads\/2020\/06\/kulturverein-kallmuenz_stiftung-sparkasse.jpg 1030w, https:\/\/art.kallmuenz.it\/wp-content\/uploads\/2020\/06\/kulturverein-kallmuenz_stiftung-sparkasse-300x200.jpg 300w, https:\/\/art.kallmuenz.it\/wp-content\/uploads\/2020\/06\/kulturverein-kallmuenz_stiftung-sparkasse-768x512.jpg 768w, https:\/\/art.kallmuenz.it\/wp-content\/uploads\/2020\/06\/kulturverein-kallmuenz_stiftung-sparkasse-705x470.jpg 705w\" sizes=\"(max-width: 1030px) 100vw, 1030px\" \/><\/a><\/div><\/div><\/div><\/div>\n","protected":false},"excerpt":{"rendered":"","protected":false},"author":4021,"featured_media":1899,"comment_status":"closed","ping_status":"closed","sticky":false,"template":"","format":"standard","meta":{"footnotes":""},"categories":[41],"tags":[],"class_list":["post-1901","post","type-post","status-publish","format-standard","has-post-thumbnail","hentry","category-archivio"],"yoast_head":"<!-- This site is optimized with the Yoast SEO plugin v27.5 - https:\/\/yoast.com\/product\/yoast-seo-wordpress\/ -->\n<title>musica theater cabaret Lkw Kallm\u00fcnz - Associazione Artistica Kallm\u00fcnz Merano<\/title>\n<meta name=\"description\" content=\"musica theater cabaret Lkw Kallm\u00fcnz nel Castello Kallm\u00fcnz dal 2.7. al 23.8.2020 - Prenotazione obbligatoria, Offerta libera consapevole!\" \/>\n<meta name=\"robots\" content=\"index, follow, max-snippet:-1, max-image-preview:large, max-video-preview:-1\" \/>\n<link rel=\"canonical\" href=\"https:\/\/art.kallmuenz.it\/it\/musica-theater-cabaret-lkw-kallmuenz\/\" \/>\n<meta property=\"og:locale\" content=\"it_IT\" \/>\n<meta property=\"og:type\" content=\"article\" \/>\n<meta property=\"og:title\" content=\"musica theater cabaret Lkw Kallm\u00fcnz - Associazione Artistica Kallm\u00fcnz Merano\" \/>\n<meta property=\"og:description\" content=\"musica theater cabaret Lkw Kallm\u00fcnz nel Castello Kallm\u00fcnz dal 2.7. al 23.8.2020 - Prenotazione obbligatoria, Offerta libera consapevole!\" \/>\n<meta property=\"og:url\" content=\"https:\/\/art.kallmuenz.it\/it\/musica-theater-cabaret-lkw-kallmuenz\/\" \/>\n<meta property=\"og:site_name\" content=\"Associazione Artistica Kallm\u00fcnz Merano\" \/>\n<meta property=\"article:publisher\" content=\"https:\/\/www.facebook.com\/KunstvereinKallmuenz\" \/>\n<meta property=\"article:published_time\" content=\"2020-06-22T14:22:41+00:00\" \/>\n<meta property=\"article:modified_time\" content=\"2020-08-07T08:51:41+00:00\" \/>\n<meta property=\"og:image\" content=\"https:\/\/art.kallmuenz.it\/wp-content\/uploads\/2020\/06\/kunstverein-kallmuenz_musica-theater-cabaret-lkw-logo.png\" \/>\n\t<meta property=\"og:image:width\" content=\"1030\" \/>\n\t<meta property=\"og:image:height\" content=\"687\" \/>\n\t<meta property=\"og:image:type\" content=\"image\/png\" \/>\n<meta name=\"author\" content=\"\u00a1\u00e0ndale!\" \/>\n<script type=\"application\/ld+json\" class=\"yoast-schema-graph\">{\"@context\":\"https:\\\/\\\/schema.org\",\"@graph\":[{\"@type\":\"Article\",\"@id\":\"https:\\\/\\\/art.kallmuenz.it\\\/it\\\/musica-theater-cabaret-lkw-kallmuenz\\\/#article\",\"isPartOf\":{\"@id\":\"https:\\\/\\\/art.kallmuenz.it\\\/it\\\/musica-theater-cabaret-lkw-kallmuenz\\\/\"},\"author\":{\"name\":\"\u00a1\u00e0ndale!\",\"@id\":\"https:\\\/\\\/art.kallmuenz.it\\\/it\\\/#\\\/schema\\\/person\\\/2d3f5172d1b1545c374946b94c2dfcd2\"},\"headline\":\"musica theater cabaret Lkw Kallm\u00fcnz\",\"datePublished\":\"2020-06-22T14:22:41+00:00\",\"dateModified\":\"2020-08-07T08:51:41+00:00\",\"mainEntityOfPage\":{\"@id\":\"https:\\\/\\\/art.kallmuenz.it\\\/it\\\/musica-theater-cabaret-lkw-kallmuenz\\\/\"},\"wordCount\":6042,\"publisher\":{\"@id\":\"https:\\\/\\\/art.kallmuenz.it\\\/it\\\/#organization\"},\"image\":{\"@id\":\"https:\\\/\\\/art.kallmuenz.it\\\/it\\\/musica-theater-cabaret-lkw-kallmuenz\\\/#primaryimage\"},\"thumbnailUrl\":\"https:\\\/\\\/art.kallmuenz.it\\\/wp-content\\\/uploads\\\/2020\\\/06\\\/kunstverein-kallmuenz_musica-theater-cabaret-lkw-logo.png\",\"articleSection\":[\"Archivio\"],\"inLanguage\":\"it-IT\"},{\"@type\":\"WebPage\",\"@id\":\"https:\\\/\\\/art.kallmuenz.it\\\/it\\\/musica-theater-cabaret-lkw-kallmuenz\\\/\",\"url\":\"https:\\\/\\\/art.kallmuenz.it\\\/it\\\/musica-theater-cabaret-lkw-kallmuenz\\\/\",\"name\":\"musica theater cabaret Lkw Kallm\u00fcnz - Associazione Artistica Kallm\u00fcnz Merano\",\"isPartOf\":{\"@id\":\"https:\\\/\\\/art.kallmuenz.it\\\/it\\\/#website\"},\"primaryImageOfPage\":{\"@id\":\"https:\\\/\\\/art.kallmuenz.it\\\/it\\\/musica-theater-cabaret-lkw-kallmuenz\\\/#primaryimage\"},\"image\":{\"@id\":\"https:\\\/\\\/art.kallmuenz.it\\\/it\\\/musica-theater-cabaret-lkw-kallmuenz\\\/#primaryimage\"},\"thumbnailUrl\":\"https:\\\/\\\/art.kallmuenz.it\\\/wp-content\\\/uploads\\\/2020\\\/06\\\/kunstverein-kallmuenz_musica-theater-cabaret-lkw-logo.png\",\"datePublished\":\"2020-06-22T14:22:41+00:00\",\"dateModified\":\"2020-08-07T08:51:41+00:00\",\"description\":\"musica theater cabaret Lkw Kallm\u00fcnz nel Castello Kallm\u00fcnz dal 2.7. al 23.8.2020 - Prenotazione obbligatoria, Offerta libera consapevole!\",\"breadcrumb\":{\"@id\":\"https:\\\/\\\/art.kallmuenz.it\\\/it\\\/musica-theater-cabaret-lkw-kallmuenz\\\/#breadcrumb\"},\"inLanguage\":\"it-IT\",\"potentialAction\":[{\"@type\":\"ReadAction\",\"target\":[\"https:\\\/\\\/art.kallmuenz.it\\\/it\\\/musica-theater-cabaret-lkw-kallmuenz\\\/\"]}]},{\"@type\":\"ImageObject\",\"inLanguage\":\"it-IT\",\"@id\":\"https:\\\/\\\/art.kallmuenz.it\\\/it\\\/musica-theater-cabaret-lkw-kallmuenz\\\/#primaryimage\",\"url\":\"https:\\\/\\\/art.kallmuenz.it\\\/wp-content\\\/uploads\\\/2020\\\/06\\\/kunstverein-kallmuenz_musica-theater-cabaret-lkw-logo.png\",\"contentUrl\":\"https:\\\/\\\/art.kallmuenz.it\\\/wp-content\\\/uploads\\\/2020\\\/06\\\/kunstverein-kallmuenz_musica-theater-cabaret-lkw-logo.png\",\"width\":1030,\"height\":687,\"caption\":\"musica theater cabaret Lkw Kallm\u00fcnz\"},{\"@type\":\"BreadcrumbList\",\"@id\":\"https:\\\/\\\/art.kallmuenz.it\\\/it\\\/musica-theater-cabaret-lkw-kallmuenz\\\/#breadcrumb\",\"itemListElement\":[{\"@type\":\"ListItem\",\"position\":1,\"name\":\"Startseite\",\"item\":\"https:\\\/\\\/art.kallmuenz.it\\\/it\\\/associazione-culturale-kallmuenz-merano\\\/\"},{\"@type\":\"ListItem\",\"position\":2,\"name\":\"musica theater cabaret Lkw Kallm\u00fcnz\"}]},{\"@type\":\"WebSite\",\"@id\":\"https:\\\/\\\/art.kallmuenz.it\\\/it\\\/#website\",\"url\":\"https:\\\/\\\/art.kallmuenz.it\\\/it\\\/\",\"name\":\"Associazione Artistica Kallm\u00fcnz Merano\",\"description\":\"Arte e cultura a Merano\",\"publisher\":{\"@id\":\"https:\\\/\\\/art.kallmuenz.it\\\/it\\\/#organization\"},\"potentialAction\":[{\"@type\":\"SearchAction\",\"target\":{\"@type\":\"EntryPoint\",\"urlTemplate\":\"https:\\\/\\\/art.kallmuenz.it\\\/it\\\/?s={search_term_string}\"},\"query-input\":{\"@type\":\"PropertyValueSpecification\",\"valueRequired\":true,\"valueName\":\"search_term_string\"}}],\"inLanguage\":\"it-IT\"},{\"@type\":\"Organization\",\"@id\":\"https:\\\/\\\/art.kallmuenz.it\\\/it\\\/#organization\",\"name\":\"Kunstverein Kallm\u00fcnz\",\"url\":\"https:\\\/\\\/art.kallmuenz.it\\\/it\\\/\",\"logo\":{\"@type\":\"ImageObject\",\"inLanguage\":\"it-IT\",\"@id\":\"https:\\\/\\\/art.kallmuenz.it\\\/it\\\/#\\\/schema\\\/logo\\\/image\\\/\",\"url\":\"https:\\\/\\\/art.kallmuenz.it\\\/wp-content\\\/uploads\\\/2017\\\/04\\\/kallmuenz_stempel-preloader.png\",\"contentUrl\":\"https:\\\/\\\/art.kallmuenz.it\\\/wp-content\\\/uploads\\\/2017\\\/04\\\/kallmuenz_stempel-preloader.png\",\"width\":200,\"height\":176,\"caption\":\"Kunstverein Kallm\u00fcnz\"},\"image\":{\"@id\":\"https:\\\/\\\/art.kallmuenz.it\\\/it\\\/#\\\/schema\\\/logo\\\/image\\\/\"},\"sameAs\":[\"https:\\\/\\\/www.facebook.com\\\/KunstvereinKallmuenz\"]},{\"@type\":\"Person\",\"@id\":\"https:\\\/\\\/art.kallmuenz.it\\\/it\\\/#\\\/schema\\\/person\\\/2d3f5172d1b1545c374946b94c2dfcd2\",\"name\":\"\u00a1\u00e0ndale!\",\"image\":{\"@type\":\"ImageObject\",\"inLanguage\":\"it-IT\",\"@id\":\"https:\\\/\\\/secure.gravatar.com\\\/avatar\\\/e5477d2c73186d58b209d577373d5cc4822796d664543a8983596def2306f7d9?s=96&d=mm&r=g\",\"url\":\"https:\\\/\\\/secure.gravatar.com\\\/avatar\\\/e5477d2c73186d58b209d577373d5cc4822796d664543a8983596def2306f7d9?s=96&d=mm&r=g\",\"contentUrl\":\"https:\\\/\\\/secure.gravatar.com\\\/avatar\\\/e5477d2c73186d58b209d577373d5cc4822796d664543a8983596def2306f7d9?s=96&d=mm&r=g\",\"caption\":\"\u00a1\u00e0ndale!\"}}]}<\/script>\n<!-- \/ Yoast SEO plugin. -->","yoast_head_json":{"title":"musica theater cabaret Lkw Kallm\u00fcnz - Associazione Artistica Kallm\u00fcnz Merano","description":"musica theater cabaret Lkw Kallm\u00fcnz nel Castello Kallm\u00fcnz dal 2.7. al 23.8.2020 - Prenotazione obbligatoria, Offerta libera consapevole!","robots":{"index":"index","follow":"follow","max-snippet":"max-snippet:-1","max-image-preview":"max-image-preview:large","max-video-preview":"max-video-preview:-1"},"canonical":"https:\/\/art.kallmuenz.it\/it\/musica-theater-cabaret-lkw-kallmuenz\/","og_locale":"it_IT","og_type":"article","og_title":"musica theater cabaret Lkw Kallm\u00fcnz - Associazione Artistica Kallm\u00fcnz Merano","og_description":"musica theater cabaret Lkw Kallm\u00fcnz nel Castello Kallm\u00fcnz dal 2.7. al 23.8.2020 - Prenotazione obbligatoria, Offerta libera consapevole!","og_url":"https:\/\/art.kallmuenz.it\/it\/musica-theater-cabaret-lkw-kallmuenz\/","og_site_name":"Associazione Artistica Kallm\u00fcnz Merano","article_publisher":"https:\/\/www.facebook.com\/KunstvereinKallmuenz","article_published_time":"2020-06-22T14:22:41+00:00","article_modified_time":"2020-08-07T08:51:41+00:00","og_image":[{"width":1030,"height":687,"url":"https:\/\/art.kallmuenz.it\/wp-content\/uploads\/2020\/06\/kunstverein-kallmuenz_musica-theater-cabaret-lkw-logo.png","type":"image\/png"}],"author":"\u00a1\u00e0ndale!","schema":{"@context":"https:\/\/schema.org","@graph":[{"@type":"Article","@id":"https:\/\/art.kallmuenz.it\/it\/musica-theater-cabaret-lkw-kallmuenz\/#article","isPartOf":{"@id":"https:\/\/art.kallmuenz.it\/it\/musica-theater-cabaret-lkw-kallmuenz\/"},"author":{"name":"\u00a1\u00e0ndale!","@id":"https:\/\/art.kallmuenz.it\/it\/#\/schema\/person\/2d3f5172d1b1545c374946b94c2dfcd2"},"headline":"musica theater cabaret Lkw Kallm\u00fcnz","datePublished":"2020-06-22T14:22:41+00:00","dateModified":"2020-08-07T08:51:41+00:00","mainEntityOfPage":{"@id":"https:\/\/art.kallmuenz.it\/it\/musica-theater-cabaret-lkw-kallmuenz\/"},"wordCount":6042,"publisher":{"@id":"https:\/\/art.kallmuenz.it\/it\/#organization"},"image":{"@id":"https:\/\/art.kallmuenz.it\/it\/musica-theater-cabaret-lkw-kallmuenz\/#primaryimage"},"thumbnailUrl":"https:\/\/art.kallmuenz.it\/wp-content\/uploads\/2020\/06\/kunstverein-kallmuenz_musica-theater-cabaret-lkw-logo.png","articleSection":["Archivio"],"inLanguage":"it-IT"},{"@type":"WebPage","@id":"https:\/\/art.kallmuenz.it\/it\/musica-theater-cabaret-lkw-kallmuenz\/","url":"https:\/\/art.kallmuenz.it\/it\/musica-theater-cabaret-lkw-kallmuenz\/","name":"musica theater cabaret Lkw Kallm\u00fcnz - Associazione Artistica Kallm\u00fcnz Merano","isPartOf":{"@id":"https:\/\/art.kallmuenz.it\/it\/#website"},"primaryImageOfPage":{"@id":"https:\/\/art.kallmuenz.it\/it\/musica-theater-cabaret-lkw-kallmuenz\/#primaryimage"},"image":{"@id":"https:\/\/art.kallmuenz.it\/it\/musica-theater-cabaret-lkw-kallmuenz\/#primaryimage"},"thumbnailUrl":"https:\/\/art.kallmuenz.it\/wp-content\/uploads\/2020\/06\/kunstverein-kallmuenz_musica-theater-cabaret-lkw-logo.png","datePublished":"2020-06-22T14:22:41+00:00","dateModified":"2020-08-07T08:51:41+00:00","description":"musica theater cabaret Lkw Kallm\u00fcnz nel Castello Kallm\u00fcnz dal 2.7. al 23.8.2020 - Prenotazione obbligatoria, Offerta libera consapevole!","breadcrumb":{"@id":"https:\/\/art.kallmuenz.it\/it\/musica-theater-cabaret-lkw-kallmuenz\/#breadcrumb"},"inLanguage":"it-IT","potentialAction":[{"@type":"ReadAction","target":["https:\/\/art.kallmuenz.it\/it\/musica-theater-cabaret-lkw-kallmuenz\/"]}]},{"@type":"ImageObject","inLanguage":"it-IT","@id":"https:\/\/art.kallmuenz.it\/it\/musica-theater-cabaret-lkw-kallmuenz\/#primaryimage","url":"https:\/\/art.kallmuenz.it\/wp-content\/uploads\/2020\/06\/kunstverein-kallmuenz_musica-theater-cabaret-lkw-logo.png","contentUrl":"https:\/\/art.kallmuenz.it\/wp-content\/uploads\/2020\/06\/kunstverein-kallmuenz_musica-theater-cabaret-lkw-logo.png","width":1030,"height":687,"caption":"musica theater cabaret Lkw Kallm\u00fcnz"},{"@type":"BreadcrumbList","@id":"https:\/\/art.kallmuenz.it\/it\/musica-theater-cabaret-lkw-kallmuenz\/#breadcrumb","itemListElement":[{"@type":"ListItem","position":1,"name":"Startseite","item":"https:\/\/art.kallmuenz.it\/it\/associazione-culturale-kallmuenz-merano\/"},{"@type":"ListItem","position":2,"name":"musica theater cabaret Lkw Kallm\u00fcnz"}]},{"@type":"WebSite","@id":"https:\/\/art.kallmuenz.it\/it\/#website","url":"https:\/\/art.kallmuenz.it\/it\/","name":"Associazione Artistica Kallm\u00fcnz Merano","description":"Arte e cultura a Merano","publisher":{"@id":"https:\/\/art.kallmuenz.it\/it\/#organization"},"potentialAction":[{"@type":"SearchAction","target":{"@type":"EntryPoint","urlTemplate":"https:\/\/art.kallmuenz.it\/it\/?s={search_term_string}"},"query-input":{"@type":"PropertyValueSpecification","valueRequired":true,"valueName":"search_term_string"}}],"inLanguage":"it-IT"},{"@type":"Organization","@id":"https:\/\/art.kallmuenz.it\/it\/#organization","name":"Kunstverein Kallm\u00fcnz","url":"https:\/\/art.kallmuenz.it\/it\/","logo":{"@type":"ImageObject","inLanguage":"it-IT","@id":"https:\/\/art.kallmuenz.it\/it\/#\/schema\/logo\/image\/","url":"https:\/\/art.kallmuenz.it\/wp-content\/uploads\/2017\/04\/kallmuenz_stempel-preloader.png","contentUrl":"https:\/\/art.kallmuenz.it\/wp-content\/uploads\/2017\/04\/kallmuenz_stempel-preloader.png","width":200,"height":176,"caption":"Kunstverein Kallm\u00fcnz"},"image":{"@id":"https:\/\/art.kallmuenz.it\/it\/#\/schema\/logo\/image\/"},"sameAs":["https:\/\/www.facebook.com\/KunstvereinKallmuenz"]},{"@type":"Person","@id":"https:\/\/art.kallmuenz.it\/it\/#\/schema\/person\/2d3f5172d1b1545c374946b94c2dfcd2","name":"\u00a1\u00e0ndale!","image":{"@type":"ImageObject","inLanguage":"it-IT","@id":"https:\/\/secure.gravatar.com\/avatar\/e5477d2c73186d58b209d577373d5cc4822796d664543a8983596def2306f7d9?s=96&d=mm&r=g","url":"https:\/\/secure.gravatar.com\/avatar\/e5477d2c73186d58b209d577373d5cc4822796d664543a8983596def2306f7d9?s=96&d=mm&r=g","contentUrl":"https:\/\/secure.gravatar.com\/avatar\/e5477d2c73186d58b209d577373d5cc4822796d664543a8983596def2306f7d9?s=96&d=mm&r=g","caption":"\u00a1\u00e0ndale!"}}]}},"_links":{"self":[{"href":"https:\/\/art.kallmuenz.it\/it\/wp-json\/wp\/v2\/posts\/1901","targetHints":{"allow":["GET"]}}],"collection":[{"href":"https:\/\/art.kallmuenz.it\/it\/wp-json\/wp\/v2\/posts"}],"about":[{"href":"https:\/\/art.kallmuenz.it\/it\/wp-json\/wp\/v2\/types\/post"}],"author":[{"embeddable":true,"href":"https:\/\/art.kallmuenz.it\/it\/wp-json\/wp\/v2\/users\/4021"}],"replies":[{"embeddable":true,"href":"https:\/\/art.kallmuenz.it\/it\/wp-json\/wp\/v2\/comments?post=1901"}],"version-history":[{"count":0,"href":"https:\/\/art.kallmuenz.it\/it\/wp-json\/wp\/v2\/posts\/1901\/revisions"}],"wp:featuredmedia":[{"embeddable":true,"href":"https:\/\/art.kallmuenz.it\/it\/wp-json\/wp\/v2\/media\/1899"}],"wp:attachment":[{"href":"https:\/\/art.kallmuenz.it\/it\/wp-json\/wp\/v2\/media?parent=1901"}],"wp:term":[{"taxonomy":"category","embeddable":true,"href":"https:\/\/art.kallmuenz.it\/it\/wp-json\/wp\/v2\/categories?post=1901"},{"taxonomy":"post_tag","embeddable":true,"href":"https:\/\/art.kallmuenz.it\/it\/wp-json\/wp\/v2\/tags?post=1901"}],"curies":[{"name":"wp","href":"https:\/\/api.w.org\/{rel}","templated":true}]}}