{"id":2486,"date":"2022-03-16T18:00:46","date_gmt":"2022-03-16T17:00:46","guid":{"rendered":"https:\/\/art.kallmuenz.it\/werkschau-roland-bolego\/"},"modified":"2024-12-02T18:19:35","modified_gmt":"2024-12-02T17:19:35","slug":"esposizione-roland-bolego","status":"publish","type":"post","link":"https:\/\/art.kallmuenz.it\/it\/esposizione-roland-bolego\/","title":{"rendered":"Esposizione &#8211; Roland Bolego"},"content":{"rendered":"\n<style type=\"text\/css\" data-created_by=\"avia_inline_auto\" id=\"style-css-av-e15htz-7e9c4056ccf83d4ae8d759fa43d12aee\">\n.flex_column.av-e15htz-7e9c4056ccf83d4ae8d759fa43d12aee{\nborder-radius:0px 0px 0px 0px;\npadding:0px 0px 0px 0px;\n}\n<\/style>\n<div  class='flex_column av-e15htz-7e9c4056ccf83d4ae8d759fa43d12aee av_one_fifth  avia-builder-el-0  el_before_av_three_fifth  avia-builder-el-first  first flex_column_div av-zero-column-padding  '     ><\/div>\n\n<style type=\"text\/css\" data-created_by=\"avia_inline_auto\" id=\"style-css-av-cls7rb-3808ba5aba0f3a4e3cba33a5ea6ba82a\">\n.flex_column.av-cls7rb-3808ba5aba0f3a4e3cba33a5ea6ba82a{\nborder-radius:0px 0px 0px 0px;\npadding:0px 0px 0px 0px;\n}\n<\/style>\n<div  class='flex_column av-cls7rb-3808ba5aba0f3a4e3cba33a5ea6ba82a av_three_fifth  avia-builder-el-1  el_after_av_one_fifth  el_before_av_one_fifth  flex_column_div av-zero-column-padding  '     ><style type=\"text\/css\" data-created_by=\"avia_inline_auto\" id=\"style-css-av-l0tt1069-553266469f27ddedec4c9eee0912eb56\">\n.avia-image-container.av-l0tt1069-553266469f27ddedec4c9eee0912eb56 img.avia_image{\nbox-shadow:none;\n}\n.avia-image-container.av-l0tt1069-553266469f27ddedec4c9eee0912eb56 .av-image-caption-overlay-center{\ncolor:#ffffff;\n}\n<\/style>\n<div  class='avia-image-container av-l0tt1069-553266469f27ddedec4c9eee0912eb56 av-styling- av-img-linked avia_animated_image av-animated-when-visible-95 fade-in avia-align-center  avia-builder-el-2  avia-builder-el-no-sibling '   itemprop=\"image\" itemscope=\"itemscope\" itemtype=\"https:\/\/schema.org\/ImageObject\" ><div class=\"avia-image-container-inner\"><div class=\"avia-image-overlay-wrap\"><a href=\"https:\/\/art.kallmuenz.it\/wp-content\/uploads\/2022\/03\/Postkarte-10x15-ok-web-titel.jpg\" data-srcset=\"https:\/\/art.kallmuenz.it\/wp-content\/uploads\/2022\/03\/Postkarte-10x15-ok-web-titel.jpg 540w, https:\/\/art.kallmuenz.it\/wp-content\/uploads\/2022\/03\/Postkarte-10x15-ok-web-titel-203x300.jpg 203w, https:\/\/art.kallmuenz.it\/wp-content\/uploads\/2022\/03\/Postkarte-10x15-ok-web-titel-476x705.jpg 476w\" data-sizes=\"(max-width: 540px) 100vw, 540px\" class='avia_image '  aria-label='Postkarte-10x15-ok-web-titel'><img decoding=\"async\" fetchpriority=\"high\" class='wp-image-2473 avia-img-lazy-loading-not-2473 avia_image ' src=\"https:\/\/art.kallmuenz.it\/wp-content\/uploads\/2022\/03\/Postkarte-10x15-ok-web-titel.jpg\" alt='' title='Postkarte-10x15-ok-web-titel'  height=\"800\" width=\"540\"  itemprop=\"thumbnailUrl\" srcset=\"https:\/\/art.kallmuenz.it\/wp-content\/uploads\/2022\/03\/Postkarte-10x15-ok-web-titel.jpg 540w, https:\/\/art.kallmuenz.it\/wp-content\/uploads\/2022\/03\/Postkarte-10x15-ok-web-titel-203x300.jpg 203w, https:\/\/art.kallmuenz.it\/wp-content\/uploads\/2022\/03\/Postkarte-10x15-ok-web-titel-476x705.jpg 476w\" sizes=\"(max-width: 540px) 100vw, 540px\" \/><\/a><\/div><\/div><\/div><\/div>\n\n<style type=\"text\/css\" data-created_by=\"avia_inline_auto\" id=\"style-css-av-b8llh3-55e8d0dcedc2365a937f716e4d263afb\">\n.flex_column.av-b8llh3-55e8d0dcedc2365a937f716e4d263afb{\nborder-radius:0px 0px 0px 0px;\npadding:0px 0px 0px 0px;\n}\n<\/style>\n<div  class='flex_column av-b8llh3-55e8d0dcedc2365a937f716e4d263afb av_one_fifth  avia-builder-el-3  el_after_av_three_fifth  el_before_av_hr  flex_column_div av-zero-column-padding  '     ><\/div>\n\n<style type=\"text\/css\" data-created_by=\"avia_inline_auto\" id=\"style-css-av-91r5tz-a32d8b827cf9800adeade7ea4f92b1ab\">\n#top .hr.av-91r5tz-a32d8b827cf9800adeade7ea4f92b1ab{\nmargin-top:30px;\nmargin-bottom:30px;\n}\n.hr.av-91r5tz-a32d8b827cf9800adeade7ea4f92b1ab .hr-inner{\nwidth:50px;\nmax-width:45%;\n}\n.hr.av-91r5tz-a32d8b827cf9800adeade7ea4f92b1ab .av-seperator-icon{\ncolor:#877143;\n}\n.hr.av-91r5tz-a32d8b827cf9800adeade7ea4f92b1ab .av-seperator-icon.avia-svg-icon svg:first-child{\nfill:#877143;\nstroke:#877143;\n}\n<\/style>\n<div  class='hr av-91r5tz-a32d8b827cf9800adeade7ea4f92b1ab hr-custom  avia-builder-el-4  el_after_av_one_fifth  el_before_av_textblock  hr-center hr-icon-yes'><span class='hr-inner inner-border-av-border-thin'><span class=\"hr-inner-style\"><\/span><\/span><span class='av-seperator-icon avia-iconfont avia-font-entypo-fontello' data-av_icon='\ue808' data-av_iconfont='entypo-fontello' ><\/span><span class='hr-inner inner-border-av-border-thin'><span class=\"hr-inner-style\"><\/span><\/span><\/div>\n<section  class='av_textblock_section av-l0tt5kuc-0ee7cac726973d2b106829bda192d40d '   itemscope=\"itemscope\" itemtype=\"https:\/\/schema.org\/BlogPosting\" itemprop=\"blogPost\" ><div class='avia_textblock'  itemprop=\"text\" ><h3 style=\"text-align: center;\">Arte &amp; Cultura nel Castello Kallm\u00fcnz<\/h3>\n<h1 style=\"text-align: center;\">Esposizione &#8211; Roland Bolego<\/h1>\n<p style=\"text-align: center;\"><strong><br \/>\nInaugurazione:<\/strong><br \/>\nDomenica, 10 aprile 2022, ore 17<\/p>\n<p style=\"text-align: center;\"><strong>Durata dell&#8217;esposizione:<\/strong><br \/>\ndal 11 al 18 aprile 2022<\/p>\n<p style=\"text-align: center;\"><strong>aperto giornalmente:<\/strong><br \/>\ndalle ore 15-12 e 16-ore 18<\/p>\n<p><strong>Roland Bolego<\/strong><br \/>\n1957 in Tscherms geboren, zwischen Nals und Kaltern aufgewachsen. Besuchte die Schule in Neustift, dann die Kunstschule in Gr\u00f6den und schlie\u00dflich die Accademia di Belle Arti f\u00fcr Malerei in Urbino. Von 1986 bis 2020 war er Lehrer f\u00fcr Kunsterziehung an verschiedenen Schulen S\u00fcdtirols.<\/p>\n<p>Seine mit Bleistift gezeichneten Kinderportraits zieren die W\u00e4nde des nahezu gesamten Passeiertales.<\/p>\n<p>In jungen Jahren nahm er an verschiedenen Ausstellungen und Kunstaktionen teil.<\/p>\n<p>Er selbst bezeichnet sich schlicht als Maler, der sich weder festlegen l\u00e4sst noch beschr\u00e4nken will. Von der Bleistiftzeichnung, zur Fotographie, vom Aquarell, zu Eitempera, Akryl und \u00d6l, von der Kollage \u00fcber die \u201egebastelte\u201c Miniatur zur meisterlichen Portraitmalerei; Abstraktion, akribischer Naturalismus, surreale Komposition, das alles macht das t\u00e4gliche Universum Bolegos aus. Zur Entspannung aber, beugt er sich am liebsten \u00fcber seine Modelle: Eisenbahn, Autos, H\u00e4user, Landschaften und erschafft sich so seine kleine Welt am besten selbst.<\/p>\n<p>Diese Werkschau will lediglich eine Bestandsaufnahme seines t\u00e4glichen Schaffens sein.<\/p>\n<\/div><\/section>\n\n<style type=\"text\/css\" data-created_by=\"avia_inline_auto\" id=\"style-css-av-7uhlav-0e1dae0ab66e3fa4d2a04cc684e11d40\">\n.flex_column.av-7uhlav-0e1dae0ab66e3fa4d2a04cc684e11d40{\nborder-radius:0px 0px 0px 0px;\npadding:0px 0px 0px 0px;\n}\n<\/style>\n<div  class='flex_column av-7uhlav-0e1dae0ab66e3fa4d2a04cc684e11d40 av_one_third  avia-builder-el-6  el_after_av_textblock  el_before_av_one_third  first flex_column_div av-zero-column-padding  column-top-margin'     ><\/div>\n\n<style type=\"text\/css\" data-created_by=\"avia_inline_auto\" id=\"style-css-av-577t2v-c368e9ebfcc0fcd522a2ee0d270db501\">\n.flex_column.av-577t2v-c368e9ebfcc0fcd522a2ee0d270db501{\nborder-radius:0px 0px 0px 0px;\npadding:0px 0px 0px 0px;\n}\n<\/style>\n<div  class='flex_column av-577t2v-c368e9ebfcc0fcd522a2ee0d270db501 av_one_third  avia-builder-el-7  el_after_av_one_third  el_before_av_one_third  flex_column_div av-zero-column-padding  column-top-margin'     ><div  class='avia-builder-widget-area clearfix  avia-builder-el-8  avia-builder-el-no-sibling '><div id=\"avia_mailchimp_widget-3\" class=\"widget clearfix avia-widget-container avia_mailchimp_widget avia_no_block_preview\"><div class=\"avia-preview-headline\">kallm\u00fcnz Mailchimp Newsletter Signup<\/div><div class=\"avia-preview-info\">Titolo: Newsletter<\/div><div class=\"avia-preview-info\">Mailchimp List: 94e96eb9df<\/div><div class=\"avia-preview-in-front\">Content is only rendered in frontend.<\/div><\/div><\/div><\/div>\n\n<style type=\"text\/css\" data-created_by=\"avia_inline_auto\" id=\"style-css-av-2julef-9a004fc04e343fda22695d6ed2c8c91e\">\n.flex_column.av-2julef-9a004fc04e343fda22695d6ed2c8c91e{\nborder-radius:0px 0px 0px 0px;\npadding:0px 0px 0px 0px;\n}\n<\/style>\n<div  class='flex_column av-2julef-9a004fc04e343fda22695d6ed2c8c91e av_one_third  avia-builder-el-9  el_after_av_one_third  avia-builder-el-last  flex_column_div av-zero-column-padding  column-top-margin'     ><\/div>\n","protected":false},"excerpt":{"rendered":"","protected":false},"author":4021,"featured_media":2467,"comment_status":"closed","ping_status":"closed","sticky":false,"template":"","format":"standard","meta":{"footnotes":""},"categories":[41],"tags":[],"class_list":["post-2486","post","type-post","status-publish","format-standard","has-post-thumbnail","hentry","category-archivio"],"yoast_head":"<!-- This site is optimized with the Yoast SEO plugin v27.5 - https:\/\/yoast.com\/product\/yoast-seo-wordpress\/ -->\n<title>Esposizione - Roland Bolego - Associazione Artistica Kallm\u00fcnz Merano<\/title>\n<meta name=\"description\" content=\"Esposizione - Roland Bolego: Inaugurazione 10.04.2022, ore 17 - Durata dell&#039;esposizione: 11. - 18.04.2022 - aperto giornalmente: ore 15-12 - 16-18\" \/>\n<meta name=\"robots\" content=\"index, follow, max-snippet:-1, max-image-preview:large, max-video-preview:-1\" \/>\n<link rel=\"canonical\" href=\"https:\/\/art.kallmuenz.it\/it\/esposizione-roland-bolego\/\" \/>\n<meta property=\"og:locale\" content=\"it_IT\" \/>\n<meta property=\"og:type\" content=\"article\" \/>\n<meta property=\"og:title\" content=\"Esposizione - Roland Bolego - Associazione Artistica Kallm\u00fcnz Merano\" \/>\n<meta property=\"og:description\" content=\"Esposizione - Roland Bolego: Inaugurazione 10.04.2022, ore 17 - Durata dell&#039;esposizione: 11. - 18.04.2022 - aperto giornalmente: ore 15-12 - 16-18\" \/>\n<meta property=\"og:url\" content=\"https:\/\/art.kallmuenz.it\/it\/esposizione-roland-bolego\/\" \/>\n<meta property=\"og:site_name\" content=\"Associazione Artistica Kallm\u00fcnz Merano\" \/>\n<meta property=\"article:publisher\" content=\"https:\/\/www.facebook.com\/KunstvereinKallmuenz\" \/>\n<meta property=\"article:published_time\" content=\"2022-03-16T17:00:46+00:00\" \/>\n<meta property=\"article:modified_time\" content=\"2024-12-02T17:19:35+00:00\" \/>\n<meta property=\"og:image\" content=\"https:\/\/art.kallmuenz.it\/wp-content\/uploads\/2022\/03\/Postkarte-10x15-ok-web.jpg\" \/>\n\t<meta property=\"og:image:width\" content=\"1030\" \/>\n\t<meta property=\"og:image:height\" content=\"687\" \/>\n\t<meta property=\"og:image:type\" content=\"image\/jpeg\" \/>\n<meta name=\"author\" content=\"\u00a1\u00e0ndale!\" \/>\n<script type=\"application\/ld+json\" class=\"yoast-schema-graph\">{\"@context\":\"https:\\\/\\\/schema.org\",\"@graph\":[{\"@type\":\"Article\",\"@id\":\"https:\\\/\\\/art.kallmuenz.it\\\/it\\\/esposizione-roland-bolego\\\/#article\",\"isPartOf\":{\"@id\":\"https:\\\/\\\/art.kallmuenz.it\\\/it\\\/esposizione-roland-bolego\\\/\"},\"author\":{\"name\":\"\u00a1\u00e0ndale!\",\"@id\":\"https:\\\/\\\/art.kallmuenz.it\\\/it\\\/#\\\/schema\\\/person\\\/2d3f5172d1b1545c374946b94c2dfcd2\"},\"headline\":\"Esposizione &#8211; Roland Bolego\",\"datePublished\":\"2022-03-16T17:00:46+00:00\",\"dateModified\":\"2024-12-02T17:19:35+00:00\",\"mainEntityOfPage\":{\"@id\":\"https:\\\/\\\/art.kallmuenz.it\\\/it\\\/esposizione-roland-bolego\\\/\"},\"wordCount\":604,\"publisher\":{\"@id\":\"https:\\\/\\\/art.kallmuenz.it\\\/it\\\/#organization\"},\"image\":{\"@id\":\"https:\\\/\\\/art.kallmuenz.it\\\/it\\\/esposizione-roland-bolego\\\/#primaryimage\"},\"thumbnailUrl\":\"https:\\\/\\\/art.kallmuenz.it\\\/wp-content\\\/uploads\\\/2022\\\/03\\\/Postkarte-10x15-ok-web.jpg\",\"articleSection\":[\"Archivio\"],\"inLanguage\":\"it-IT\"},{\"@type\":\"WebPage\",\"@id\":\"https:\\\/\\\/art.kallmuenz.it\\\/it\\\/esposizione-roland-bolego\\\/\",\"url\":\"https:\\\/\\\/art.kallmuenz.it\\\/it\\\/esposizione-roland-bolego\\\/\",\"name\":\"Esposizione - Roland Bolego - Associazione Artistica Kallm\u00fcnz Merano\",\"isPartOf\":{\"@id\":\"https:\\\/\\\/art.kallmuenz.it\\\/it\\\/#website\"},\"primaryImageOfPage\":{\"@id\":\"https:\\\/\\\/art.kallmuenz.it\\\/it\\\/esposizione-roland-bolego\\\/#primaryimage\"},\"image\":{\"@id\":\"https:\\\/\\\/art.kallmuenz.it\\\/it\\\/esposizione-roland-bolego\\\/#primaryimage\"},\"thumbnailUrl\":\"https:\\\/\\\/art.kallmuenz.it\\\/wp-content\\\/uploads\\\/2022\\\/03\\\/Postkarte-10x15-ok-web.jpg\",\"datePublished\":\"2022-03-16T17:00:46+00:00\",\"dateModified\":\"2024-12-02T17:19:35+00:00\",\"description\":\"Esposizione - Roland Bolego: Inaugurazione 10.04.2022, ore 17 - Durata dell'esposizione: 11. - 18.04.2022 - aperto giornalmente: ore 15-12 - 16-18\",\"breadcrumb\":{\"@id\":\"https:\\\/\\\/art.kallmuenz.it\\\/it\\\/esposizione-roland-bolego\\\/#breadcrumb\"},\"inLanguage\":\"it-IT\",\"potentialAction\":[{\"@type\":\"ReadAction\",\"target\":[\"https:\\\/\\\/art.kallmuenz.it\\\/it\\\/esposizione-roland-bolego\\\/\"]}]},{\"@type\":\"ImageObject\",\"inLanguage\":\"it-IT\",\"@id\":\"https:\\\/\\\/art.kallmuenz.it\\\/it\\\/esposizione-roland-bolego\\\/#primaryimage\",\"url\":\"https:\\\/\\\/art.kallmuenz.it\\\/wp-content\\\/uploads\\\/2022\\\/03\\\/Postkarte-10x15-ok-web.jpg\",\"contentUrl\":\"https:\\\/\\\/art.kallmuenz.it\\\/wp-content\\\/uploads\\\/2022\\\/03\\\/Postkarte-10x15-ok-web.jpg\",\"width\":1030,\"height\":687,\"caption\":\"Esposizione - Roland Bolego\"},{\"@type\":\"BreadcrumbList\",\"@id\":\"https:\\\/\\\/art.kallmuenz.it\\\/it\\\/esposizione-roland-bolego\\\/#breadcrumb\",\"itemListElement\":[{\"@type\":\"ListItem\",\"position\":1,\"name\":\"Startseite\",\"item\":\"https:\\\/\\\/art.kallmuenz.it\\\/it\\\/associazione-culturale-kallmuenz-merano\\\/\"},{\"@type\":\"ListItem\",\"position\":2,\"name\":\"Esposizione &#8211; Roland Bolego\"}]},{\"@type\":\"WebSite\",\"@id\":\"https:\\\/\\\/art.kallmuenz.it\\\/it\\\/#website\",\"url\":\"https:\\\/\\\/art.kallmuenz.it\\\/it\\\/\",\"name\":\"Associazione Artistica Kallm\u00fcnz Merano\",\"description\":\"Arte e cultura a Merano\",\"publisher\":{\"@id\":\"https:\\\/\\\/art.kallmuenz.it\\\/it\\\/#organization\"},\"potentialAction\":[{\"@type\":\"SearchAction\",\"target\":{\"@type\":\"EntryPoint\",\"urlTemplate\":\"https:\\\/\\\/art.kallmuenz.it\\\/it\\\/?s={search_term_string}\"},\"query-input\":{\"@type\":\"PropertyValueSpecification\",\"valueRequired\":true,\"valueName\":\"search_term_string\"}}],\"inLanguage\":\"it-IT\"},{\"@type\":\"Organization\",\"@id\":\"https:\\\/\\\/art.kallmuenz.it\\\/it\\\/#organization\",\"name\":\"Kunstverein Kallm\u00fcnz\",\"url\":\"https:\\\/\\\/art.kallmuenz.it\\\/it\\\/\",\"logo\":{\"@type\":\"ImageObject\",\"inLanguage\":\"it-IT\",\"@id\":\"https:\\\/\\\/art.kallmuenz.it\\\/it\\\/#\\\/schema\\\/logo\\\/image\\\/\",\"url\":\"https:\\\/\\\/art.kallmuenz.it\\\/wp-content\\\/uploads\\\/2017\\\/04\\\/kallmuenz_stempel-preloader.png\",\"contentUrl\":\"https:\\\/\\\/art.kallmuenz.it\\\/wp-content\\\/uploads\\\/2017\\\/04\\\/kallmuenz_stempel-preloader.png\",\"width\":200,\"height\":176,\"caption\":\"Kunstverein Kallm\u00fcnz\"},\"image\":{\"@id\":\"https:\\\/\\\/art.kallmuenz.it\\\/it\\\/#\\\/schema\\\/logo\\\/image\\\/\"},\"sameAs\":[\"https:\\\/\\\/www.facebook.com\\\/KunstvereinKallmuenz\"]},{\"@type\":\"Person\",\"@id\":\"https:\\\/\\\/art.kallmuenz.it\\\/it\\\/#\\\/schema\\\/person\\\/2d3f5172d1b1545c374946b94c2dfcd2\",\"name\":\"\u00a1\u00e0ndale!\",\"image\":{\"@type\":\"ImageObject\",\"inLanguage\":\"it-IT\",\"@id\":\"https:\\\/\\\/secure.gravatar.com\\\/avatar\\\/e5477d2c73186d58b209d577373d5cc4822796d664543a8983596def2306f7d9?s=96&d=mm&r=g\",\"url\":\"https:\\\/\\\/secure.gravatar.com\\\/avatar\\\/e5477d2c73186d58b209d577373d5cc4822796d664543a8983596def2306f7d9?s=96&d=mm&r=g\",\"contentUrl\":\"https:\\\/\\\/secure.gravatar.com\\\/avatar\\\/e5477d2c73186d58b209d577373d5cc4822796d664543a8983596def2306f7d9?s=96&d=mm&r=g\",\"caption\":\"\u00a1\u00e0ndale!\"}}]}<\/script>\n<!-- \/ Yoast SEO plugin. -->","yoast_head_json":{"title":"Esposizione - Roland Bolego - Associazione Artistica Kallm\u00fcnz Merano","description":"Esposizione - Roland Bolego: Inaugurazione 10.04.2022, ore 17 - Durata dell'esposizione: 11. - 18.04.2022 - aperto giornalmente: ore 15-12 - 16-18","robots":{"index":"index","follow":"follow","max-snippet":"max-snippet:-1","max-image-preview":"max-image-preview:large","max-video-preview":"max-video-preview:-1"},"canonical":"https:\/\/art.kallmuenz.it\/it\/esposizione-roland-bolego\/","og_locale":"it_IT","og_type":"article","og_title":"Esposizione - Roland Bolego - Associazione Artistica Kallm\u00fcnz Merano","og_description":"Esposizione - Roland Bolego: Inaugurazione 10.04.2022, ore 17 - Durata dell'esposizione: 11. - 18.04.2022 - aperto giornalmente: ore 15-12 - 16-18","og_url":"https:\/\/art.kallmuenz.it\/it\/esposizione-roland-bolego\/","og_site_name":"Associazione Artistica Kallm\u00fcnz Merano","article_publisher":"https:\/\/www.facebook.com\/KunstvereinKallmuenz","article_published_time":"2022-03-16T17:00:46+00:00","article_modified_time":"2024-12-02T17:19:35+00:00","og_image":[{"width":1030,"height":687,"url":"https:\/\/art.kallmuenz.it\/wp-content\/uploads\/2022\/03\/Postkarte-10x15-ok-web.jpg","type":"image\/jpeg"}],"author":"\u00a1\u00e0ndale!","schema":{"@context":"https:\/\/schema.org","@graph":[{"@type":"Article","@id":"https:\/\/art.kallmuenz.it\/it\/esposizione-roland-bolego\/#article","isPartOf":{"@id":"https:\/\/art.kallmuenz.it\/it\/esposizione-roland-bolego\/"},"author":{"name":"\u00a1\u00e0ndale!","@id":"https:\/\/art.kallmuenz.it\/it\/#\/schema\/person\/2d3f5172d1b1545c374946b94c2dfcd2"},"headline":"Esposizione &#8211; Roland Bolego","datePublished":"2022-03-16T17:00:46+00:00","dateModified":"2024-12-02T17:19:35+00:00","mainEntityOfPage":{"@id":"https:\/\/art.kallmuenz.it\/it\/esposizione-roland-bolego\/"},"wordCount":604,"publisher":{"@id":"https:\/\/art.kallmuenz.it\/it\/#organization"},"image":{"@id":"https:\/\/art.kallmuenz.it\/it\/esposizione-roland-bolego\/#primaryimage"},"thumbnailUrl":"https:\/\/art.kallmuenz.it\/wp-content\/uploads\/2022\/03\/Postkarte-10x15-ok-web.jpg","articleSection":["Archivio"],"inLanguage":"it-IT"},{"@type":"WebPage","@id":"https:\/\/art.kallmuenz.it\/it\/esposizione-roland-bolego\/","url":"https:\/\/art.kallmuenz.it\/it\/esposizione-roland-bolego\/","name":"Esposizione - Roland Bolego - Associazione Artistica Kallm\u00fcnz Merano","isPartOf":{"@id":"https:\/\/art.kallmuenz.it\/it\/#website"},"primaryImageOfPage":{"@id":"https:\/\/art.kallmuenz.it\/it\/esposizione-roland-bolego\/#primaryimage"},"image":{"@id":"https:\/\/art.kallmuenz.it\/it\/esposizione-roland-bolego\/#primaryimage"},"thumbnailUrl":"https:\/\/art.kallmuenz.it\/wp-content\/uploads\/2022\/03\/Postkarte-10x15-ok-web.jpg","datePublished":"2022-03-16T17:00:46+00:00","dateModified":"2024-12-02T17:19:35+00:00","description":"Esposizione - Roland Bolego: Inaugurazione 10.04.2022, ore 17 - Durata dell'esposizione: 11. - 18.04.2022 - aperto giornalmente: ore 15-12 - 16-18","breadcrumb":{"@id":"https:\/\/art.kallmuenz.it\/it\/esposizione-roland-bolego\/#breadcrumb"},"inLanguage":"it-IT","potentialAction":[{"@type":"ReadAction","target":["https:\/\/art.kallmuenz.it\/it\/esposizione-roland-bolego\/"]}]},{"@type":"ImageObject","inLanguage":"it-IT","@id":"https:\/\/art.kallmuenz.it\/it\/esposizione-roland-bolego\/#primaryimage","url":"https:\/\/art.kallmuenz.it\/wp-content\/uploads\/2022\/03\/Postkarte-10x15-ok-web.jpg","contentUrl":"https:\/\/art.kallmuenz.it\/wp-content\/uploads\/2022\/03\/Postkarte-10x15-ok-web.jpg","width":1030,"height":687,"caption":"Esposizione - Roland Bolego"},{"@type":"BreadcrumbList","@id":"https:\/\/art.kallmuenz.it\/it\/esposizione-roland-bolego\/#breadcrumb","itemListElement":[{"@type":"ListItem","position":1,"name":"Startseite","item":"https:\/\/art.kallmuenz.it\/it\/associazione-culturale-kallmuenz-merano\/"},{"@type":"ListItem","position":2,"name":"Esposizione &#8211; Roland Bolego"}]},{"@type":"WebSite","@id":"https:\/\/art.kallmuenz.it\/it\/#website","url":"https:\/\/art.kallmuenz.it\/it\/","name":"Associazione Artistica Kallm\u00fcnz Merano","description":"Arte e cultura a Merano","publisher":{"@id":"https:\/\/art.kallmuenz.it\/it\/#organization"},"potentialAction":[{"@type":"SearchAction","target":{"@type":"EntryPoint","urlTemplate":"https:\/\/art.kallmuenz.it\/it\/?s={search_term_string}"},"query-input":{"@type":"PropertyValueSpecification","valueRequired":true,"valueName":"search_term_string"}}],"inLanguage":"it-IT"},{"@type":"Organization","@id":"https:\/\/art.kallmuenz.it\/it\/#organization","name":"Kunstverein Kallm\u00fcnz","url":"https:\/\/art.kallmuenz.it\/it\/","logo":{"@type":"ImageObject","inLanguage":"it-IT","@id":"https:\/\/art.kallmuenz.it\/it\/#\/schema\/logo\/image\/","url":"https:\/\/art.kallmuenz.it\/wp-content\/uploads\/2017\/04\/kallmuenz_stempel-preloader.png","contentUrl":"https:\/\/art.kallmuenz.it\/wp-content\/uploads\/2017\/04\/kallmuenz_stempel-preloader.png","width":200,"height":176,"caption":"Kunstverein Kallm\u00fcnz"},"image":{"@id":"https:\/\/art.kallmuenz.it\/it\/#\/schema\/logo\/image\/"},"sameAs":["https:\/\/www.facebook.com\/KunstvereinKallmuenz"]},{"@type":"Person","@id":"https:\/\/art.kallmuenz.it\/it\/#\/schema\/person\/2d3f5172d1b1545c374946b94c2dfcd2","name":"\u00a1\u00e0ndale!","image":{"@type":"ImageObject","inLanguage":"it-IT","@id":"https:\/\/secure.gravatar.com\/avatar\/e5477d2c73186d58b209d577373d5cc4822796d664543a8983596def2306f7d9?s=96&d=mm&r=g","url":"https:\/\/secure.gravatar.com\/avatar\/e5477d2c73186d58b209d577373d5cc4822796d664543a8983596def2306f7d9?s=96&d=mm&r=g","contentUrl":"https:\/\/secure.gravatar.com\/avatar\/e5477d2c73186d58b209d577373d5cc4822796d664543a8983596def2306f7d9?s=96&d=mm&r=g","caption":"\u00a1\u00e0ndale!"}}]}},"_links":{"self":[{"href":"https:\/\/art.kallmuenz.it\/it\/wp-json\/wp\/v2\/posts\/2486","targetHints":{"allow":["GET"]}}],"collection":[{"href":"https:\/\/art.kallmuenz.it\/it\/wp-json\/wp\/v2\/posts"}],"about":[{"href":"https:\/\/art.kallmuenz.it\/it\/wp-json\/wp\/v2\/types\/post"}],"author":[{"embeddable":true,"href":"https:\/\/art.kallmuenz.it\/it\/wp-json\/wp\/v2\/users\/4021"}],"replies":[{"embeddable":true,"href":"https:\/\/art.kallmuenz.it\/it\/wp-json\/wp\/v2\/comments?post=2486"}],"version-history":[{"count":1,"href":"https:\/\/art.kallmuenz.it\/it\/wp-json\/wp\/v2\/posts\/2486\/revisions"}],"predecessor-version":[{"id":2978,"href":"https:\/\/art.kallmuenz.it\/it\/wp-json\/wp\/v2\/posts\/2486\/revisions\/2978"}],"wp:featuredmedia":[{"embeddable":true,"href":"https:\/\/art.kallmuenz.it\/it\/wp-json\/wp\/v2\/media\/2467"}],"wp:attachment":[{"href":"https:\/\/art.kallmuenz.it\/it\/wp-json\/wp\/v2\/media?parent=2486"}],"wp:term":[{"taxonomy":"category","embeddable":true,"href":"https:\/\/art.kallmuenz.it\/it\/wp-json\/wp\/v2\/categories?post=2486"},{"taxonomy":"post_tag","embeddable":true,"href":"https:\/\/art.kallmuenz.it\/it\/wp-json\/wp\/v2\/tags?post=2486"}],"curies":[{"name":"wp","href":"https:\/\/api.w.org\/{rel}","templated":true}]}}