{"id":2758,"date":"2023-03-14T15:55:07","date_gmt":"2023-03-14T14:55:07","guid":{"rendered":"https:\/\/art.kallmuenz.it\/hedwig-bledl-monika-bledl\/"},"modified":"2024-12-02T18:51:25","modified_gmt":"2024-12-02T17:51:25","slug":"hedwig-bledl-monika-bledl","status":"publish","type":"post","link":"https:\/\/art.kallmuenz.it\/it\/hedwig-bledl-monika-bledl\/","title":{"rendered":"Hedwig Bledl Monika Bledl"},"content":{"rendered":"\n<style type=\"text\/css\" data-created_by=\"avia_inline_auto\" id=\"style-css-av-av_one_fifth-b39e88b38bf114721c4f89a10e34aac1\">\n.flex_column.av-av_one_fifth-b39e88b38bf114721c4f89a10e34aac1{\nborder-radius:0px 0px 0px 0px;\npadding:0px 0px 0px 0px;\n}\n<\/style>\n<div  class='flex_column av-av_one_fifth-b39e88b38bf114721c4f89a10e34aac1 av_one_fifth  avia-builder-el-0  el_before_av_three_fifth  avia-builder-el-first  first av-break-at-tablet flex_column_div av-hide-on-mobile av-zero-column-padding  '     ><\/div>\n\n<style type=\"text\/css\" data-created_by=\"avia_inline_auto\" id=\"style-css-av-av_three_fifth-bcbccfb99e46414d45aa0af1bd0708c7\">\n.flex_column.av-av_three_fifth-bcbccfb99e46414d45aa0af1bd0708c7{\nborder-radius:0px 0px 0px 0px;\npadding:0px 0px 0px 0px;\n}\n<\/style>\n<div  class='flex_column av-av_three_fifth-bcbccfb99e46414d45aa0af1bd0708c7 av_three_fifth  avia-builder-el-1  el_after_av_one_fifth  el_before_av_one_fifth  av-break-at-tablet flex_column_div av-zero-column-padding  '     ><style type=\"text\/css\" data-created_by=\"avia_inline_auto\" id=\"style-css-av-av_image-dbb272884d7b05a71eab63de38a49f9e\">\n.avia-image-container.av-av_image-dbb272884d7b05a71eab63de38a49f9e img.avia_image{\nbox-shadow:none;\n}\n.avia-image-container.av-av_image-dbb272884d7b05a71eab63de38a49f9e .av-image-caption-overlay-center{\ncolor:#ffffff;\n}\n<\/style>\n<div  class='avia-image-container av-av_image-dbb272884d7b05a71eab63de38a49f9e av-styling- av-img-linked avia_animated_image av-animated-when-visible-95 fade-in avia-align-center  avia-builder-el-2  avia-builder-el-no-sibling '   itemprop=\"image\" itemscope=\"itemscope\" itemtype=\"https:\/\/schema.org\/ImageObject\" ><div class=\"avia-image-container-inner\"><div class=\"avia-image-overlay-wrap\"><a href=\"https:\/\/art.kallmuenz.it\/wp-content\/uploads\/2023\/03\/Ausstellung_HM_2023_Plakat_A3_Layoutvarianten_druck.jpg\" data-srcset=\"https:\/\/art.kallmuenz.it\/wp-content\/uploads\/2023\/03\/Ausstellung_HM_2023_Plakat_A3_Layoutvarianten_druck.jpg 737w, https:\/\/art.kallmuenz.it\/wp-content\/uploads\/2023\/03\/Ausstellung_HM_2023_Plakat_A3_Layoutvarianten_druck-300x280.jpg 300w, https:\/\/art.kallmuenz.it\/wp-content\/uploads\/2023\/03\/Ausstellung_HM_2023_Plakat_A3_Layoutvarianten_druck-705x657.jpg 705w\" data-sizes=\"(max-width: 737px) 100vw, 737px\" class='avia_image '  aria-label='Ausstellung_H+M_2023_Plakat_A3_Layoutvarianten_druck'><img decoding=\"async\" fetchpriority=\"high\" class='wp-image-2743 avia-img-lazy-loading-not-2743 avia_image ' src=\"https:\/\/art.kallmuenz.it\/wp-content\/uploads\/2023\/03\/Ausstellung_HM_2023_Plakat_A3_Layoutvarianten_druck.jpg\" alt='' title='Ausstellung_H+M_2023_Plakat_A3_Layoutvarianten_druck'  height=\"687\" width=\"737\"  itemprop=\"thumbnailUrl\" srcset=\"https:\/\/art.kallmuenz.it\/wp-content\/uploads\/2023\/03\/Ausstellung_HM_2023_Plakat_A3_Layoutvarianten_druck.jpg 737w, https:\/\/art.kallmuenz.it\/wp-content\/uploads\/2023\/03\/Ausstellung_HM_2023_Plakat_A3_Layoutvarianten_druck-300x280.jpg 300w, https:\/\/art.kallmuenz.it\/wp-content\/uploads\/2023\/03\/Ausstellung_HM_2023_Plakat_A3_Layoutvarianten_druck-705x657.jpg 705w\" sizes=\"(max-width: 737px) 100vw, 737px\" \/><\/a><\/div><\/div><\/div><\/div>\n\n<style type=\"text\/css\" data-created_by=\"avia_inline_auto\" id=\"style-css-av-av_one_fifth-00154d412a3ad47c272e0aac594a8387\">\n.flex_column.av-av_one_fifth-00154d412a3ad47c272e0aac594a8387{\nborder-radius:0px 0px 0px 0px;\npadding:0px 0px 0px 0px;\n}\n<\/style>\n<div  class='flex_column av-av_one_fifth-00154d412a3ad47c272e0aac594a8387 av_one_fifth  avia-builder-el-3  el_after_av_three_fifth  el_before_av_hr  av-break-at-tablet flex_column_div av-hide-on-mobile av-zero-column-padding  '     ><\/div>\n\n<style type=\"text\/css\" data-created_by=\"avia_inline_auto\" id=\"style-css-av-av_hr-3ca3cac5edc2bad6cd7fab2bfdd7d24f\">\n#top .hr.av-av_hr-3ca3cac5edc2bad6cd7fab2bfdd7d24f{\nmargin-top:30px;\nmargin-bottom:30px;\n}\n.hr.av-av_hr-3ca3cac5edc2bad6cd7fab2bfdd7d24f .hr-inner{\nwidth:50px;\nmax-width:45%;\n}\n.hr.av-av_hr-3ca3cac5edc2bad6cd7fab2bfdd7d24f .av-seperator-icon{\ncolor:#877143;\n}\n.hr.av-av_hr-3ca3cac5edc2bad6cd7fab2bfdd7d24f .av-seperator-icon.avia-svg-icon svg:first-child{\nfill:#877143;\nstroke:#877143;\n}\n<\/style>\n<div  class='hr av-av_hr-3ca3cac5edc2bad6cd7fab2bfdd7d24f hr-custom  avia-builder-el-4  el_after_av_one_fifth  el_before_av_textblock  hr-center hr-icon-yes'><span class='hr-inner inner-border-av-border-thin'><span class=\"hr-inner-style\"><\/span><\/span><span class='av-seperator-icon avia-iconfont avia-font-entypo-fontello' data-av_icon='\ue808' data-av_iconfont='entypo-fontello' ><\/span><span class='hr-inner inner-border-av-border-thin'><span class=\"hr-inner-style\"><\/span><\/span><\/div>\n<section  class='av_textblock_section av-av_textblock-7a1af7d8f9790576b1769c0a9f0449ed '   itemscope=\"itemscope\" itemtype=\"https:\/\/schema.org\/BlogPosting\" itemprop=\"blogPost\" ><div class='avia_textblock'  itemprop=\"text\" ><h3 style=\"text-align: center;\">hedwig bledl<br \/>\nmonika bledl<\/h3>\n<h1 style=\"text-align: center;\">but you made this a better place<\/h1>\n<h3 style=\"text-align: center;\">2. bis 10. April 2023 &#8211; Schloss Kallm\u00fcnz<br \/>\nEr\u00f6ffnung: 1. April 2023 &#8211; 19 Uhr<\/h3>\n<p>Zwei Lebenswege, zwei k\u00fcnstlerische Entwicklungen, viele Ausdrucksformen. Was die beiden K\u00fcnstlerinnen Hedwig und Monika Bledl \u00fcber die famili\u00e4re Bindung hinaus vereint, ist der gro\u00dfe Schaffensdrang, der zeitlebens Motor f\u00fcr beider Arbeiten war.<\/p>\n<p>Kreativit\u00e4t, Fantasie und ein starkes \u00e4sthetisches Gesp\u00fcr einerseits, und andererseits das Bewusstsein daf\u00fcr, dass Kunst nicht nur sch\u00f6ne H\u00fclle, sondern immer in Bezug auf Welt und Menschsein zu sehen ist, sind st\u00e4ndige Begleiter. Gebrauchsgrafik, Fotografie, Aquarell-, Kreide und Acrylstudien sind das Metier von Hedwig Bledl, Monikas Bledls Bandbreite reicht von Textil- \u00fcber Objekt- und Konzeptkunst bis zu Modedesign und Kost\u00fcmbild &#8211;<\/p>\n<p>Die Ausstellung im Schloss Kallm\u00fcnz versucht die Vielfalt der kreativen Auseinandersetzung beider K\u00fcnstlerinnen zu zeigen, vor allem aber ist sie pers\u00f6nliche Erinnerung und liebevolle Hommage.<\/p>\n<p><strong>Die Ausstellung ist von 2. bis 10. April 2023 ge\u00f6ffnet, t\u00e4glich von 11 bis 13 und von 16 bis 19 Uhr.<br \/>\nSchloss Kallm\u00fcnz, Sandplatz 12, 39012 Meran<\/strong><\/p>\n<p><strong>\u00a0<\/strong><\/p>\n<\/div><\/section>\n\n<style type=\"text\/css\" data-created_by=\"avia_inline_auto\" id=\"style-css-av-av_one_third-b39e88b38bf114721c4f89a10e34aac1\">\n.flex_column.av-av_one_third-b39e88b38bf114721c4f89a10e34aac1{\nborder-radius:0px 0px 0px 0px;\npadding:0px 0px 0px 0px;\n}\n<\/style>\n<div  class='flex_column av-av_one_third-b39e88b38bf114721c4f89a10e34aac1 av_one_third  avia-builder-el-6  el_after_av_textblock  el_before_av_one_third  first av-break-at-tablet flex_column_div av-hide-on-mobile av-zero-column-padding  column-top-margin'     ><\/div>\n\n<style type=\"text\/css\" data-created_by=\"avia_inline_auto\" id=\"style-css-av-av_one_third-bcbccfb99e46414d45aa0af1bd0708c7\">\n.flex_column.av-av_one_third-bcbccfb99e46414d45aa0af1bd0708c7{\nborder-radius:0px 0px 0px 0px;\npadding:0px 0px 0px 0px;\n}\n<\/style>\n<div  class='flex_column av-av_one_third-bcbccfb99e46414d45aa0af1bd0708c7 av_one_third  avia-builder-el-7  el_after_av_one_third  el_before_av_one_third  av-break-at-tablet flex_column_div av-zero-column-padding  column-top-margin'     ><div  class='avia-builder-widget-area clearfix  avia-builder-el-8  avia-builder-el-no-sibling '><div id=\"avia_mailchimp_widget-3\" class=\"widget clearfix avia-widget-container avia_mailchimp_widget avia_no_block_preview\"><div class=\"avia-preview-headline\">kallm\u00fcnz Mailchimp Newsletter Signup<\/div><div class=\"avia-preview-info\">Titolo: Newsletter<\/div><div class=\"avia-preview-info\">Mailchimp List: 94e96eb9df<\/div><div class=\"avia-preview-in-front\">Content is only rendered in frontend.<\/div><\/div><\/div><\/div>\n\n<style type=\"text\/css\" data-created_by=\"avia_inline_auto\" id=\"style-css-av-av_one_third-00154d412a3ad47c272e0aac594a8387\">\n.flex_column.av-av_one_third-00154d412a3ad47c272e0aac594a8387{\nborder-radius:0px 0px 0px 0px;\npadding:0px 0px 0px 0px;\n}\n<\/style>\n<div  class='flex_column av-av_one_third-00154d412a3ad47c272e0aac594a8387 av_one_third  avia-builder-el-9  el_after_av_one_third  avia-builder-el-last  av-break-at-tablet flex_column_div av-hide-on-mobile av-zero-column-padding  column-top-margin'     ><\/div>\n","protected":false},"excerpt":{"rendered":"","protected":false},"author":4021,"featured_media":2745,"comment_status":"closed","ping_status":"closed","sticky":false,"template":"","format":"standard","meta":{"footnotes":""},"categories":[41],"tags":[],"class_list":["post-2758","post","type-post","status-publish","format-standard","has-post-thumbnail","hentry","category-archivio"],"yoast_head":"<!-- This site is optimized with the Yoast SEO plugin v27.5 - https:\/\/yoast.com\/product\/yoast-seo-wordpress\/ -->\n<title>Hedwig Bledl Monika Bledl - Associazione Artistica Kallm\u00fcnz Merano<\/title>\n<meta name=\"description\" content=\"Hedwig Bledl Monika Bledl - but you made this a better place - 2. bis 10. April 2023 - Schloss Kallm\u00fcnz - Er\u00f6ffnung: 1. April 2023 - 19 Uhr\" \/>\n<meta name=\"robots\" content=\"index, follow, max-snippet:-1, max-image-preview:large, max-video-preview:-1\" \/>\n<link rel=\"canonical\" href=\"https:\/\/art.kallmuenz.it\/it\/hedwig-bledl-monika-bledl\/\" \/>\n<meta property=\"og:locale\" content=\"it_IT\" \/>\n<meta property=\"og:type\" content=\"article\" \/>\n<meta property=\"og:title\" content=\"Hedwig Bledl Monika Bledl - Associazione Artistica Kallm\u00fcnz Merano\" \/>\n<meta property=\"og:description\" content=\"Hedwig Bledl Monika Bledl - but you made this a better place - 2. bis 10. April 2023 - Schloss Kallm\u00fcnz - Er\u00f6ffnung: 1. April 2023 - 19 Uhr\" \/>\n<meta property=\"og:url\" content=\"https:\/\/art.kallmuenz.it\/it\/hedwig-bledl-monika-bledl\/\" \/>\n<meta property=\"og:site_name\" content=\"Associazione Artistica Kallm\u00fcnz Merano\" \/>\n<meta property=\"article:publisher\" content=\"https:\/\/www.facebook.com\/KunstvereinKallmuenz\" \/>\n<meta property=\"article:published_time\" content=\"2023-03-14T14:55:07+00:00\" \/>\n<meta property=\"article:modified_time\" content=\"2024-12-02T17:51:25+00:00\" \/>\n<meta property=\"og:image\" content=\"https:\/\/art.kallmuenz.it\/wp-content\/uploads\/2023\/03\/Ausstellung_HM_2023_Plakat_A3_Layoutvarianten_druck-thumb.jpg\" \/>\n\t<meta property=\"og:image:width\" content=\"1030\" \/>\n\t<meta property=\"og:image:height\" content=\"687\" \/>\n\t<meta property=\"og:image:type\" content=\"image\/jpeg\" \/>\n<meta name=\"author\" content=\"\u00a1\u00e0ndale!\" \/>\n<script type=\"application\/ld+json\" class=\"yoast-schema-graph\">{\"@context\":\"https:\\\/\\\/schema.org\",\"@graph\":[{\"@type\":\"Article\",\"@id\":\"https:\\\/\\\/art.kallmuenz.it\\\/it\\\/hedwig-bledl-monika-bledl\\\/#article\",\"isPartOf\":{\"@id\":\"https:\\\/\\\/art.kallmuenz.it\\\/it\\\/hedwig-bledl-monika-bledl\\\/\"},\"author\":{\"name\":\"\u00a1\u00e0ndale!\",\"@id\":\"https:\\\/\\\/art.kallmuenz.it\\\/it\\\/#\\\/schema\\\/person\\\/2d3f5172d1b1545c374946b94c2dfcd2\"},\"headline\":\"Hedwig Bledl Monika Bledl\",\"datePublished\":\"2023-03-14T14:55:07+00:00\",\"dateModified\":\"2024-12-02T17:51:25+00:00\",\"mainEntityOfPage\":{\"@id\":\"https:\\\/\\\/art.kallmuenz.it\\\/it\\\/hedwig-bledl-monika-bledl\\\/\"},\"wordCount\":880,\"publisher\":{\"@id\":\"https:\\\/\\\/art.kallmuenz.it\\\/it\\\/#organization\"},\"image\":{\"@id\":\"https:\\\/\\\/art.kallmuenz.it\\\/it\\\/hedwig-bledl-monika-bledl\\\/#primaryimage\"},\"thumbnailUrl\":\"https:\\\/\\\/art.kallmuenz.it\\\/wp-content\\\/uploads\\\/2023\\\/03\\\/Ausstellung_HM_2023_Plakat_A3_Layoutvarianten_druck-thumb.jpg\",\"articleSection\":[\"Archivio\"],\"inLanguage\":\"it-IT\"},{\"@type\":\"WebPage\",\"@id\":\"https:\\\/\\\/art.kallmuenz.it\\\/it\\\/hedwig-bledl-monika-bledl\\\/\",\"url\":\"https:\\\/\\\/art.kallmuenz.it\\\/it\\\/hedwig-bledl-monika-bledl\\\/\",\"name\":\"Hedwig Bledl Monika Bledl - Associazione Artistica Kallm\u00fcnz Merano\",\"isPartOf\":{\"@id\":\"https:\\\/\\\/art.kallmuenz.it\\\/it\\\/#website\"},\"primaryImageOfPage\":{\"@id\":\"https:\\\/\\\/art.kallmuenz.it\\\/it\\\/hedwig-bledl-monika-bledl\\\/#primaryimage\"},\"image\":{\"@id\":\"https:\\\/\\\/art.kallmuenz.it\\\/it\\\/hedwig-bledl-monika-bledl\\\/#primaryimage\"},\"thumbnailUrl\":\"https:\\\/\\\/art.kallmuenz.it\\\/wp-content\\\/uploads\\\/2023\\\/03\\\/Ausstellung_HM_2023_Plakat_A3_Layoutvarianten_druck-thumb.jpg\",\"datePublished\":\"2023-03-14T14:55:07+00:00\",\"dateModified\":\"2024-12-02T17:51:25+00:00\",\"description\":\"Hedwig Bledl Monika Bledl - but you made this a better place - 2. bis 10. April 2023 - Schloss Kallm\u00fcnz - Er\u00f6ffnung: 1. April 2023 - 19 Uhr\",\"breadcrumb\":{\"@id\":\"https:\\\/\\\/art.kallmuenz.it\\\/it\\\/hedwig-bledl-monika-bledl\\\/#breadcrumb\"},\"inLanguage\":\"it-IT\",\"potentialAction\":[{\"@type\":\"ReadAction\",\"target\":[\"https:\\\/\\\/art.kallmuenz.it\\\/it\\\/hedwig-bledl-monika-bledl\\\/\"]}]},{\"@type\":\"ImageObject\",\"inLanguage\":\"it-IT\",\"@id\":\"https:\\\/\\\/art.kallmuenz.it\\\/it\\\/hedwig-bledl-monika-bledl\\\/#primaryimage\",\"url\":\"https:\\\/\\\/art.kallmuenz.it\\\/wp-content\\\/uploads\\\/2023\\\/03\\\/Ausstellung_HM_2023_Plakat_A3_Layoutvarianten_druck-thumb.jpg\",\"contentUrl\":\"https:\\\/\\\/art.kallmuenz.it\\\/wp-content\\\/uploads\\\/2023\\\/03\\\/Ausstellung_HM_2023_Plakat_A3_Layoutvarianten_druck-thumb.jpg\",\"width\":1030,\"height\":687,\"caption\":\"Hedwig Bledl Monika Bledl\"},{\"@type\":\"BreadcrumbList\",\"@id\":\"https:\\\/\\\/art.kallmuenz.it\\\/it\\\/hedwig-bledl-monika-bledl\\\/#breadcrumb\",\"itemListElement\":[{\"@type\":\"ListItem\",\"position\":1,\"name\":\"Startseite\",\"item\":\"https:\\\/\\\/art.kallmuenz.it\\\/it\\\/associazione-culturale-kallmuenz-merano\\\/\"},{\"@type\":\"ListItem\",\"position\":2,\"name\":\"Hedwig Bledl Monika Bledl\"}]},{\"@type\":\"WebSite\",\"@id\":\"https:\\\/\\\/art.kallmuenz.it\\\/it\\\/#website\",\"url\":\"https:\\\/\\\/art.kallmuenz.it\\\/it\\\/\",\"name\":\"Associazione Artistica Kallm\u00fcnz Merano\",\"description\":\"Arte e cultura a Merano\",\"publisher\":{\"@id\":\"https:\\\/\\\/art.kallmuenz.it\\\/it\\\/#organization\"},\"potentialAction\":[{\"@type\":\"SearchAction\",\"target\":{\"@type\":\"EntryPoint\",\"urlTemplate\":\"https:\\\/\\\/art.kallmuenz.it\\\/it\\\/?s={search_term_string}\"},\"query-input\":{\"@type\":\"PropertyValueSpecification\",\"valueRequired\":true,\"valueName\":\"search_term_string\"}}],\"inLanguage\":\"it-IT\"},{\"@type\":\"Organization\",\"@id\":\"https:\\\/\\\/art.kallmuenz.it\\\/it\\\/#organization\",\"name\":\"Kunstverein Kallm\u00fcnz\",\"url\":\"https:\\\/\\\/art.kallmuenz.it\\\/it\\\/\",\"logo\":{\"@type\":\"ImageObject\",\"inLanguage\":\"it-IT\",\"@id\":\"https:\\\/\\\/art.kallmuenz.it\\\/it\\\/#\\\/schema\\\/logo\\\/image\\\/\",\"url\":\"https:\\\/\\\/art.kallmuenz.it\\\/wp-content\\\/uploads\\\/2017\\\/04\\\/kallmuenz_stempel-preloader.png\",\"contentUrl\":\"https:\\\/\\\/art.kallmuenz.it\\\/wp-content\\\/uploads\\\/2017\\\/04\\\/kallmuenz_stempel-preloader.png\",\"width\":200,\"height\":176,\"caption\":\"Kunstverein Kallm\u00fcnz\"},\"image\":{\"@id\":\"https:\\\/\\\/art.kallmuenz.it\\\/it\\\/#\\\/schema\\\/logo\\\/image\\\/\"},\"sameAs\":[\"https:\\\/\\\/www.facebook.com\\\/KunstvereinKallmuenz\"]},{\"@type\":\"Person\",\"@id\":\"https:\\\/\\\/art.kallmuenz.it\\\/it\\\/#\\\/schema\\\/person\\\/2d3f5172d1b1545c374946b94c2dfcd2\",\"name\":\"\u00a1\u00e0ndale!\",\"image\":{\"@type\":\"ImageObject\",\"inLanguage\":\"it-IT\",\"@id\":\"https:\\\/\\\/secure.gravatar.com\\\/avatar\\\/e5477d2c73186d58b209d577373d5cc4822796d664543a8983596def2306f7d9?s=96&d=mm&r=g\",\"url\":\"https:\\\/\\\/secure.gravatar.com\\\/avatar\\\/e5477d2c73186d58b209d577373d5cc4822796d664543a8983596def2306f7d9?s=96&d=mm&r=g\",\"contentUrl\":\"https:\\\/\\\/secure.gravatar.com\\\/avatar\\\/e5477d2c73186d58b209d577373d5cc4822796d664543a8983596def2306f7d9?s=96&d=mm&r=g\",\"caption\":\"\u00a1\u00e0ndale!\"}}]}<\/script>\n<!-- \/ Yoast SEO plugin. -->","yoast_head_json":{"title":"Hedwig Bledl Monika Bledl - Associazione Artistica Kallm\u00fcnz Merano","description":"Hedwig Bledl Monika Bledl - but you made this a better place - 2. bis 10. April 2023 - Schloss Kallm\u00fcnz - Er\u00f6ffnung: 1. April 2023 - 19 Uhr","robots":{"index":"index","follow":"follow","max-snippet":"max-snippet:-1","max-image-preview":"max-image-preview:large","max-video-preview":"max-video-preview:-1"},"canonical":"https:\/\/art.kallmuenz.it\/it\/hedwig-bledl-monika-bledl\/","og_locale":"it_IT","og_type":"article","og_title":"Hedwig Bledl Monika Bledl - Associazione Artistica Kallm\u00fcnz Merano","og_description":"Hedwig Bledl Monika Bledl - but you made this a better place - 2. bis 10. April 2023 - Schloss Kallm\u00fcnz - Er\u00f6ffnung: 1. April 2023 - 19 Uhr","og_url":"https:\/\/art.kallmuenz.it\/it\/hedwig-bledl-monika-bledl\/","og_site_name":"Associazione Artistica Kallm\u00fcnz Merano","article_publisher":"https:\/\/www.facebook.com\/KunstvereinKallmuenz","article_published_time":"2023-03-14T14:55:07+00:00","article_modified_time":"2024-12-02T17:51:25+00:00","og_image":[{"width":1030,"height":687,"url":"https:\/\/art.kallmuenz.it\/wp-content\/uploads\/2023\/03\/Ausstellung_HM_2023_Plakat_A3_Layoutvarianten_druck-thumb.jpg","type":"image\/jpeg"}],"author":"\u00a1\u00e0ndale!","schema":{"@context":"https:\/\/schema.org","@graph":[{"@type":"Article","@id":"https:\/\/art.kallmuenz.it\/it\/hedwig-bledl-monika-bledl\/#article","isPartOf":{"@id":"https:\/\/art.kallmuenz.it\/it\/hedwig-bledl-monika-bledl\/"},"author":{"name":"\u00a1\u00e0ndale!","@id":"https:\/\/art.kallmuenz.it\/it\/#\/schema\/person\/2d3f5172d1b1545c374946b94c2dfcd2"},"headline":"Hedwig Bledl Monika Bledl","datePublished":"2023-03-14T14:55:07+00:00","dateModified":"2024-12-02T17:51:25+00:00","mainEntityOfPage":{"@id":"https:\/\/art.kallmuenz.it\/it\/hedwig-bledl-monika-bledl\/"},"wordCount":880,"publisher":{"@id":"https:\/\/art.kallmuenz.it\/it\/#organization"},"image":{"@id":"https:\/\/art.kallmuenz.it\/it\/hedwig-bledl-monika-bledl\/#primaryimage"},"thumbnailUrl":"https:\/\/art.kallmuenz.it\/wp-content\/uploads\/2023\/03\/Ausstellung_HM_2023_Plakat_A3_Layoutvarianten_druck-thumb.jpg","articleSection":["Archivio"],"inLanguage":"it-IT"},{"@type":"WebPage","@id":"https:\/\/art.kallmuenz.it\/it\/hedwig-bledl-monika-bledl\/","url":"https:\/\/art.kallmuenz.it\/it\/hedwig-bledl-monika-bledl\/","name":"Hedwig Bledl Monika Bledl - Associazione Artistica Kallm\u00fcnz Merano","isPartOf":{"@id":"https:\/\/art.kallmuenz.it\/it\/#website"},"primaryImageOfPage":{"@id":"https:\/\/art.kallmuenz.it\/it\/hedwig-bledl-monika-bledl\/#primaryimage"},"image":{"@id":"https:\/\/art.kallmuenz.it\/it\/hedwig-bledl-monika-bledl\/#primaryimage"},"thumbnailUrl":"https:\/\/art.kallmuenz.it\/wp-content\/uploads\/2023\/03\/Ausstellung_HM_2023_Plakat_A3_Layoutvarianten_druck-thumb.jpg","datePublished":"2023-03-14T14:55:07+00:00","dateModified":"2024-12-02T17:51:25+00:00","description":"Hedwig Bledl Monika Bledl - but you made this a better place - 2. bis 10. April 2023 - Schloss Kallm\u00fcnz - Er\u00f6ffnung: 1. April 2023 - 19 Uhr","breadcrumb":{"@id":"https:\/\/art.kallmuenz.it\/it\/hedwig-bledl-monika-bledl\/#breadcrumb"},"inLanguage":"it-IT","potentialAction":[{"@type":"ReadAction","target":["https:\/\/art.kallmuenz.it\/it\/hedwig-bledl-monika-bledl\/"]}]},{"@type":"ImageObject","inLanguage":"it-IT","@id":"https:\/\/art.kallmuenz.it\/it\/hedwig-bledl-monika-bledl\/#primaryimage","url":"https:\/\/art.kallmuenz.it\/wp-content\/uploads\/2023\/03\/Ausstellung_HM_2023_Plakat_A3_Layoutvarianten_druck-thumb.jpg","contentUrl":"https:\/\/art.kallmuenz.it\/wp-content\/uploads\/2023\/03\/Ausstellung_HM_2023_Plakat_A3_Layoutvarianten_druck-thumb.jpg","width":1030,"height":687,"caption":"Hedwig Bledl Monika Bledl"},{"@type":"BreadcrumbList","@id":"https:\/\/art.kallmuenz.it\/it\/hedwig-bledl-monika-bledl\/#breadcrumb","itemListElement":[{"@type":"ListItem","position":1,"name":"Startseite","item":"https:\/\/art.kallmuenz.it\/it\/associazione-culturale-kallmuenz-merano\/"},{"@type":"ListItem","position":2,"name":"Hedwig Bledl Monika Bledl"}]},{"@type":"WebSite","@id":"https:\/\/art.kallmuenz.it\/it\/#website","url":"https:\/\/art.kallmuenz.it\/it\/","name":"Associazione Artistica Kallm\u00fcnz Merano","description":"Arte e cultura a Merano","publisher":{"@id":"https:\/\/art.kallmuenz.it\/it\/#organization"},"potentialAction":[{"@type":"SearchAction","target":{"@type":"EntryPoint","urlTemplate":"https:\/\/art.kallmuenz.it\/it\/?s={search_term_string}"},"query-input":{"@type":"PropertyValueSpecification","valueRequired":true,"valueName":"search_term_string"}}],"inLanguage":"it-IT"},{"@type":"Organization","@id":"https:\/\/art.kallmuenz.it\/it\/#organization","name":"Kunstverein Kallm\u00fcnz","url":"https:\/\/art.kallmuenz.it\/it\/","logo":{"@type":"ImageObject","inLanguage":"it-IT","@id":"https:\/\/art.kallmuenz.it\/it\/#\/schema\/logo\/image\/","url":"https:\/\/art.kallmuenz.it\/wp-content\/uploads\/2017\/04\/kallmuenz_stempel-preloader.png","contentUrl":"https:\/\/art.kallmuenz.it\/wp-content\/uploads\/2017\/04\/kallmuenz_stempel-preloader.png","width":200,"height":176,"caption":"Kunstverein Kallm\u00fcnz"},"image":{"@id":"https:\/\/art.kallmuenz.it\/it\/#\/schema\/logo\/image\/"},"sameAs":["https:\/\/www.facebook.com\/KunstvereinKallmuenz"]},{"@type":"Person","@id":"https:\/\/art.kallmuenz.it\/it\/#\/schema\/person\/2d3f5172d1b1545c374946b94c2dfcd2","name":"\u00a1\u00e0ndale!","image":{"@type":"ImageObject","inLanguage":"it-IT","@id":"https:\/\/secure.gravatar.com\/avatar\/e5477d2c73186d58b209d577373d5cc4822796d664543a8983596def2306f7d9?s=96&d=mm&r=g","url":"https:\/\/secure.gravatar.com\/avatar\/e5477d2c73186d58b209d577373d5cc4822796d664543a8983596def2306f7d9?s=96&d=mm&r=g","contentUrl":"https:\/\/secure.gravatar.com\/avatar\/e5477d2c73186d58b209d577373d5cc4822796d664543a8983596def2306f7d9?s=96&d=mm&r=g","caption":"\u00a1\u00e0ndale!"}}]}},"_links":{"self":[{"href":"https:\/\/art.kallmuenz.it\/it\/wp-json\/wp\/v2\/posts\/2758","targetHints":{"allow":["GET"]}}],"collection":[{"href":"https:\/\/art.kallmuenz.it\/it\/wp-json\/wp\/v2\/posts"}],"about":[{"href":"https:\/\/art.kallmuenz.it\/it\/wp-json\/wp\/v2\/types\/post"}],"author":[{"embeddable":true,"href":"https:\/\/art.kallmuenz.it\/it\/wp-json\/wp\/v2\/users\/4021"}],"replies":[{"embeddable":true,"href":"https:\/\/art.kallmuenz.it\/it\/wp-json\/wp\/v2\/comments?post=2758"}],"version-history":[{"count":1,"href":"https:\/\/art.kallmuenz.it\/it\/wp-json\/wp\/v2\/posts\/2758\/revisions"}],"predecessor-version":[{"id":2989,"href":"https:\/\/art.kallmuenz.it\/it\/wp-json\/wp\/v2\/posts\/2758\/revisions\/2989"}],"wp:featuredmedia":[{"embeddable":true,"href":"https:\/\/art.kallmuenz.it\/it\/wp-json\/wp\/v2\/media\/2745"}],"wp:attachment":[{"href":"https:\/\/art.kallmuenz.it\/it\/wp-json\/wp\/v2\/media?parent=2758"}],"wp:term":[{"taxonomy":"category","embeddable":true,"href":"https:\/\/art.kallmuenz.it\/it\/wp-json\/wp\/v2\/categories?post=2758"},{"taxonomy":"post_tag","embeddable":true,"href":"https:\/\/art.kallmuenz.it\/it\/wp-json\/wp\/v2\/tags?post=2758"}],"curies":[{"name":"wp","href":"https:\/\/api.w.org\/{rel}","templated":true}]}}