{"id":3136,"date":"2025-10-15T08:32:16","date_gmt":"2025-10-15T06:32:16","guid":{"rendered":"https:\/\/art.kallmuenz.it\/meraner-kabarett-tage-2026\/"},"modified":"2026-01-30T11:09:59","modified_gmt":"2026-01-30T10:09:59","slug":"meraner-kabarett-tage-2026","status":"publish","type":"post","link":"https:\/\/art.kallmuenz.it\/it\/meraner-kabarett-tage-2026\/","title":{"rendered":"Meraner Kabarett Tage 2026"},"content":{"rendered":"<div class='av-column-wrapper-individual av-break-at-tablet-flexwrapper av-mobile-columns-flex av-columns-reverse'>\n<style type=\"text\/css\" data-created_by=\"avia_inline_auto\" id=\"style-css-av-4mk3jr2-3105641b32840442dc3bbd9df8299ef7\">\n.flex_column.av-4mk3jr2-3105641b32840442dc3bbd9df8299ef7{\nwidth:17.6%;\nborder-radius:0px 0px 0px 0px;\npadding:0px 0px 0px 0px;\n}\n<\/style>\n<div  class='flex_column av-4mk3jr2-3105641b32840442dc3bbd9df8299ef7 av_one_fifth  avia-builder-el-0  el_before_av_three_fifth  avia-builder-el-first  first av-break-at-tablet flex_column_div av-hide-on-mobile av-zero-column-padding  '     ><\/div>\n\n<style type=\"text\/css\" data-created_by=\"avia_inline_auto\" id=\"style-css-av-4l2woke-ec1ffbb28a58bab63ba66929551d55b6\">\n.flex_column.av-4l2woke-ec1ffbb28a58bab63ba66929551d55b6{\nwidth:58.8%;\nmargin-left:3%;\nborder-radius:0px 0px 0px 0px;\npadding:0px 0px 0px 0px;\n}\n<\/style>\n<div  class='flex_column av-4l2woke-ec1ffbb28a58bab63ba66929551d55b6 av_three_fifth  avia-builder-el-1  el_after_av_one_fifth  el_before_av_one_fifth  av-break-at-tablet flex_column_div av-zero-column-padding  '     ><style type=\"text\/css\" data-created_by=\"avia_inline_auto\" id=\"style-css-av-4iuo3da-7dfb8e34aaa29bcee02d5cadbd974896\">\n.avia-image-container.av-4iuo3da-7dfb8e34aaa29bcee02d5cadbd974896 img.avia_image{\nbox-shadow:none;\n}\n.avia-image-container.av-4iuo3da-7dfb8e34aaa29bcee02d5cadbd974896 .av-image-caption-overlay-center{\ncolor:#ffffff;\n}\n<\/style>\n<div  class='avia-image-container av-4iuo3da-7dfb8e34aaa29bcee02d5cadbd974896 av-styling- av-img-linked avia_animated_image av-animated-when-visible-95 fade-in avia-align-center  avia-builder-el-2  avia-builder-el-no-sibling '   itemprop=\"image\" itemscope=\"itemscope\" itemtype=\"https:\/\/schema.org\/ImageObject\" ><div class=\"avia-image-container-inner\"><div class=\"avia-image-overlay-wrap\"><a href=\"https:\/\/art.kallmuenz.it\/wp-content\/uploads\/2025\/10\/MKT_HEADERBILD_2026.jpg\" data-srcset=\"https:\/\/art.kallmuenz.it\/wp-content\/uploads\/2025\/10\/MKT_HEADERBILD_2026.jpg 1030w, https:\/\/art.kallmuenz.it\/wp-content\/uploads\/2025\/10\/MKT_HEADERBILD_2026-300x200.jpg 300w, https:\/\/art.kallmuenz.it\/wp-content\/uploads\/2025\/10\/MKT_HEADERBILD_2026-768x512.jpg 768w, https:\/\/art.kallmuenz.it\/wp-content\/uploads\/2025\/10\/MKT_HEADERBILD_2026-705x470.jpg 705w\" data-sizes=\"(max-width: 1030px) 100vw, 1030px\" class='avia_image '  aria-label='MKT_HEADERBILD_2026'><img decoding=\"async\" fetchpriority=\"high\" class='wp-image-3128 avia-img-lazy-loading-not-3128 avia_image ' src=\"https:\/\/art.kallmuenz.it\/wp-content\/uploads\/2025\/10\/MKT_HEADERBILD_2026.jpg\" alt='Meraner Kabarett Tage' title='MKT_HEADERBILD_2026'  height=\"687\" width=\"1030\"  itemprop=\"thumbnailUrl\" srcset=\"https:\/\/art.kallmuenz.it\/wp-content\/uploads\/2025\/10\/MKT_HEADERBILD_2026.jpg 1030w, https:\/\/art.kallmuenz.it\/wp-content\/uploads\/2025\/10\/MKT_HEADERBILD_2026-300x200.jpg 300w, https:\/\/art.kallmuenz.it\/wp-content\/uploads\/2025\/10\/MKT_HEADERBILD_2026-768x512.jpg 768w, https:\/\/art.kallmuenz.it\/wp-content\/uploads\/2025\/10\/MKT_HEADERBILD_2026-705x470.jpg 705w\" sizes=\"(max-width: 1030px) 100vw, 1030px\" \/><\/a><\/div><\/div><\/div><\/div>\n\n<style type=\"text\/css\" data-created_by=\"avia_inline_auto\" id=\"style-css-av-4i1skj2-302aa4623ce413173d4aeadef7ea745e\">\n.flex_column.av-4i1skj2-302aa4623ce413173d4aeadef7ea745e{\nwidth:17.6%;\nmargin-left:3%;\nborder-radius:0px 0px 0px 0px;\npadding:0px 0px 0px 0px;\n}\n<\/style>\n<div  class='flex_column av-4i1skj2-302aa4623ce413173d4aeadef7ea745e av_one_fifth  avia-builder-el-3  el_after_av_three_fifth  el_before_av_hr  av-break-at-tablet flex_column_div av-zero-column-padding  '     ><style type=\"text\/css\" data-created_by=\"avia_inline_auto\" id=\"style-css-av-4flj9ta-2a896c86914fa25d244c2ab5acaac4b4\">\n.avia-image-container.av-4flj9ta-2a896c86914fa25d244c2ab5acaac4b4 img.avia_image{\nbox-shadow:none;\n}\n.avia-image-container.av-4flj9ta-2a896c86914fa25d244c2ab5acaac4b4 .av-image-caption-overlay-center{\ncolor:#ffffff;\n}\n<\/style>\n<div  class='avia-image-container av-4flj9ta-2a896c86914fa25d244c2ab5acaac4b4 av-styling- av-img-linked avia_animated_image av-animated-when-visible-95 fade-in avia-align-center  avia-builder-el-4  avia-builder-el-no-sibling '   itemprop=\"image\" itemscope=\"itemscope\" itemtype=\"https:\/\/schema.org\/ImageObject\" ><div class=\"avia-image-container-inner\"><div class=\"avia-image-overlay-wrap\"><a href=\"#foerderkreis-meraner-kabarett-tage\" class='avia_image '  aria-label='foerderkreis-mitglied-werden-2026'><img decoding=\"async\" fetchpriority=\"high\" class='wp-image-3133 avia-img-lazy-loading-not-3133 avia_image ' src=\"https:\/\/art.kallmuenz.it\/wp-content\/uploads\/2025\/10\/foerderkreis-mitglied-werden-2026-1.png\" alt='' title='foerderkreis-mitglied-werden-2026'  height=\"600\" width=\"600\"  itemprop=\"thumbnailUrl\" srcset=\"https:\/\/art.kallmuenz.it\/wp-content\/uploads\/2025\/10\/foerderkreis-mitglied-werden-2026-1.png 600w, https:\/\/art.kallmuenz.it\/wp-content\/uploads\/2025\/10\/foerderkreis-mitglied-werden-2026-1-300x300.png 300w, https:\/\/art.kallmuenz.it\/wp-content\/uploads\/2025\/10\/foerderkreis-mitglied-werden-2026-1-80x80.png 80w, https:\/\/art.kallmuenz.it\/wp-content\/uploads\/2025\/10\/foerderkreis-mitglied-werden-2026-1-36x36.png 36w, https:\/\/art.kallmuenz.it\/wp-content\/uploads\/2025\/10\/foerderkreis-mitglied-werden-2026-1-180x180.png 180w\" sizes=\"(max-width: 600px) 100vw, 600px\" \/><\/a><\/div><\/div><\/div><\/div><\/div><!--close flex column wrapper. Autoclose: 1 -->\n\n<style type=\"text\/css\" data-created_by=\"avia_inline_auto\" id=\"style-css-av-fqy372-ea6f69bf070dfe453e914840eb75c1a6\">\n#top .hr.hr-invisible.av-fqy372-ea6f69bf070dfe453e914840eb75c1a6{\nheight:30px;\n}\n<\/style>\n<div  class='hr av-fqy372-ea6f69bf070dfe453e914840eb75c1a6 hr-invisible  avia-builder-el-5  el_after_av_one_fifth  el_before_av_textblock '><span class='hr-inner '><span class=\"hr-inner-style\"><\/span><\/span><\/div>\n<section  class='av_textblock_section av-4cfx4fy-4f9a58a653070930aadde0541d3fbcf6 '   itemscope=\"itemscope\" itemtype=\"https:\/\/schema.org\/BlogPosting\" itemprop=\"blogPost\" ><div class='avia_textblock'  itemprop=\"text\" ><h1 style=\"text-align: center;\">MERANER KABARETT TAGE 2026<\/h1>\n<h1 style=\"text-align: center;\">12. bis 29. M\u00c4RZ &#8211; Stadttheater Meran<\/h1>\n<\/div><\/section>\n\n<style type=\"text\/css\" data-created_by=\"avia_inline_auto\" id=\"style-css-av-fhvfxq-4159f5d78282dd8c90d0acf2df60c1f1\">\n#top .av_textblock_section.av-fhvfxq-4159f5d78282dd8c90d0acf2df60c1f1 .avia_textblock{\nfont-size:16px;\n}\n<\/style>\n<section  class='av_textblock_section av-fhvfxq-4159f5d78282dd8c90d0acf2df60c1f1 '   itemscope=\"itemscope\" itemtype=\"https:\/\/schema.org\/BlogPosting\" itemprop=\"blogPost\" ><div class='avia_textblock'  itemprop=\"text\" ><p style=\"text-align: center;\"><strong>PREISE &amp; TICKETS<br \/>\n<\/strong>Parkett, Mittelloge und Seitenloge vorn: 30 \u20ac<br \/>\nSeitenloge hinten: 25 \u20ac<br \/>\nGalerie: 15 \u20ac<\/p>\n<p style=\"text-align: center;\"><strong>TICKETINFO: <\/strong><br \/>\n<strong>Kartenvorverkauf ab Montag, 3. November 2025<\/strong><br \/>\nWeb: <a href=\"https:\/\/www.ticket.bz.it\" target=\"_blank\" rel=\"noopener\">www.ticket.bz.it\u00a0<\/a> &#8211; Tel:\u00a0<a href=\"tel:\/\/00390471053800\">+39 0471 053800<\/a><\/p>\n<p style=\"text-align: center;\"><strong>Abendkasse:<\/strong> Die Abendkasse \u00f6ffnet eine Stunde vor Auff\u00fchrungsbeginn. Es sind keine Erm\u00e4\u00dfigungen vorgehsehen.<\/p>\n<\/div><\/section>\n\n<style type=\"text\/css\" data-created_by=\"avia_inline_auto\" id=\"style-css-av-48y9di6-2de20bb7f72debbf1e5d3377280fbda0\">\n#top .hr.hr-invisible.av-48y9di6-2de20bb7f72debbf1e5d3377280fbda0{\nheight:50px;\n}\n<\/style>\n<div  class='hr av-48y9di6-2de20bb7f72debbf1e5d3377280fbda0 hr-invisible  avia-builder-el-8  el_after_av_textblock  el_before_av_heading '><span class='hr-inner '><span class=\"hr-inner-style\"><\/span><\/span><\/div>\n\n<style type=\"text\/css\" data-created_by=\"avia_inline_auto\" id=\"style-css-av-481rr0u-d0a7499dc53654351ed88963cb49106c\">\n#top .av-special-heading.av-481rr0u-d0a7499dc53654351ed88963cb49106c{\npadding-bottom:0;\n}\nbody .av-special-heading.av-481rr0u-d0a7499dc53654351ed88963cb49106c .av-special-heading-tag .heading-char{\nfont-size:25px;\n}\n.av-special-heading.av-481rr0u-d0a7499dc53654351ed88963cb49106c .av-subheading{\nfont-size:15px;\n}\n<\/style>\n<div  class='av-special-heading av-481rr0u-d0a7499dc53654351ed88963cb49106c av-special-heading-h2 blockquote modern-quote modern-centered  avia-builder-el-9  el_after_av_hr  el_before_av_layout_row  avia-builder-el-last  av-linked-heading'><h2 class='av-special-heading-tag '  itemprop=\"headline\"  >PROGRAMM<\/h2><div class=\"special-heading-border\"><div class=\"special-heading-inner-border\"><\/div><\/div><\/div>\n<\/div><\/div><\/div><!-- close content main div --><\/div><\/div><div id='heissig'  class='av-layout-grid-container av-1huamm-cbd277544bb0dc0afaad4ae7f57573bc entry-content-wrapper main_color av-border-top-bottom av-flex-cells  avia-builder-el-10  el_after_av_heading  el_before_av_layout_row  grid-row-not-first  container_wrap fullsize'  >\n\n<style type=\"text\/css\" data-created_by=\"avia_inline_auto\" id=\"style-css-av-444wlam-87fb7d5b114a8d129887152a341e2428\">\n.flex_cell.av-444wlam-87fb7d5b114a8d129887152a341e2428{\nvertical-align:middle;\nheight:300px;\nmin-height:300px;\nbackground:url(https:\/\/art.kallmuenz.it\/wp-content\/uploads\/2025\/10\/heissig-knef.jpg) 50% 50% no-repeat scroll ;\n}\n.responsive #top #wrap_all .flex_cell.av-444wlam-87fb7d5b114a8d129887152a341e2428{\npadding:30px 30px 30px 30px !important;\n}\n<\/style>\n<div class='flex_cell av-444wlam-87fb7d5b114a8d129887152a341e2428 av-gridrow-cell av_one_half no_margin  avia-builder-el-11  el_before_av_cell_one_half  avia-builder-el-first  content-align-middle avia-full-stretch'  ><div class='flex_cell_inner'><\/div><\/div>\n<style type=\"text\/css\" data-created_by=\"avia_inline_auto\" id=\"style-css-av-426fxum-b41552e09490898d7efa17e7ac58ad9f\">\n.flex_cell.av-426fxum-b41552e09490898d7efa17e7ac58ad9f{\nvertical-align:middle;\nheight:300px;\nmin-height:300px;\n}\n.responsive #top #wrap_all .flex_cell.av-426fxum-b41552e09490898d7efa17e7ac58ad9f{\npadding:30px 30px 30px 30px !important;\n}\n<\/style>\n<div class='flex_cell av-426fxum-b41552e09490898d7efa17e7ac58ad9f av-gridrow-cell av_one_half no_margin  avia-builder-el-12  el_after_av_cell_one_half  avia-builder-el-last  content-align-middle'  ><div class='flex_cell_inner'><section  class='av_textblock_section av-404rjqm-af9ce6fbf8a5d3bb60a0179b928c07a0 '   itemscope=\"itemscope\" itemtype=\"https:\/\/schema.org\/BlogPosting\" itemprop=\"blogPost\" ><div class='avia_textblock'  itemprop=\"text\" ><h3 style=\"text-align: center;\"><\/h3>\n<h3><\/h3>\n<h3><\/h3>\n<h3 style=\"text-align: center;\">DO 12.03.2026 \u2013 20 Uhr<\/h3>\n<h1 style=\"text-align: center;\">Ulrich Michael Heissig (D)<\/h1>\n<h3 style=\"text-align: center;\">\u201cIrmgard Knef: Noch da! 100 Jahr, blondes Haar\u201c<\/h3>\n<p><strong>Eines vorneweg: Hildegard Knef (geb. 1925) hatte keine Zwillingsschwester. <\/strong>Irmgard ist ein theatralisches, dramatisches Phantasieprodukt. Und: Die Dame auf der B\u00fchne ist ein Mann, der Kabarettist Ulrich Michael Heissig.<\/p>\n<p>Wenn die ber\u00fchmte Hildegard Knef aber eine Zwillingsschwester gehabt h\u00e4tte, w\u00e4re sie gewesen wie die Figur auf der B\u00fchne. Sie h\u00e4tte nicht gesungen \u201eF\u00fcr mich soll\u2019s rote Rosen regnen\u201c, sondern augenzwinkernd larmoyant \u201eAuch ich wollt\u2018 Autogramme geben\u201c. Die Geburtsstunde von \u201eIrmgard Knef\u201c war 1999, und seither tut sie beides: singen und Autogramme geben. Mit Themen wie Politik, Religion, Alter und Sex hat sich Irmgard erfolgreich von ihrer viel ber\u00fchmteren Schwester Hildegard emanzipiert. Und sie hat etwas geschafft, was Hildegard nicht gelungen ist, n\u00e4mlich den Deutschen Kabarettpreis zu gewinnen. Oder hat ihn ihr m\u00e4nnliches Alter Ego gewonnen? Irgendwie beide. <a href=\"https:\/\/www.ticket.bz.it\/application.aspx?id=8985\" target=\"_blank\" rel=\"noopener\">TICKETS<\/a><\/p>\n<p><a href=\"https:\/\/www.youtube.com\/watch?v=ku4u7Xe_4Tw\">VIDEO<\/a><\/p>\n<\/div><\/section>\n<\/div><\/div>\n<\/div>\n<div id='stoll'  class='av-layout-grid-container av-3yoxrj2-7357aba7ebcc634ceab108844b0cd6c0 entry-content-wrapper main_color av-border-top-bottom av-flex-cells  avia-builder-el-14  el_after_av_layout_row  el_before_av_layout_row  grid-reverse grid-row-not-first  container_wrap fullsize'  >\n\n<style type=\"text\/css\" data-created_by=\"avia_inline_auto\" id=\"style-css-av-3xsacpq-e2f41078eca9c9c4bdad70d2fb27c1f7\">\n.flex_cell.av-3xsacpq-e2f41078eca9c9c4bdad70d2fb27c1f7{\nvertical-align:middle;\nheight:300px;\nmin-height:300px;\n}\n.responsive #top #wrap_all .flex_cell.av-3xsacpq-e2f41078eca9c9c4bdad70d2fb27c1f7{\npadding:30px 30px 30px 30px !important;\n}\n<\/style>\n<div class='flex_cell av-3xsacpq-e2f41078eca9c9c4bdad70d2fb27c1f7 av-gridrow-cell av_one_half no_margin  avia-builder-el-15  el_before_av_cell_one_half  avia-builder-el-first  content-align-middle avia-full-stretch'  ><div class='flex_cell_inner'><section  class='av_textblock_section av-3v78qam-96c5fc164490b9a56c0fca95111afa5c '   itemscope=\"itemscope\" itemtype=\"https:\/\/schema.org\/BlogPosting\" itemprop=\"blogPost\" ><div class='avia_textblock'  itemprop=\"text\" ><h3 style=\"text-align: center;\"><\/h3>\n<h3 style=\"text-align: center;\">SA 14. 03. 2026 \u2013 20 Uhr<\/h3>\n<h1 style=\"text-align: center;\">Lara Stoll (CH) \u2013 der charmante Poetry-Punk<\/h1>\n<h3 style=\"text-align: center;\">\u201cVolume 5\u201c \u2013 die R\u00fcckkehr!<\/h3>\n<p><strong>Der Titel passt wunderbar! F\u00fcr die grandiose Poetry-Slammerin ist es tats\u00e4chlich eine R\u00fcckkehr.<\/strong> Eine R\u00fcckkehr nach Meran. 2019 war sie Gast der allerersten Kabaretttage, und die hierzulande kaum bekannte Lara Stoll lie\u00df ein ebenso staunendes wie begeistertes Publikum zur\u00fcck. \u00dcberraschung war es keine, denn eine Woche vor ihrem Meran-Gastspiel erhielt die damals 31j\u00e4hrige den Deutschen Kleinkunstpreis (als Schweizerin!).<\/p>\n<p>Mittlerweile sind 6 Jahre vergangen und weitere Auszeichnungen dazu gekommen (u. a. Salzburger Stier 2021). Lara Stolls 5. Soloprogramm, &#8220;Volume 5 &#8211; Die R\u00fcckkehr&#8221;, ist eine Mischung aus Comedy und Poesie. Lara Stoll verbindet Tiefgr\u00fcndiges mit Absurdem, setzt sich mit dem \u00c4lterwerden ebenso auseinander wie mit den Herausforderungen im Stra\u00dfenverkehr. Das Energieb\u00fcndel aus dem Thurgau erz\u00e4hlt \u00fcber das Leben in der Schweiz und wechselt dabei zwischen Kauderwelsch und messerscharf geschliffenen S\u00e4tzen. Zum Ausflippen! <a href=\"https:\/\/www.ticket.bz.it\/application.aspx?id=8986\" target=\"_blank\" rel=\"noopener\">TICKETS<\/a><\/p>\n<p><a href=\"https:\/\/www.youtube.com\/watch?v=qiLcHH1O3AE\" target=\"_blank\" rel=\"noopener\">VIDEO<\/a><\/p>\n<\/div><\/section>\n<\/div><\/div>\n<style type=\"text\/css\" data-created_by=\"avia_inline_auto\" id=\"style-css-av-3ud2p2m-ef930a312ff4fd74d8f93bb091df170c\">\n.flex_cell.av-3ud2p2m-ef930a312ff4fd74d8f93bb091df170c{\nvertical-align:middle;\nheight:300px;\nmin-height:300px;\nbackground:url(https:\/\/art.kallmuenz.it\/wp-content\/uploads\/2025\/10\/lara-stoll.jpg) 50% 50% no-repeat scroll ;\n}\n.responsive #top #wrap_all .flex_cell.av-3ud2p2m-ef930a312ff4fd74d8f93bb091df170c{\npadding:30px 30px 30px 30px !important;\n}\n<\/style>\n<div class='flex_cell av-3ud2p2m-ef930a312ff4fd74d8f93bb091df170c av-gridrow-cell av_one_half no_margin  avia-builder-el-17  el_after_av_cell_one_half  avia-builder-el-last  content-align-middle avia-full-stretch'  ><div class='flex_cell_inner'><\/div><\/div>\n<\/div>\n<div id='palfrader'  class='av-layout-grid-container av-3sdilvi-a63fe3a6eb96a4ca8c601989fb1e90e0 entry-content-wrapper main_color av-border-top-bottom av-flex-cells  avia-builder-el-18  el_after_av_layout_row  el_before_av_layout_row  grid-row-not-first  container_wrap fullsize'  >\n\n<style type=\"text\/css\" data-created_by=\"avia_inline_auto\" id=\"style-css-av-3q4vnpa-aa2f831323dccacf230c420d6cfdd0de\">\n.flex_cell.av-3q4vnpa-aa2f831323dccacf230c420d6cfdd0de{\nvertical-align:middle;\nheight:300px;\nmin-height:300px;\nbackground:url(https:\/\/art.kallmuenz.it\/wp-content\/uploads\/2025\/10\/Robert-Testament.jpg) 50% 50% no-repeat scroll ;\n}\n.responsive #top #wrap_all .flex_cell.av-3q4vnpa-aa2f831323dccacf230c420d6cfdd0de{\npadding:30px 30px 30px 30px !important;\n}\n<\/style>\n<div class='flex_cell av-3q4vnpa-aa2f831323dccacf230c420d6cfdd0de av-gridrow-cell av_one_half no_margin  avia-builder-el-19  el_before_av_cell_one_half  avia-builder-el-first  content-align-middle avia-full-stretch'  ><div class='flex_cell_inner'><\/div><\/div>\n<style type=\"text\/css\" data-created_by=\"avia_inline_auto\" id=\"style-css-av-3p3b7fi-bffb270e0758d3f72b215581e1b884e0\">\n.flex_cell.av-3p3b7fi-bffb270e0758d3f72b215581e1b884e0{\nvertical-align:middle;\nheight:300px;\nmin-height:300px;\n}\n.responsive #top #wrap_all .flex_cell.av-3p3b7fi-bffb270e0758d3f72b215581e1b884e0{\npadding:30px 30px 30px 30px !important;\n}\n<\/style>\n<div class='flex_cell av-3p3b7fi-bffb270e0758d3f72b215581e1b884e0 av-gridrow-cell av_one_half no_margin  avia-builder-el-20  el_after_av_cell_one_half  avia-builder-el-last  content-align-middle'  ><div class='flex_cell_inner'><section  class='av_textblock_section av-3n3urem-b1e2dd3d869a7f12eff0ebf23e684654 '   itemscope=\"itemscope\" itemtype=\"https:\/\/schema.org\/BlogPosting\" itemprop=\"blogPost\" ><div class='avia_textblock'  itemprop=\"text\" ><h3 style=\"text-align: center;\"><\/h3>\n<h3 style=\"text-align: center;\">SA 21.03. \u2013 20 Uhr + SO 22. 03. \u2013 18 Uhr<\/h3>\n<h1 style=\"text-align: center;\">Robert Palfrader (A)<\/h1>\n<h3 style=\"text-align: center;\">\u201cTestament\u201d<\/h3>\n<h4 style=\"text-align: center;\">VORPREMIERE in MERAN<\/h4>\n<p><strong>Mit seinem ersten Soloprogramm \u201eAllein\u201c war Robert Palfrader 2025 mehrmals in S\u00fcdtirol zu Gast.<\/strong> Nun folgt \u201eTestament\u201c. Nicht unbedingt sein letzter Wille, aber definitiv sein neues Solo-Programm. K\u00f6nnte aber sein, dass es trotzdem etwas zu erben gibt bei Robert Palfrader. Seine Betrachtungen und \u00dcberlegungen zum Thema L\u00f6ffelabgabe zum Beispiel. Alles was man wissen muss, damit man in Frieden ruhen kann, aber trotzdem aus der letzten Ruhest\u00e4tte noch laut und deutlich geh\u00f6rt wird.<\/p>\n<p>Robert Palfrader (56) ist dem S\u00fcdtiroler Publikum vor allem als Schauspieler und Kabarettist bekannt. Seine Paraderolle war Robert Heinrich der Erste in der ORF-Satiresendung \u201eWir sind Kaiser\u201c. Der geb\u00fcrtige Wiener mit Gadertaler Wurzeln arbeitet auch als Regisseur und Drehbuchautor. Vor der Premiere von \u201eTestament\u201c im April 2026 in M\u00fcnchen gibt es eine VOR-PREMIERE, in Meran bei den MERANER KABARETT TAGEN. Es ist uns eine Ehre. <a href=\"https:\/\/www.ticket.bz.it\/application.aspx?id=8987\" target=\"_blank\" rel=\"noopener\">TICKETS Samstag<\/a> &#8211; <a href=\"https:\/\/www.ticket.bz.it\/application.aspx?id=8988&amp;consultazione=1\" target=\"_blank\" rel=\"noopener\">TICKETS Sonntag<\/a><\/p>\n<\/div><\/section>\n<\/div><\/div>\n<\/div>\n<div id='jochimsen-maurer-mumford'  class='av-layout-grid-container av-3lc7qjy-f6b20080c324bb5cd10d794262d7c61f entry-content-wrapper main_color av-border-top-bottom av-flex-cells  avia-builder-el-22  el_after_av_layout_row  el_before_av_layout_row  grid-reverse grid-row-not-first  container_wrap fullsize'  >\n\n<style type=\"text\/css\" data-created_by=\"avia_inline_auto\" id=\"style-css-av-3jxlw4u-b7373a5e4ab77216709df0f9dda85eac\">\n.flex_cell.av-3jxlw4u-b7373a5e4ab77216709df0f9dda85eac{\nvertical-align:middle;\nheight:300px;\nmin-height:300px;\n}\n.responsive #top #wrap_all .flex_cell.av-3jxlw4u-b7373a5e4ab77216709df0f9dda85eac{\npadding:30px 30px 30px 30px !important;\n}\n<\/style>\n<div class='flex_cell av-3jxlw4u-b7373a5e4ab77216709df0f9dda85eac av-gridrow-cell av_one_half no_margin  avia-builder-el-23  el_before_av_cell_one_half  avia-builder-el-first  content-align-middle avia-full-stretch'  ><div class='flex_cell_inner'><section  class='av_textblock_section av-3i64fwe-95b276e56f79cbc536fe1cee3683e613 '   itemscope=\"itemscope\" itemtype=\"https:\/\/schema.org\/BlogPosting\" itemprop=\"blogPost\" ><div class='avia_textblock'  itemprop=\"text\" ><h3 style=\"text-align: center;\"><\/h3>\n<h3 style=\"text-align: center;\">DI 24. 03. \u2013 20 Uhr<\/h3>\n<h1 style=\"text-align: center;\">Jane Mumford (CH)<br \/>\nThomas Maurer (A)<br \/>\nJess Jochimsen (D)<\/h1>\n<h3 style=\"text-align: center;\">\u201eGipfeltreffen\u201c<\/h3>\n<h4 style=\"text-align: center;\">Ein deutsch-\u00f6sterreichisch-schweizerischer Satire-Abend \u00fcber erkl\u00e4rte Lieblingsfeinde!<\/h4>\n<h4 style=\"text-align: center;\">EIN EXKLUSIV-PROGRAMM DER MERANER KABARETT TAGE 2026<\/h4>\n<p><strong>An diesem Abend weitet sich der Blick auf die \u201eLage der Nation\u201c zu einem Panorama aus der 3-L\u00e4nder-Perspektive.<\/strong> Drei renommierte Kabarettist*innen zeigen Ausschnitte aus ihren aktuellen Programmen und wagen bei einem satirischen Gipfeltreffen den Blick \u00fcber den nationalen Tellerrand. Was l\u00e4uft schief in der Schweiz? Woran krankt Deutschland? Wo hakt es in \u00d6sterreich? Warum funktioniert im einen Land ausgerechnet das, was im anderen verboten ist? Warum schauen die einen auf die anderen herab, machen dort aber gerne Urlaub? Wieso verachten die anderen die einen, kaufen aber st\u00e4ndig dort ein? Und gibt es doch mehr Gemeinsamkeiten als den langweiligen \u201eTatort\u201c am Sonntagabend?<\/p>\n<p>Thomas Maurer \u00a0(Wien) erkl\u00e4rt, was die AFD von der FP\u00d6 lernen kann. Jane Mumford (Z\u00fcrich), schweizerisch-englische Kabarettistin, Musikerin und Autorin, verr\u00e4t, was in der Schweiz schiefl\u00e4uft, und der geb\u00fcrtige M\u00fcnchner Jess Jochimsen wird den Abend moderieren und die S\u00fcdtiroler Perspektive nicht vergessen. Schlie\u00dflich ist seine Mutter in Meran geboren und aufgewachsen. <a href=\"https:\/\/www.ticket.bz.it\/application.aspx?id=8989\" target=\"_blank\" rel=\"noopener\">TICKETS<\/a><\/p>\n<p><a href=\"https:\/\/www.youtube.com\/watch?v=FskJITBfjO8\">VIDEO Mumford<\/a> &#8211; <a href=\"https:\/\/www.youtube.com\/watch?v=ZfpnxbUTdNc\" target=\"_blank\" rel=\"noopener\">VIDEO Maurer<\/a> &#8211; <a href=\"https:\/\/www.youtube.com\/watch?v=vtdr282c1k4\" target=\"_blank\" rel=\"noopener\">VIDEO Jochimsen<\/a><\/p>\n<\/div><\/section>\n<\/div><\/div>\n<style type=\"text\/css\" data-created_by=\"avia_inline_auto\" id=\"style-css-av-3h00vpq-a1e779ce03950af40b6f51912e971dd8\">\n.flex_cell.av-3h00vpq-a1e779ce03950af40b6f51912e971dd8{\nvertical-align:middle;\nheight:300px;\nmin-height:300px;\nbackground:url(https:\/\/art.kallmuenz.it\/wp-content\/uploads\/2025\/10\/maurer-mumford-jochimsen2.jpg) 50% 50% no-repeat scroll ;\n}\n.responsive #top #wrap_all .flex_cell.av-3h00vpq-a1e779ce03950af40b6f51912e971dd8{\npadding:30px 30px 30px 30px !important;\n}\n<\/style>\n<div class='flex_cell av-3h00vpq-a1e779ce03950af40b6f51912e971dd8 av-gridrow-cell av_one_half no_margin  avia-builder-el-25  el_after_av_cell_one_half  avia-builder-el-last  content-align-middle avia-full-stretch'  ><div class='flex_cell_inner'><\/div><\/div>\n<\/div>\n<div id='frank'  class='av-layout-grid-container av-3elf626-b4dd3c4a588c70b89351e7ae7fdb55f5 entry-content-wrapper main_color av-border-top-bottom av-flex-cells  avia-builder-el-26  el_after_av_layout_row  el_before_av_layout_row  grid-row-not-first  container_wrap fullsize'  >\n\n<style type=\"text\/css\" data-created_by=\"avia_inline_auto\" id=\"style-css-av-3ddivmm-e1423fab84c097e8392c35dbc9708dab\">\n.flex_cell.av-3ddivmm-e1423fab84c097e8392c35dbc9708dab{\nvertical-align:middle;\nheight:300px;\nmin-height:300px;\nbackground:url(https:\/\/art.kallmuenz.it\/wp-content\/uploads\/2025\/10\/martin-frank.jpg) 50% 50% no-repeat scroll ;\n}\n.responsive #top #wrap_all .flex_cell.av-3ddivmm-e1423fab84c097e8392c35dbc9708dab{\npadding:30px 30px 30px 30px !important;\n}\n<\/style>\n<div class='flex_cell av-3ddivmm-e1423fab84c097e8392c35dbc9708dab av-gridrow-cell av_one_half no_margin  avia-builder-el-27  el_before_av_cell_one_half  avia-builder-el-first  content-align-middle avia-full-stretch'  ><div class='flex_cell_inner'><\/div><\/div>\n<style type=\"text\/css\" data-created_by=\"avia_inline_auto\" id=\"style-css-av-3cdzata-37a816277a007cde0d6a21c8c0317b9a\">\n.flex_cell.av-3cdzata-37a816277a007cde0d6a21c8c0317b9a{\nvertical-align:middle;\nheight:300px;\nmin-height:300px;\n}\n.responsive #top #wrap_all .flex_cell.av-3cdzata-37a816277a007cde0d6a21c8c0317b9a{\npadding:30px 30px 30px 30px !important;\n}\n<\/style>\n<div class='flex_cell av-3cdzata-37a816277a007cde0d6a21c8c0317b9a av-gridrow-cell av_one_half no_margin  avia-builder-el-28  el_after_av_cell_one_half  avia-builder-el-last  content-align-middle'  ><div class='flex_cell_inner'><section  class='av_textblock_section av-39u0wfi-84ccdbee15afc13e32709ca4b8274a60 '   itemscope=\"itemscope\" itemtype=\"https:\/\/schema.org\/BlogPosting\" itemprop=\"blogPost\" ><div class='avia_textblock'  itemprop=\"text\" ><h3 style=\"text-align: center;\"><\/h3>\n<h3 style=\"text-align: center;\">FR 27. 03. \u2013 20 Uhr<\/h3>\n<h1 style=\"text-align: center;\">Martin Frank (D)<\/h1>\n<h3 style=\"text-align: center;\">\u201eWahrscheinlich liegt\u2019s an mir\u201c<\/h3>\n<p><strong>Er hat die 30 erreicht und wei\u00df immer noch nicht, wohin die Reise geht.<\/strong> Martin Frank kann nicht einmal sagen, worum es in seinem Programm geht. Wer wei\u00df schon, was am n\u00e4chsten Tag ist. \u201eVielleicht l\u00e4stere ich heute \u00fcber Milchalternativen und bekomme morgen eine Laktoseunvertr\u00e4glichkeit attestiert. Oder ich klebe mich auf der Stra\u00dfe fest und gehe morgen mit meiner Mama auf Kreuzfahrt.\u201c Die einzige Frage, die Martin Frank aktuell wirklich brennend interessiert, ist, ob Mozart \u00fcberhaupt von den Kugeln wei\u00df?<\/p>\n<p>Sicher ist, Martin Frank singt eine italienische Arie, die viele im Publikum an eine Zangengeburt erinnern d\u00fcrfte. Aber er riskiert die Nummer, weil er der Meinung ist, \u201eentweder Sie k\u00f6nnen mich leiden und wir verbringen gemeinsam einen sch\u00f6nen Abend, oder Sie k\u00f6nnen mich eben nicht leiden und schicken mir Ihre Schwiegermutter.\u201c Wie man es dreht oder wendet, wahrscheinlich liegt\u2019s wirklich an ihm. <a href=\"https:\/\/www.ticket.bz.it\/application.aspx?id=8990\" target=\"_blank\" rel=\"noopener\">TICKETS<\/a><\/p>\n<p><a href=\"https:\/\/www.youtube.com\/watch?v=Hec_jBjqAFo\">VIDEO<\/a><\/p>\n<\/div><\/section>\n<\/div><\/div>\n<\/div>\n<div id='teubner'  class='av-layout-grid-container av-38bj3fi-6226bc1d51582c533ad23aee90ea1474 entry-content-wrapper main_color av-border-top-bottom av-flex-cells  avia-builder-el-30  el_after_av_layout_row  el_before_av_layout_row  grid-reverse grid-row-not-first  container_wrap fullsize'  >\n\n<style type=\"text\/css\" data-created_by=\"avia_inline_auto\" id=\"style-css-av-3763r5q-7c7ed34523ddd1016b0ea796823946bf\">\n.flex_cell.av-3763r5q-7c7ed34523ddd1016b0ea796823946bf{\nvertical-align:middle;\nheight:300px;\nmin-height:300px;\n}\n.responsive #top #wrap_all .flex_cell.av-3763r5q-7c7ed34523ddd1016b0ea796823946bf{\npadding:30px 30px 30px 30px !important;\n}\n<\/style>\n<div class='flex_cell av-3763r5q-7c7ed34523ddd1016b0ea796823946bf av-gridrow-cell av_one_half no_margin  avia-builder-el-31  el_before_av_cell_one_half  avia-builder-el-first  content-align-middle avia-full-stretch'  ><div class='flex_cell_inner'><section  class='av_textblock_section av-361zcpa-d9e2796703b42ec8b00f627b1bd77d42 '   itemscope=\"itemscope\" itemtype=\"https:\/\/schema.org\/BlogPosting\" itemprop=\"blogPost\" ><div class='avia_textblock'  itemprop=\"text\" ><h3 style=\"text-align: center;\"><\/h3>\n<h3 style=\"text-align: center;\">SO 29. 03. \u2013 18 Uhr<\/h3>\n<h1 style=\"text-align: center;\">Tina Teubner (D)<\/h1>\n<h3 style=\"text-align: center;\">\u201eWenn du mich verl\u00e4sst, komm ich mit\u201c<\/h3>\n<p><strong>Ist das nun ein Versprechen oder eine Drohung?<\/strong> Immer dann, wenn Tina Teubner auf die B\u00fchne kommt, ist sie nicht allein. Tina Teubners exzessive, emotionalen Ausbr\u00fcche sind nicht nur f\u00fcr all jene , die in einer festen Partnerschaft leben, ein Genuss, sondern auch f\u00fcr Suchende, die wissen m\u00f6chten, was sie erwartet.<\/p>\n<p>Die 59j\u00e4hrige verf\u00fcgt jedenfalls \u00fcber einen reichen Erfahrungsschatz in Sachen Paarbeziehung. Sie entdeckt im Drama die Komik und in der Komik das Abgr\u00fcndige, r\u00fcttelt ihr Publikum mit Liedern, Kabarett und Unfug wach. All das hat Tina Teubner mit und an ihrem Mann getestet und ist \u00fcberzeugt, dass sie nur deshalb mit Preisen \u00fcbersch\u00fcttet wurde. Um einige zu nennen: zweimal Deutscher Kleinkunstpreis, Deutscher Kabarettpreis und 2024 Salzburger Stier.\u00a0 Wenn Tina verspricht oder droht \u201cWenn du mich verl\u00e4sst komm ich mit\u201d, ver\u00e4ndert sich ein bisschen die Welt. Ben muss an sich arbeiten, und das Publikum darf dabei zuschauen.\u00a0<a href=\"https:\/\/www.ticket.bz.it\/application.aspx?id=8991\" target=\"_blank\" rel=\"noopener\">TICKETS<\/a><\/p>\n<p><a href=\"https:\/\/www.ardmediathek.de\/video\/ladies-night\/tina-teubner-oder-15-03-2025\/wdr\/Y3JpZDovL3dkci5kZS9CZWl0cmFnLXNvcGhvcmEtNWNhYmI0ZjUtNzNjNy00MWFlLThiOGEtZmVlZTY0MzBmNjlk\" target=\"_blank\" rel=\"noopener\">VIDEO<\/a><\/p>\n<\/div><\/section>\n<\/div><\/div>\n<style type=\"text\/css\" data-created_by=\"avia_inline_auto\" id=\"style-css-av-342wese-ca743749e2d91589b75d039847558d7e\">\n.flex_cell.av-342wese-ca743749e2d91589b75d039847558d7e{\nvertical-align:middle;\nheight:300px;\nmin-height:300px;\nbackground:url(https:\/\/art.kallmuenz.it\/wp-content\/uploads\/2025\/10\/teubner.jpg) 50% 50% no-repeat scroll ;\n}\n.responsive #top #wrap_all .flex_cell.av-342wese-ca743749e2d91589b75d039847558d7e{\npadding:30px 30px 30px 30px !important;\n}\n<\/style>\n<div class='flex_cell av-342wese-ca743749e2d91589b75d039847558d7e av-gridrow-cell av_one_half no_margin  avia-builder-el-33  el_after_av_cell_one_half  avia-builder-el-last  content-align-middle avia-full-stretch'  ><div class='flex_cell_inner'><\/div><\/div>\n<\/div>\n<div id='team'  class='av-layout-grid-container av-321x3ge-76a9523ad3b33083048ad2f875c6aebc entry-content-wrapper main_color av-border-top-bottom av-flex-cells  avia-builder-el-34  el_after_av_layout_row  el_before_av_hr  grid-row-not-first  container_wrap fullsize'  >\n\n<style type=\"text\/css\" data-created_by=\"avia_inline_auto\" id=\"style-css-av-ase6vi-7be21ea588e9b6220a0461b4434ecaa6\">\n.flex_cell.av-ase6vi-7be21ea588e9b6220a0461b4434ecaa6{\nvertical-align:middle;\nheight:450px;\nmin-height:450px;\nbackground:url(https:\/\/art.kallmuenz.it\/wp-content\/uploads\/2021\/09\/meraner-kabarett-tage_team-2021.jpg) 50% 50% no-repeat scroll ;\n}\n.responsive #top #wrap_all .flex_cell.av-ase6vi-7be21ea588e9b6220a0461b4434ecaa6{\npadding:30px 30px 30px 30px !important;\n}\n<\/style>\n<div class='flex_cell av-ase6vi-7be21ea588e9b6220a0461b4434ecaa6 av-gridrow-cell av_one_half no_margin  avia-builder-el-35  el_before_av_cell_one_half  avia-builder-el-first  content-align-middle avia-full-stretch'  ><div class='flex_cell_inner'><\/div><\/div>\n<style type=\"text\/css\" data-created_by=\"avia_inline_auto\" id=\"style-css-av-2yfuixa-a014a278bfb84b1f5535d61e911ef9ef\">\n.flex_cell.av-2yfuixa-a014a278bfb84b1f5535d61e911ef9ef{\nvertical-align:middle;\nheight:450px;\nmin-height:450px;\n}\n.responsive #top #wrap_all .flex_cell.av-2yfuixa-a014a278bfb84b1f5535d61e911ef9ef{\npadding:30px 30px 30px 30px !important;\n}\n<\/style>\n<div class='flex_cell av-2yfuixa-a014a278bfb84b1f5535d61e911ef9ef av-gridrow-cell av_one_half no_margin  avia-builder-el-36  el_after_av_cell_one_half  avia-builder-el-last  content-align-middle'  ><div class='flex_cell_inner'><section  class='av_textblock_section av-2xibe4u-ce51363398c744ab29f8b8cb959a54c2 '   itemscope=\"itemscope\" itemtype=\"https:\/\/schema.org\/BlogPosting\" itemprop=\"blogPost\" ><div class='avia_textblock'  itemprop=\"text\" ><h3 style=\"text-align: center;\"><\/h3>\n<h3 style=\"text-align: center;\">Das Team der Meraner Kabarett Tage<\/h3>\n<h1 style=\"text-align: center;\">Marion und die M\u00e4nner<\/h1>\n<p><span lang=\"DE-AT\">Jede\u00a0chaotische M\u00e4nnertruppe<\/span><span lang=\"DE-AT\">\u00a0<\/span><span lang=\"DE-AT\">braucht<\/span><span lang=\"DE-AT\">\u00a0<\/span><span lang=\"DE-AT\">eine Frau, die Ordnung<\/span><span lang=\"DE-AT\">\u00a0<\/span><span lang=\"DE-AT\">schafft. Anders ausgedr\u00fcckt<b>:<\/b><\/span><b><span lang=\"DE-AT\">\u00a0<\/span><\/b><b><span lang=\"DE-AT\">Meinhard, Robert<\/span><\/b><span lang=\"DE-AT\">\u00a0und<\/span><b><span lang=\"DE-AT\">\u00a0<\/span><\/b><b><span lang=\"DE-AT\">Roland<\/span><\/b><span lang=\"DE-AT\">\u00a0machen ihr M\u00f6glichstes, aber<\/span><b><span lang=\"DE-AT\">\u00a0<\/span><\/b><b><span lang=\"DE-AT\">Marion<\/span><\/b><span lang=\"DE-AT\">\u00a0macht\u2019s m\u00f6glich.<\/span><span lang=\"DE-AT\">\u00a0<\/span><span lang=\"DE-AT\">Das Ergebnis sehen Sie, unser Publikum, im M\u00e4rz in Meran.<\/span><\/p>\n<p>(v. l.)\u00a0Robert Asam, Marion Th\u00f6ni, Meinhard Khuen\u00a0und Roland Klotz<\/p>\n<\/div><\/section>\n<\/div><\/div>\n<\/div><div id='after_grid_row_7'  class='main_color av_default_container_wrap container_wrap fullsize'  ><div class='container av-section-cont-open' ><div class='template-page content  av-content-full alpha units'><div class='post-entry post-entry-type-page post-entry-3136'><div class='entry-content-wrapper clearfix'>\n\n<style type=\"text\/css\" data-created_by=\"avia_inline_auto\" id=\"style-css-av-2vweru6-357c125c4d30d5d3a1978d1b6be50da1\">\n#top .hr.hr-invisible.av-2vweru6-357c125c4d30d5d3a1978d1b6be50da1{\nheight:50px;\n}\n<\/style>\n<div  class='hr av-2vweru6-357c125c4d30d5d3a1978d1b6be50da1 hr-invisible  avia-builder-el-38  el_after_av_layout_row  el_before_av_one_full  avia-builder-el-first '><span class='hr-inner '><span class=\"hr-inner-style\"><\/span><\/span><\/div>\n\n<style type=\"text\/css\" data-created_by=\"avia_inline_auto\" id=\"style-css-av-2t35spa-fd48cfe5e98bddeb748e2dac51b8524a\">\n.flex_column.av-2t35spa-fd48cfe5e98bddeb748e2dac51b8524a{\nborder-width:3px;\nborder-style:solid;\npadding:30px 30px 30px 30px;\n}\n<\/style>\n<div  id=\"foerderkreis-meraner-kabarett-tage\"  class='flex_column av-2t35spa-fd48cfe5e98bddeb748e2dac51b8524a av_one_full  avia-builder-el-39  el_after_av_hr  el_before_av_hr  first flex_column_div  '     ><p>\n<style type=\"text\/css\" data-created_by=\"avia_inline_auto\" id=\"style-css-av-2s5t3e6-0718d8be259749eeaf096da654c5365c\">\n#top .av-special-heading.av-2s5t3e6-0718d8be259749eeaf096da654c5365c{\npadding-bottom:10px;\n}\nbody .av-special-heading.av-2s5t3e6-0718d8be259749eeaf096da654c5365c .av-special-heading-tag .heading-char{\nfont-size:25px;\n}\n.av-special-heading.av-2s5t3e6-0718d8be259749eeaf096da654c5365c .av-subheading{\nfont-size:15px;\n}\n<\/style>\n<div  class='av-special-heading av-2s5t3e6-0718d8be259749eeaf096da654c5365c av-special-heading-h3 blockquote modern-quote modern-centered  avia-builder-el-40  el_before_av_textblock  avia-builder-el-first '><h3 class='av-special-heading-tag '  itemprop=\"headline\"  >KULTUR F\u00d6RDERN, UNTERST\u00dcTZEN, GENIESSEN<\/h3><div class='av-subheading av-subheading_below'><p>Werden auch Sie Mitglied im F\u00f6rderkreis Meraner Kabarett Tage<\/p>\n<\/div><div class=\"special-heading-border\"><div class=\"special-heading-inner-border\"><\/div><\/div><\/div><br \/>\n\n<style type=\"text\/css\" data-created_by=\"avia_inline_auto\" id=\"style-css-av-2qrb3v2-ee6fcce92e11e5314e2ab70181a67948\">\n#top .av_textblock_section.av-2qrb3v2-ee6fcce92e11e5314e2ab70181a67948 .avia_textblock{\nfont-size:16px;\n}\n<\/style>\n<section  class='av_textblock_section av-2qrb3v2-ee6fcce92e11e5314e2ab70181a67948 '   itemscope=\"itemscope\" itemtype=\"https:\/\/schema.org\/BlogPosting\" itemprop=\"blogPost\" ><div class='avia_textblock'  itemprop=\"text\" ><p>Liebe Kabarett-Freunde,<\/p>\n<p>die MERANER KABARETT TAGE sind ein ehrenamtliches Projekt im Kunstverein Kallm\u00fcnz. Unsere Partner aus der Welt der Wirtschaft und der Zuspruch des Publikums machen diese Kulturveranstaltung m\u00f6glich.<\/p>\n<p>Vor vier Jahren haben wir den F\u00d6RDERKREIS MERANER KABARETT TAGE und damit ein zus\u00e4tzliches finanzielles Standbein ins Leben gerufen. Der Erfolg der F\u00f6rderkreis-Aktion ist f\u00fcr uns gleicherma\u00dfen Ansporn und Anerkennung. Es macht einfach Freude, wenn private G\u00f6nner unser Kulturprojekt sch\u00e4tzen.<\/p>\n<p>Die MERANER KABARETT TAGE f\u00fcllen eine L\u00fccke im Kulturbetrieb der Stadt Meran Auch 2026 laden wir nach dem Vorbild des Radiokabarettpreises \u201eSalzburger Stier\u201c Kabarettist\/innen aus Deutschland, der Schweiz und \u00d6sterreich ein. Diese Auswahl erm\u00f6glicht unserem Publikum nicht nur einen spannenden Vergleich, welche Entwicklung das Kabarett im deutschsprachigen Raum nimmt, sondern gew\u00e4hrleistet Abwechslung in Inhalt und Ausdruck.<\/p>\n<p><strong>2026 kehren die Kabaretttage ins Stadttheater zur\u00fcck, und zwar vom 12. bis 29. M\u00e4rz. Der genannte Radiokabarettpreis kehrt 2026 nach 2005 und 2019 zum 3. Mal nach Meran zur\u00fcck. Termin ist der 22. und 23. Mai.<\/strong> Die nachfolgend genannten Vorteile f\u00fcr F\u00f6rderkreismitglieder gelten im kommenden Fr\u00fchjahr f\u00fcr beide Kabarett-H\u00f6hepunkte, also die MERANER KABARETT TAGE und den Internationalen Radiokabarettpreis SALZBURGER STIER.<\/p>\n<p>Der F\u00f6rderkreis-Mitgliedsbeitrag betr\u00e4gt 100 \u20ac.<\/p>\n<p><strong>Ihre Vorteile:<\/strong><\/p>\n<ul>\n<li>Sie k\u00f6nnen uns Ihre Kartenw\u00fcnsche vor Beginn des Vorverkaufs mitteilen, und zwar mit einer E-Mail an mkt@kallmuenz.it<\/li>\n<li>Sie erhalten von uns per E-Mail den Saal-Plan des Stadttheaters und des Kurhauses zugeschickt, so dass Sie Ihre Lieblingspl\u00e4tze reservieren k\u00f6nnen.<\/li>\n<li>Sie w\u00e4hlen die Art der Bezahlung selbst, mittels \u00dcberweisung oder Barzahlung an der Abendkasse.<\/li>\n<li>Als kleines Dankesch\u00f6n gew\u00e4hren wir auf 2 Karten pro Auff\u00fchrung einen Rabatt von jeweils 5 \u20ac.<\/li>\n<\/ul>\n<p><strong>Nachfolgend finden Sie das <a href=\"#foerderkreis\">Mitgliedsformular<\/a> zum Ausf\u00fcllen.<\/strong><\/p>\n<p>Wir w\u00fcnschen Ihnen viel Spa\u00df und vergn\u00fcgliche Abende.<br \/>\nDas Team der MERANER KABARETT TAGE<br \/>\nMeinhard Khuen \u2013 Marion Th\u00f6ni \u2013 Robert Asam \u2013 Roland Klotz<\/p>\n<p>WIR DANKEN UNSEREN PARTNERN UND UNTERST\u00dcTZERN<\/p>\n<\/div><\/section><br \/>\n\n<style type=\"text\/css\" data-created_by=\"avia_inline_auto\" id=\"style-css-av-2ozrq6m-858055eb366647bd630f1d13dfe7f36d\">\n#top .hr.hr-invisible.av-2ozrq6m-858055eb366647bd630f1d13dfe7f36d{\nheight:20px;\n}\n<\/style>\n<div  class='hr av-2ozrq6m-858055eb366647bd630f1d13dfe7f36d hr-invisible  avia-builder-el-42  el_after_av_textblock  el_before_av_contact '><span class='hr-inner '><span class=\"hr-inner-style\"><\/span><\/span><\/div><br \/>\n<form action=\"https:\/\/art.kallmuenz.it\/it\/meraner-kabarett-tage-2026\/\" method=\"post\" data-fields-with-error=\"Found errors in the following field(s):\" class=\"avia_ajax_form av-form-labels-hidden   avia-builder-el-43  el_after_av_hr  el_before_av_textblock   \" data-avia-form-id=\"1\" data-avia-redirect=''  id=\"foerderkreis\" ><h3 class=''>F\u00f6rderkreis Meraner Kabarett Tage - Beitrittsanfrage<\/h3><fieldset><p class='  first_form  form_element form_element_half' id='element_avia_1_1'><label for=\"avia_1_1\">Nachname <abbr class=\"required\" title=\"richiesto\">*<\/abbr><\/label> <input name=\"avia_1_1\" class=\"text_input is_empty\" type=\"text\" id=\"avia_1_1\" value=\"\"  placeholder='Nachname*'\/><\/p><p class='  form_element form_element_half' id='element_avia_2_1'><label for=\"avia_2_1\">Name <abbr class=\"required\" title=\"richiesto\">*<\/abbr><\/label> <input name=\"avia_2_1\" class=\"text_input is_empty\" type=\"text\" id=\"avia_2_1\" value=\"\"  placeholder='Name*'\/><\/p><p class='  first_form  form_element form_element_third' id='element_avia_3_1'><label for=\"avia_3_1\">Steuer-Nr. <abbr class=\"required\" title=\"richiesto\">*<\/abbr><\/label> <input name=\"avia_3_1\" class=\"text_input is_empty\" type=\"text\" id=\"avia_3_1\" value=\"\"  placeholder='Steuer-Nr.*'\/><\/p><p class='  form_element form_element_third' id='element_avia_4_1'><label for=\"avia_4_1\">Email <abbr class=\"required\" title=\"richiesto\">*<\/abbr><\/label> <input name=\"avia_4_1\" class=\"text_input is_email\" type=\"text\" id=\"avia_4_1\" value=\"\"  placeholder='Email*'\/><\/p><p class='  form_element form_element_third' id='element_avia_5_1'><label for=\"avia_5_1\">Tel. <abbr class=\"required\" title=\"richiesto\">*<\/abbr><\/label> <input name=\"avia_5_1\" class=\"text_input is_phone\" type=\"text\" id=\"avia_5_1\" value=\"\"  placeholder='Tel.*'\/><\/p><p class='  first_form  form_element form_element_half' id='element_avia_6_1'><label for=\"avia_6_1\">Geburtsort <abbr class=\"required\" title=\"richiesto\">*<\/abbr><\/label> <input name=\"avia_6_1\" class=\"text_input is_empty\" type=\"text\" id=\"avia_6_1\" value=\"\"  placeholder='Geburtsort*'\/><\/p><p class='  form_element form_element_half' id='element_avia_7_1'><label for=\"avia_7_1\">Geburtsdatum <abbr class=\"required\" title=\"richiesto\">*<\/abbr><\/label> <input name=\"avia_7_1\" class=\"text_input is_empty\" type=\"text\" id=\"avia_7_1\" value=\"\"  placeholder='Geburtsdatum*'\/><\/p><p class='  first_form  form_element form_element_half' id='element_avia_8_1'><label for=\"avia_8_1\">Adresse <abbr class=\"required\" title=\"richiesto\">*<\/abbr><\/label> <input name=\"avia_8_1\" class=\"text_input is_empty\" type=\"text\" id=\"avia_8_1\" value=\"\"  placeholder='Adresse*'\/><\/p><p class='  form_element form_element_half' id='element_avia_9_1'><label for=\"avia_9_1\">PLZ \/ Wohnort <abbr class=\"required\" title=\"richiesto\">*<\/abbr><\/label> <input name=\"avia_9_1\" class=\"text_input is_empty\" type=\"text\" id=\"avia_9_1\" value=\"\"  placeholder='PLZ \/ Wohnort*'\/><\/p><p class='  first_form  form_element form_fullwidth' id='element_avia_10_1'><input checked=\"checked\" name=\"avia_10_1\" class=\"input_checkbox \" type=\"checkbox\" id=\"avia_10_1\" value=\"true\"\/><label class=\"input_checkbox_label\" for=\"avia_10_1\">Ich stimme einer eventuellen Ver\u00f6ffentlichung meines Namens als F\u00f6rderer zu<\/label><\/p><p class=\"hidden\"><input type=\"text\" name=\"avia_11_1\" class=\"hidden \" id=\"avia_11_1\" value=\"\" \/><\/p><div id='avia_12_1' class='av-recaptcha-area  first_form  form_element form_fullwidth av-last-visible-form-element '  data-container_class=\"\" data-custom_class=\"\" data-context=\"av_contact_form\" data-token_input=\"av_recaptcha_token\" data-version=\"avia_recaptcha_v3\" data-theme=\"light\" data-size=\"normal\" data-score=\"0.5\" data-text_to_preview=\"\" data-value=\"\"><div class=\"av-google-badge-message hidden\">This site is protected by reCAPTCHA and the Google <a href=\"https:\/\/policies.google.com\/privacy\" target=\"_blank\" rel=\"noopener noreferrer\">Privacy Policy<\/a> and <a href=\"https:\/\/policies.google.com\/terms\" target=\"_blank\" rel=\"noopener noreferrer\">Terms of Service<\/a> apply.<\/div><\/div><p class=' av_form_privacy_check av_contact_privacy_check first_form  form_element form_fullwidth' id='element_avia_13_1'><input  name=\"avia_13_1\" class=\"input_checkbox is_empty\" type=\"checkbox\" id=\"avia_13_1\" value=\"true\"\/><label class=\"input_checkbox_label\" for=\"avia_13_1\">Ho letto e compreso <a href=\"https:\/\/art.kallmuenz.it\/it\/privacy-policy\/\" target=\"_blank\" rel=\"noopener\">l'informativa<\/a> in relazione al trattamento dei miei dati <abbr class=\"required\" title=\"richiesto\">*<\/abbr><\/label><\/p><p class=\"form_element \"><input type=\"hidden\" value=\"1\" name=\"avia_generated_form1\" \/><input type=\"submit\" value=\"Senden\" class=\"button\"  data-sending-label=\"Invio\"\/><\/p><\/fieldset><div class=\"avia-disabled-form\">This contact form is deactivated because you refused to accept Google reCaptcha service which is necessary to validate any messages sent by the form.<\/div><\/form><div id=\"ajaxresponse_1\" class=\"ajaxresponse ajaxresponse_1 hidden\"><\/div><br \/>\n\n<style type=\"text\/css\" data-created_by=\"avia_inline_auto\" id=\"style-css-av-24d6m7i-6dd3f23194b59567a7851ba7c18b8c70\">\n#top .av_textblock_section.av-24d6m7i-6dd3f23194b59567a7851ba7c18b8c70 .avia_textblock{\nfont-size:16px;\n}\n<\/style>\n<section  class='av_textblock_section av-24d6m7i-6dd3f23194b59567a7851ba7c18b8c70 '   itemscope=\"itemscope\" itemtype=\"https:\/\/schema.org\/BlogPosting\" itemprop=\"blogPost\" ><div class='avia_textblock'  itemprop=\"text\" ><p>Bitte \u00fcberweisen Sie den Betrag von 100,- \u20ac auf unser K\/K bei der Raiffeisen Meran<\/p>\n<p>IT49J0813358593000304204832<\/p>\n<p>Wir ben\u00f6tigen Ihre Steuernummer, wenn Sie eine ordnungsgem\u00e4\u00dfe Quittung auf Ihren Namen ben\u00f6tigen.<\/p>\n<p><a href=\"https:\/\/art.kallmuenz.it\/datenschutz\/\" target=\"_blank\" rel=\"noopener\">Hier finden Sie Hinweise zum Datenschutz<\/a>.<\/p>\n<\/div><\/section><\/p><\/div>\n\n<style type=\"text\/css\" data-created_by=\"avia_inline_auto\" id=\"style-css-av-23x4cb2-bffcb2756b88b4fd8fd0262475bdd73f\">\n#top .hr.hr-invisible.av-23x4cb2-bffcb2756b88b4fd8fd0262475bdd73f{\nheight:80px;\n}\n<\/style>\n<div  class='hr av-23x4cb2-bffcb2756b88b4fd8fd0262475bdd73f hr-invisible  avia-builder-el-45  el_after_av_one_full  el_before_av_textblock '><span class='hr-inner '><span class=\"hr-inner-style\"><\/span><\/span><\/div>\n<section  class='av_textblock_section av-7f9jum-3fb5dc921b91e9a624dbc4bbf7dc2a1e '   itemscope=\"itemscope\" itemtype=\"https:\/\/schema.org\/BlogPosting\" itemprop=\"blogPost\" ><div class='avia_textblock'  itemprop=\"text\" ><h3 style=\"text-align: center;\"><\/h3>\n<h3 style=\"text-align: center;\">WIR DANKEN unseren Partnern und Unterst\u00fctzern<\/h3>\n<\/div><\/section>\n<div class='flex_column_table av-1xpz2ry-34c3950054d2b7cfff264255e52270ca sc-av_one_third av-equal-height-column-flextable'><div  class='flex_column av-1xpz2ry-34c3950054d2b7cfff264255e52270ca av_one_third  avia-builder-el-47  el_after_av_textblock  el_before_av_one_third  first flex_column_table_cell av-equal-height-column av-align-middle  column-top-margin'     ><style type=\"text\/css\" data-created_by=\"avia_inline_auto\" id=\"style-css-av-1wftc8u-89b19645373fcca6da790779165b9d5e\">\n.avia-image-container.av-1wftc8u-89b19645373fcca6da790779165b9d5e img.avia_image{\nbox-shadow:none;\n}\n.avia-image-container.av-1wftc8u-89b19645373fcca6da790779165b9d5e .av-image-caption-overlay-center{\ncolor:#ffffff;\n}\n<\/style>\n<div  class='avia-image-container av-1wftc8u-89b19645373fcca6da790779165b9d5e av-styling- av-img-linked avia-align-center  avia-builder-el-48  avia-builder-el-no-sibling '   itemprop=\"image\" itemscope=\"itemscope\" itemtype=\"https:\/\/schema.org\/ImageObject\" ><div class=\"avia-image-container-inner\"><div class=\"avia-image-overlay-wrap\"><a href=\"https:\/\/www.raiffeisen.it\/de\/meran\/\" class='avia_image '  target=\"_blank\"  rel=\"noopener noreferrer\" aria-label='kunstverein-kallmuenz_hauptsponsor-raiffeisenkasse'><img decoding=\"async\" fetchpriority=\"high\" class='wp-image-3066 avia-img-lazy-loading-not-3066 avia_image ' src=\"https:\/\/art.kallmuenz.it\/wp-content\/uploads\/2024\/12\/kunstverein-kallmuenz_hauptsponsor-raiffeisenkasse.png\" alt='' title='kunstverein-kallmuenz_hauptsponsor-raiffeisenkasse'  height=\"500\" width=\"1030\"  itemprop=\"thumbnailUrl\" srcset=\"https:\/\/art.kallmuenz.it\/wp-content\/uploads\/2024\/12\/kunstverein-kallmuenz_hauptsponsor-raiffeisenkasse.png 1030w, https:\/\/art.kallmuenz.it\/wp-content\/uploads\/2024\/12\/kunstverein-kallmuenz_hauptsponsor-raiffeisenkasse-300x146.png 300w, https:\/\/art.kallmuenz.it\/wp-content\/uploads\/2024\/12\/kunstverein-kallmuenz_hauptsponsor-raiffeisenkasse-768x373.png 768w, https:\/\/art.kallmuenz.it\/wp-content\/uploads\/2024\/12\/kunstverein-kallmuenz_hauptsponsor-raiffeisenkasse-705x342.png 705w\" sizes=\"(max-width: 1030px) 100vw, 1030px\" \/><\/a><\/div><\/div><\/div><\/div>\n<div class='av-flex-placeholder'><\/div><div  class='flex_column av-bj0ny-e909a5e1e6e70fd741a59ea7833dc54b av_one_third  avia-builder-el-49  el_after_av_one_third  el_before_av_one_third  flex_column_table_cell av-equal-height-column av-align-middle  column-top-margin'     ><style type=\"text\/css\" data-created_by=\"avia_inline_auto\" id=\"style-css-av-mhnlhiun-5d3593a5775cedea72dcbcfdae0d62c6\">\n.avia-image-container.av-mhnlhiun-5d3593a5775cedea72dcbcfdae0d62c6 img.avia_image{\nbox-shadow:none;\n}\n.avia-image-container.av-mhnlhiun-5d3593a5775cedea72dcbcfdae0d62c6 .av-image-caption-overlay-center{\ncolor:#ffffff;\n}\n<\/style>\n<div  class='avia-image-container av-mhnlhiun-5d3593a5775cedea72dcbcfdae0d62c6 av-styling- av-img-linked avia-align-center  avia-builder-el-50  avia-builder-el-no-sibling '   itemprop=\"image\" itemscope=\"itemscope\" itemtype=\"https:\/\/schema.org\/ImageObject\" ><div class=\"avia-image-container-inner\"><div class=\"avia-image-overlay-wrap\"><a href=\"https:\/\/www.schweitzergroup.com\/\" class='avia_image '  target=\"_blank\"  rel=\"noopener noreferrer\" aria-label='kunstverein-kallmuenz_schweitzer'><img decoding=\"async\" fetchpriority=\"high\" class='wp-image-3198 avia-img-lazy-loading-not-3198 avia_image ' src=\"https:\/\/art.kallmuenz.it\/wp-content\/uploads\/2025\/10\/kunstverein-kallmuenz_schweitzer.png\" alt='' title='kunstverein-kallmuenz_schweitzer'  height=\"687\" width=\"1030\"  itemprop=\"thumbnailUrl\" srcset=\"https:\/\/art.kallmuenz.it\/wp-content\/uploads\/2025\/10\/kunstverein-kallmuenz_schweitzer.png 1030w, https:\/\/art.kallmuenz.it\/wp-content\/uploads\/2025\/10\/kunstverein-kallmuenz_schweitzer-300x200.png 300w, https:\/\/art.kallmuenz.it\/wp-content\/uploads\/2025\/10\/kunstverein-kallmuenz_schweitzer-768x512.png 768w, https:\/\/art.kallmuenz.it\/wp-content\/uploads\/2025\/10\/kunstverein-kallmuenz_schweitzer-705x470.png 705w\" sizes=\"(max-width: 1030px) 100vw, 1030px\" \/><\/a><\/div><\/div><\/div><\/div>\n<div class='av-flex-placeholder'><\/div><div  class='flex_column av-1v2jpxq-29a4ea2914f936d3ba3fcb656f17218c av_one_third  avia-builder-el-51  el_after_av_one_third  el_before_av_one_third  flex_column_table_cell av-equal-height-column av-align-middle  column-top-margin'     ><\/div><\/div><!--close column table wrapper. Autoclose: 1 -->\n<div  class='flex_column av-1tg9lj2-3e6b66df9f4ee5e081a6d7d9e14a94fc av_one_third  avia-builder-el-52  el_after_av_one_third  el_before_av_one_third  first flex_column_div  column-top-margin'     ><style type=\"text\/css\" data-created_by=\"avia_inline_auto\" id=\"style-css-av-1rnr2f2-66719f42b07276a786d30170b0eea544\">\n.avia-image-container.av-1rnr2f2-66719f42b07276a786d30170b0eea544 img.avia_image{\nbox-shadow:none;\n}\n.avia-image-container.av-1rnr2f2-66719f42b07276a786d30170b0eea544 .av-image-caption-overlay-center{\ncolor:#ffffff;\n}\n<\/style>\n<div  class='avia-image-container av-1rnr2f2-66719f42b07276a786d30170b0eea544 av-styling- av-img-linked avia-align-center  avia-builder-el-53  avia-builder-el-no-sibling '   itemprop=\"image\" itemscope=\"itemscope\" itemtype=\"https:\/\/schema.org\/ImageObject\" ><div class=\"avia-image-container-inner\"><div class=\"avia-image-overlay-wrap\"><a href=\"https:\/\/www.drschaer.com\/\" class='avia_image '  target=\"_blank\"  rel=\"noopener noreferrer\" aria-label='kunstverein-kallmuenz_hauptsponsor-dr-schaer'><img decoding=\"async\" fetchpriority=\"high\" class='wp-image-1758 avia-img-lazy-loading-not-1758 avia_image ' src=\"https:\/\/art.kallmuenz.it\/wp-content\/uploads\/2019\/12\/kunstverein-kallmuenz_hauptsponsor-dr-schaer.jpg\" alt='' title='kunstverein-kallmuenz_hauptsponsor-dr-schaer'  height=\"687\" width=\"1030\"  itemprop=\"thumbnailUrl\" srcset=\"https:\/\/art.kallmuenz.it\/wp-content\/uploads\/2019\/12\/kunstverein-kallmuenz_hauptsponsor-dr-schaer.jpg 1030w, https:\/\/art.kallmuenz.it\/wp-content\/uploads\/2019\/12\/kunstverein-kallmuenz_hauptsponsor-dr-schaer-300x200.jpg 300w, https:\/\/art.kallmuenz.it\/wp-content\/uploads\/2019\/12\/kunstverein-kallmuenz_hauptsponsor-dr-schaer-768x512.jpg 768w, https:\/\/art.kallmuenz.it\/wp-content\/uploads\/2019\/12\/kunstverein-kallmuenz_hauptsponsor-dr-schaer-705x470.jpg 705w\" sizes=\"(max-width: 1030px) 100vw, 1030px\" \/><\/a><\/div><\/div><\/div><\/div>\n<div  class='flex_column av-65tyoe-20ceb5999057d8dd4018e12e0e323e6f av_one_third  avia-builder-el-54  el_after_av_one_third  el_before_av_one_third  flex_column_div  column-top-margin'     ><style type=\"text\/css\" data-created_by=\"avia_inline_auto\" id=\"style-css-av-1nqq4cu-38885f22655777f3bfb293cb4e4add5f\">\n.avia-image-container.av-1nqq4cu-38885f22655777f3bfb293cb4e4add5f img.avia_image{\nbox-shadow:none;\n}\n.avia-image-container.av-1nqq4cu-38885f22655777f3bfb293cb4e4add5f .av-image-caption-overlay-center{\ncolor:#ffffff;\n}\n<\/style>\n<div  class='avia-image-container av-1nqq4cu-38885f22655777f3bfb293cb4e4add5f av-styling- av-img-linked avia-align-center  avia-builder-el-55  avia-builder-el-no-sibling '   itemprop=\"image\" itemscope=\"itemscope\" itemtype=\"https:\/\/schema.org\/ImageObject\" ><div class=\"avia-image-container-inner\"><div class=\"avia-image-overlay-wrap\"><a href=\"https:\/\/stiftungsparkasse.it\/D_Home.Asp\" class='avia_image '  target=\"_blank\"  rel=\"noopener noreferrer\" aria-label='sparkasse-2025'><img decoding=\"async\" fetchpriority=\"high\" class='wp-image-3054 avia-img-lazy-loading-not-3054 avia_image ' src=\"https:\/\/art.kallmuenz.it\/wp-content\/uploads\/2024\/12\/sparkasse-2025.png\" alt='' title='sparkasse-2025'  height=\"687\" width=\"1030\"  itemprop=\"thumbnailUrl\" srcset=\"https:\/\/art.kallmuenz.it\/wp-content\/uploads\/2024\/12\/sparkasse-2025.png 1030w, https:\/\/art.kallmuenz.it\/wp-content\/uploads\/2024\/12\/sparkasse-2025-300x200.png 300w, https:\/\/art.kallmuenz.it\/wp-content\/uploads\/2024\/12\/sparkasse-2025-768x512.png 768w, https:\/\/art.kallmuenz.it\/wp-content\/uploads\/2024\/12\/sparkasse-2025-705x470.png 705w\" sizes=\"(max-width: 1030px) 100vw, 1030px\" \/><\/a><\/div><\/div><\/div><\/div>\n<div  class='flex_column av-1mkdrta-f0c4513678fa8a93856730bc66f902b4 av_one_third  avia-builder-el-56  el_after_av_one_third  el_before_av_hr  flex_column_div  column-top-margin'     ><style type=\"text\/css\" data-created_by=\"avia_inline_auto\" id=\"style-css-av-1kwva6m-a873e73ab3412abecf88bba2ad627aa3\">\n.avia-image-container.av-1kwva6m-a873e73ab3412abecf88bba2ad627aa3 img.avia_image{\nbox-shadow:none;\n}\n.avia-image-container.av-1kwva6m-a873e73ab3412abecf88bba2ad627aa3 .av-image-caption-overlay-center{\ncolor:#ffffff;\n}\n<\/style>\n<div  class='avia-image-container av-1kwva6m-a873e73ab3412abecf88bba2ad627aa3 av-styling- av-img-linked avia-align-center  avia-builder-el-57  avia-builder-el-no-sibling '   itemprop=\"image\" itemscope=\"itemscope\" itemtype=\"https:\/\/schema.org\/ImageObject\" ><div class=\"avia-image-container-inner\"><div class=\"avia-image-overlay-wrap\"><a href=\"https:\/\/konverto.eu\/\" class='avia_image '  target=\"_blank\"  rel=\"noopener noreferrer\" aria-label='kunsterverein-kallmuenz_konverto-logo-gr'><img decoding=\"async\" fetchpriority=\"high\" class='wp-image-2408 avia-img-lazy-loading-not-2408 avia_image ' src=\"https:\/\/art.kallmuenz.it\/wp-content\/uploads\/2021\/09\/kunsterverein-kallmuenz_konverto-logo-gr.png\" alt='' title='kunsterverein-kallmuenz_konverto-logo-gr'  height=\"687\" width=\"1030\"  itemprop=\"thumbnailUrl\" srcset=\"https:\/\/art.kallmuenz.it\/wp-content\/uploads\/2021\/09\/kunsterverein-kallmuenz_konverto-logo-gr.png 1030w, https:\/\/art.kallmuenz.it\/wp-content\/uploads\/2021\/09\/kunsterverein-kallmuenz_konverto-logo-gr-300x200.png 300w, https:\/\/art.kallmuenz.it\/wp-content\/uploads\/2021\/09\/kunsterverein-kallmuenz_konverto-logo-gr-768x512.png 768w, https:\/\/art.kallmuenz.it\/wp-content\/uploads\/2021\/09\/kunsterverein-kallmuenz_konverto-logo-gr-705x470.png 705w\" sizes=\"(max-width: 1030px) 100vw, 1030px\" \/><\/a><\/div><\/div><\/div><\/div>\n\n<style type=\"text\/css\" data-created_by=\"avia_inline_auto\" id=\"style-css-av-1jbdvq6-c0ca339ba8d475a1dfeb149e406657a9\">\n#top .hr.hr-invisible.av-1jbdvq6-c0ca339ba8d475a1dfeb149e406657a9{\nmargin-top:-75px;\nheight:1px;\n}\n<\/style>\n<div  class='hr av-1jbdvq6-c0ca339ba8d475a1dfeb149e406657a9 hr-invisible  avia-builder-el-58  el_after_av_one_third  el_before_av_one_fourth '><span class='hr-inner '><span class=\"hr-inner-style\"><\/span><\/span><\/div>\n<div  class='flex_column av-1ejgysu-226e88c1889bd0621f439e638da8f6a4 av_one_fourth  avia-builder-el-59  el_after_av_hr  el_before_av_one_fourth  first flex_column_div  '     ><style type=\"text\/css\" data-created_by=\"avia_inline_auto\" id=\"style-css-av-1d6r2da-e1d350f46ad1a7fc45cfd9c91c440692\">\n.avia-image-container.av-1d6r2da-e1d350f46ad1a7fc45cfd9c91c440692 img.avia_image{\nbox-shadow:none;\n}\n.avia-image-container.av-1d6r2da-e1d350f46ad1a7fc45cfd9c91c440692 .av-image-caption-overlay-center{\ncolor:#ffffff;\n}\n<\/style>\n<div  class='avia-image-container av-1d6r2da-e1d350f46ad1a7fc45cfd9c91c440692 av-styling- av-img-linked avia-align-center  avia-builder-el-60  avia-builder-el-no-sibling '   itemprop=\"image\" itemscope=\"itemscope\" itemtype=\"https:\/\/schema.org\/ImageObject\" ><div class=\"avia-image-container-inner\"><div class=\"avia-image-overlay-wrap\"><a href=\"http:\/\/www.innerhofer.it\/\" class='avia_image '  target=\"_blank\"  rel=\"noopener noreferrer\" aria-label='kunstverein-kallmuenz_sponsoren-2024_innerhofer'><img decoding=\"async\" fetchpriority=\"high\" class='wp-image-2800 avia-img-lazy-loading-not-2800 avia_image ' src=\"https:\/\/art.kallmuenz.it\/wp-content\/uploads\/2023\/11\/kunstverein-kallmuenz_sponsoren-2024_innerhofer.png\" alt='' title='kunstverein-kallmuenz_sponsoren-2024_innerhofer'  height=\"687\" width=\"1030\"  itemprop=\"thumbnailUrl\" srcset=\"https:\/\/art.kallmuenz.it\/wp-content\/uploads\/2023\/11\/kunstverein-kallmuenz_sponsoren-2024_innerhofer.png 1030w, https:\/\/art.kallmuenz.it\/wp-content\/uploads\/2023\/11\/kunstverein-kallmuenz_sponsoren-2024_innerhofer-300x200.png 300w, https:\/\/art.kallmuenz.it\/wp-content\/uploads\/2023\/11\/kunstverein-kallmuenz_sponsoren-2024_innerhofer-768x512.png 768w, https:\/\/art.kallmuenz.it\/wp-content\/uploads\/2023\/11\/kunstverein-kallmuenz_sponsoren-2024_innerhofer-705x470.png 705w\" sizes=\"(max-width: 1030px) 100vw, 1030px\" \/><\/a><\/div><\/div><\/div><\/div>\n<div  class='flex_column av-1bnmr6m-e5555e355ecc3e036ad642157b2fb071 av_one_fourth  avia-builder-el-61  el_after_av_one_fourth  el_before_av_one_fourth  flex_column_div  '     ><style type=\"text\/css\" data-created_by=\"avia_inline_auto\" id=\"style-css-av-1a8xhb2-bfaa17a180ef464fd68daa84b044f3ee\">\n.avia-image-container.av-1a8xhb2-bfaa17a180ef464fd68daa84b044f3ee img.avia_image{\nbox-shadow:none;\n}\n.avia-image-container.av-1a8xhb2-bfaa17a180ef464fd68daa84b044f3ee .av-image-caption-overlay-center{\ncolor:#ffffff;\n}\n<\/style>\n<div  class='avia-image-container av-1a8xhb2-bfaa17a180ef464fd68daa84b044f3ee av-styling- av-img-linked avia-align-center  avia-builder-el-62  avia-builder-el-no-sibling '   itemprop=\"image\" itemscope=\"itemscope\" itemtype=\"https:\/\/schema.org\/ImageObject\" ><div class=\"avia-image-container-inner\"><div class=\"avia-image-overlay-wrap\"><a href=\"https:\/\/www.siebenfoercher.it\/\" class='avia_image '  target=\"_blank\"  rel=\"noopener noreferrer\" aria-label='kunstverein-kallmuenz_siebenfoercher-logo-2023'><img decoding=\"async\" fetchpriority=\"high\" class='wp-image-2731 avia-img-lazy-loading-not-2731 avia_image ' src=\"https:\/\/art.kallmuenz.it\/wp-content\/uploads\/2022\/10\/kunstverein-kallmuenz_siebenfoercher-logo-2023.png\" alt='' title='kunstverein-kallmuenz_siebenfoercher-logo-2023'  height=\"687\" width=\"1030\"  itemprop=\"thumbnailUrl\" srcset=\"https:\/\/art.kallmuenz.it\/wp-content\/uploads\/2022\/10\/kunstverein-kallmuenz_siebenfoercher-logo-2023.png 1030w, https:\/\/art.kallmuenz.it\/wp-content\/uploads\/2022\/10\/kunstverein-kallmuenz_siebenfoercher-logo-2023-300x200.png 300w, https:\/\/art.kallmuenz.it\/wp-content\/uploads\/2022\/10\/kunstverein-kallmuenz_siebenfoercher-logo-2023-768x512.png 768w, https:\/\/art.kallmuenz.it\/wp-content\/uploads\/2022\/10\/kunstverein-kallmuenz_siebenfoercher-logo-2023-705x470.png 705w\" sizes=\"(max-width: 1030px) 100vw, 1030px\" \/><\/a><\/div><\/div><\/div><\/div>\n<div  class='flex_column av-185pkqm-7d87c4a2ca38bd9e201c3012d1145f8e av_one_fourth  avia-builder-el-63  el_after_av_one_fourth  el_before_av_one_fourth  flex_column_div  '     ><style type=\"text\/css\" data-created_by=\"avia_inline_auto\" id=\"style-css-av-16g6n32-0778e9c123b297162e3d9ce08659d311\">\n.avia-image-container.av-16g6n32-0778e9c123b297162e3d9ce08659d311 img.avia_image{\nbox-shadow:none;\n}\n.avia-image-container.av-16g6n32-0778e9c123b297162e3d9ce08659d311 .av-image-caption-overlay-center{\ncolor:#ffffff;\n}\n<\/style>\n<div  class='avia-image-container av-16g6n32-0778e9c123b297162e3d9ce08659d311 av-styling- av-img-linked avia-align-center  avia-builder-el-64  avia-builder-el-no-sibling '   itemprop=\"image\" itemscope=\"itemscope\" itemtype=\"https:\/\/schema.org\/ImageObject\" ><div class=\"avia-image-container-inner\"><div class=\"avia-image-overlay-wrap\"><a href=\"https:\/\/www.rohrer-immobilien.it\/\" class='avia_image '  target=\"_blank\"  rel=\"noopener noreferrer\" aria-label='kunstverein-kallmuenz_sponsor-rohrer'><img decoding=\"async\" fetchpriority=\"high\" class='wp-image-1811 avia-img-lazy-loading-not-1811 avia_image ' src=\"https:\/\/art.kallmuenz.it\/wp-content\/uploads\/2019\/12\/kunstverein-kallmuenz_sponsor-rohrer.jpg\" alt='' title='kunstverein-kallmuenz_sponsor-rohrer'  height=\"687\" width=\"1030\"  itemprop=\"thumbnailUrl\" srcset=\"https:\/\/art.kallmuenz.it\/wp-content\/uploads\/2019\/12\/kunstverein-kallmuenz_sponsor-rohrer.jpg 1030w, https:\/\/art.kallmuenz.it\/wp-content\/uploads\/2019\/12\/kunstverein-kallmuenz_sponsor-rohrer-300x200.jpg 300w, https:\/\/art.kallmuenz.it\/wp-content\/uploads\/2019\/12\/kunstverein-kallmuenz_sponsor-rohrer-768x512.jpg 768w, https:\/\/art.kallmuenz.it\/wp-content\/uploads\/2019\/12\/kunstverein-kallmuenz_sponsor-rohrer-705x470.jpg 705w\" sizes=\"(max-width: 1030px) 100vw, 1030px\" \/><\/a><\/div><\/div><\/div><\/div>\n<div  class='flex_column av-15caljy-9c4a8bdd9f54d08e40d9177fce309c75 av_one_fourth  avia-builder-el-65  el_after_av_one_fourth  el_before_av_one_fourth  flex_column_div  '     ><style type=\"text\/css\" data-created_by=\"avia_inline_auto\" id=\"style-css-av-13ax4ym-160c9fdff5beeedb0793f9a2531d0274\">\n.avia-image-container.av-13ax4ym-160c9fdff5beeedb0793f9a2531d0274 img.avia_image{\nbox-shadow:none;\n}\n.avia-image-container.av-13ax4ym-160c9fdff5beeedb0793f9a2531d0274 .av-image-caption-overlay-center{\ncolor:#ffffff;\n}\n<\/style>\n<div  class='avia-image-container av-13ax4ym-160c9fdff5beeedb0793f9a2531d0274 av-styling- av-img-linked avia-align-center  avia-builder-el-66  avia-builder-el-no-sibling '   itemprop=\"image\" itemscope=\"itemscope\" itemtype=\"https:\/\/schema.org\/ImageObject\" ><div class=\"avia-image-container-inner\"><div class=\"avia-image-overlay-wrap\"><a href=\"http:\/\/www.meran.eu\/\" class='avia_image '  target=\"_blank\"  rel=\"noopener noreferrer\" aria-label='kunstverein-kallmuenz_sponsoren-2024_kurverwaltung'><img decoding=\"async\" fetchpriority=\"high\" class='wp-image-2798 avia-img-lazy-loading-not-2798 avia_image ' src=\"https:\/\/art.kallmuenz.it\/wp-content\/uploads\/2023\/11\/kunstverein-kallmuenz_sponsoren-2024_kurverwaltung.png\" alt='' title='kunstverein-kallmuenz_sponsoren-2024_kurverwaltung'  height=\"687\" width=\"1030\"  itemprop=\"thumbnailUrl\" srcset=\"https:\/\/art.kallmuenz.it\/wp-content\/uploads\/2023\/11\/kunstverein-kallmuenz_sponsoren-2024_kurverwaltung.png 1030w, https:\/\/art.kallmuenz.it\/wp-content\/uploads\/2023\/11\/kunstverein-kallmuenz_sponsoren-2024_kurverwaltung-300x200.png 300w, https:\/\/art.kallmuenz.it\/wp-content\/uploads\/2023\/11\/kunstverein-kallmuenz_sponsoren-2024_kurverwaltung-768x512.png 768w, https:\/\/art.kallmuenz.it\/wp-content\/uploads\/2023\/11\/kunstverein-kallmuenz_sponsoren-2024_kurverwaltung-705x470.png 705w\" sizes=\"(max-width: 1030px) 100vw, 1030px\" \/><\/a><\/div><\/div><\/div><\/div>\n<div  class='flex_column av-11or35q-5bb1ca11fa7eec70e512c07f03e8465c av_one_fourth  avia-builder-el-67  el_after_av_one_fourth  el_before_av_one_fourth  first flex_column_div  column-top-margin'     ><style type=\"text\/css\" data-created_by=\"avia_inline_auto\" id=\"style-css-av-zs5iu6-760d8d5401c637832d57214b7bb02ffa\">\n.avia-image-container.av-zs5iu6-760d8d5401c637832d57214b7bb02ffa img.avia_image{\nbox-shadow:none;\n}\n.avia-image-container.av-zs5iu6-760d8d5401c637832d57214b7bb02ffa .av-image-caption-overlay-center{\ncolor:#ffffff;\n}\n<\/style>\n<div  class='avia-image-container av-zs5iu6-760d8d5401c637832d57214b7bb02ffa av-styling- av-img-linked avia-align-center  avia-builder-el-68  avia-builder-el-no-sibling '   itemprop=\"image\" itemscope=\"itemscope\" itemtype=\"https:\/\/schema.org\/ImageObject\" ><div class=\"avia-image-container-inner\"><div class=\"avia-image-overlay-wrap\"><a href=\"https:\/\/www.termemerano.it\/\" class='avia_image '  target=\"_blank\"  rel=\"noopener noreferrer\" aria-label='kunstverein-kallmuenz_hotel-terme-logo'><img decoding=\"async\" fetchpriority=\"high\" class='wp-image-2721 avia-img-lazy-loading-not-2721 avia_image ' src=\"https:\/\/art.kallmuenz.it\/wp-content\/uploads\/2022\/10\/kunstverein-kallmuenz_hotel-terme-logo.png\" alt='' title='kunstverein-kallmuenz_hotel-terme-logo'  height=\"687\" width=\"1030\"  itemprop=\"thumbnailUrl\" srcset=\"https:\/\/art.kallmuenz.it\/wp-content\/uploads\/2022\/10\/kunstverein-kallmuenz_hotel-terme-logo.png 1030w, https:\/\/art.kallmuenz.it\/wp-content\/uploads\/2022\/10\/kunstverein-kallmuenz_hotel-terme-logo-300x200.png 300w, https:\/\/art.kallmuenz.it\/wp-content\/uploads\/2022\/10\/kunstverein-kallmuenz_hotel-terme-logo-768x512.png 768w, https:\/\/art.kallmuenz.it\/wp-content\/uploads\/2022\/10\/kunstverein-kallmuenz_hotel-terme-logo-705x470.png 705w\" sizes=\"(max-width: 1030px) 100vw, 1030px\" \/><\/a><\/div><\/div><\/div><\/div>\n<div  class='flex_column av-x8xhj2-6c51f71fa70d157511c04796e53fe9fe av_one_fourth  avia-builder-el-69  el_after_av_one_fourth  el_before_av_one_fourth  flex_column_div  column-top-margin'     ><style type=\"text\/css\" data-created_by=\"avia_inline_auto\" id=\"style-css-av-35s7ta-14beaa53e5fd6e55afb1fd51b169aa2c\">\n.avia-image-container.av-35s7ta-14beaa53e5fd6e55afb1fd51b169aa2c img.avia_image{\nbox-shadow:none;\n}\n.avia-image-container.av-35s7ta-14beaa53e5fd6e55afb1fd51b169aa2c .av-image-caption-overlay-center{\ncolor:#ffffff;\n}\n<\/style>\n<div  class='avia-image-container av-35s7ta-14beaa53e5fd6e55afb1fd51b169aa2c av-styling- av-img-linked avia-align-center  avia-builder-el-70  avia-builder-el-no-sibling '   itemprop=\"image\" itemscope=\"itemscope\" itemtype=\"https:\/\/schema.org\/ImageObject\" ><div class=\"avia-image-container-inner\"><div class=\"avia-image-overlay-wrap\"><a href=\"https:\/\/www.hotel-aurora-meran.com\/\" class='avia_image '  target=\"_blank\"  rel=\"noopener noreferrer\" aria-label='kunsterverein-kallmuenz_aurora-logo'><img decoding=\"async\" fetchpriority=\"high\" class='wp-image-2414 avia-img-lazy-loading-not-2414 avia_image ' src=\"https:\/\/art.kallmuenz.it\/wp-content\/uploads\/2021\/09\/kunsterverein-kallmuenz_aurora-logo.jpg\" alt='' title='kunsterverein-kallmuenz_aurora-logo'  height=\"687\" width=\"1030\"  itemprop=\"thumbnailUrl\" srcset=\"https:\/\/art.kallmuenz.it\/wp-content\/uploads\/2021\/09\/kunsterverein-kallmuenz_aurora-logo.jpg 1030w, https:\/\/art.kallmuenz.it\/wp-content\/uploads\/2021\/09\/kunsterverein-kallmuenz_aurora-logo-300x200.jpg 300w, https:\/\/art.kallmuenz.it\/wp-content\/uploads\/2021\/09\/kunsterverein-kallmuenz_aurora-logo-768x512.jpg 768w, https:\/\/art.kallmuenz.it\/wp-content\/uploads\/2021\/09\/kunsterverein-kallmuenz_aurora-logo-705x470.jpg 705w\" sizes=\"(max-width: 1030px) 100vw, 1030px\" \/><\/a><\/div><\/div><\/div><\/div>\n<div  class='flex_column av-ubl1r2-2e3e3103fcf1556482497a1f5199ec2b av_one_fourth  avia-builder-el-71  el_after_av_one_fourth  el_before_av_one_fourth  flex_column_div  column-top-margin'     ><style type=\"text\/css\" data-created_by=\"avia_inline_auto\" id=\"style-css-av-sk7o4e-29696b28d4eb144ed47fba1d450eb241\">\n.avia-image-container.av-sk7o4e-29696b28d4eb144ed47fba1d450eb241 img.avia_image{\nbox-shadow:none;\n}\n.avia-image-container.av-sk7o4e-29696b28d4eb144ed47fba1d450eb241 .av-image-caption-overlay-center{\ncolor:#ffffff;\n}\n<\/style>\n<div  class='avia-image-container av-sk7o4e-29696b28d4eb144ed47fba1d450eb241 av-styling- av-img-linked avia-align-center  avia-builder-el-72  avia-builder-el-no-sibling '   itemprop=\"image\" itemscope=\"itemscope\" itemtype=\"https:\/\/schema.org\/ImageObject\" ><div class=\"avia-image-container-inner\"><div class=\"avia-image-overlay-wrap\"><a href=\"https:\/\/www.hotelsmerano.it\/de\/city-hotel-meran\/\" class='avia_image '  target=\"_blank\"  rel=\"noopener noreferrer\" aria-label='kunsterverein-kallmuenz_cityhotel-logo'><img decoding=\"async\" fetchpriority=\"high\" class='wp-image-2418 avia-img-lazy-loading-not-2418 avia_image ' src=\"https:\/\/art.kallmuenz.it\/wp-content\/uploads\/2021\/09\/kunsterverein-kallmuenz_cityhotel-logo.jpg\" alt='' title='kunsterverein-kallmuenz_cityhotel-logo'  height=\"687\" width=\"1030\"  itemprop=\"thumbnailUrl\" srcset=\"https:\/\/art.kallmuenz.it\/wp-content\/uploads\/2021\/09\/kunsterverein-kallmuenz_cityhotel-logo.jpg 1030w, https:\/\/art.kallmuenz.it\/wp-content\/uploads\/2021\/09\/kunsterverein-kallmuenz_cityhotel-logo-300x200.jpg 300w, https:\/\/art.kallmuenz.it\/wp-content\/uploads\/2021\/09\/kunsterverein-kallmuenz_cityhotel-logo-768x512.jpg 768w, https:\/\/art.kallmuenz.it\/wp-content\/uploads\/2021\/09\/kunsterverein-kallmuenz_cityhotel-logo-705x470.jpg 705w\" sizes=\"(max-width: 1030px) 100vw, 1030px\" \/><\/a><\/div><\/div><\/div><\/div>\n<div  class='flex_column av-qoyjmm-144e828fece7839649dbd1395864663d av_one_fourth  avia-builder-el-73  el_after_av_one_fourth  el_before_av_one_fourth  flex_column_div  column-top-margin'     ><style type=\"text\/css\" data-created_by=\"avia_inline_auto\" id=\"style-css-av-p0a9da-595f574f359d2aee09df7b1ee1f4bcfe\">\n.avia-image-container.av-p0a9da-595f574f359d2aee09df7b1ee1f4bcfe img.avia_image{\nbox-shadow:none;\n}\n.avia-image-container.av-p0a9da-595f574f359d2aee09df7b1ee1f4bcfe .av-image-caption-overlay-center{\ncolor:#ffffff;\n}\n<\/style>\n<div  class='avia-image-container av-p0a9da-595f574f359d2aee09df7b1ee1f4bcfe av-styling- av-img-linked avia-align-center  avia-builder-el-74  avia-builder-el-no-sibling '   itemprop=\"image\" itemscope=\"itemscope\" itemtype=\"https:\/\/schema.org\/ImageObject\" ><div class=\"avia-image-container-inner\"><div class=\"avia-image-overlay-wrap\"><a href=\"https:\/\/www.hotelsmerano.it\/de\/hotel-flora-meran\/\" class='avia_image '  target=\"_blank\"  rel=\"noopener noreferrer\" aria-label='kunsterverein-kallmuenz_flora-logo'><img decoding=\"async\" fetchpriority=\"high\" class='wp-image-2420 avia-img-lazy-loading-not-2420 avia_image ' src=\"https:\/\/art.kallmuenz.it\/wp-content\/uploads\/2021\/09\/kunsterverein-kallmuenz_flora-logo.jpg\" alt='' title='kunsterverein-kallmuenz_flora-logo'  height=\"687\" width=\"1030\"  itemprop=\"thumbnailUrl\" srcset=\"https:\/\/art.kallmuenz.it\/wp-content\/uploads\/2021\/09\/kunsterverein-kallmuenz_flora-logo.jpg 1030w, https:\/\/art.kallmuenz.it\/wp-content\/uploads\/2021\/09\/kunsterverein-kallmuenz_flora-logo-300x200.jpg 300w, https:\/\/art.kallmuenz.it\/wp-content\/uploads\/2021\/09\/kunsterverein-kallmuenz_flora-logo-768x512.jpg 768w, https:\/\/art.kallmuenz.it\/wp-content\/uploads\/2021\/09\/kunsterverein-kallmuenz_flora-logo-705x470.jpg 705w\" sizes=\"(max-width: 1030px) 100vw, 1030px\" \/><\/a><\/div><\/div><\/div><\/div>\n<div class='flex_column_table av-ihz48u-6af3b0e4c84c6756bb654b2cfe7302b7 sc-av_one_fourth av-equal-height-column-flextable'><div  class='flex_column av-ihz48u-6af3b0e4c84c6756bb654b2cfe7302b7 av_one_fourth  avia-builder-el-75  el_after_av_one_fourth  el_before_av_one_fourth  first flex_column_table_cell av-equal-height-column av-align-middle  column-top-margin'     ><style type=\"text\/css\" data-created_by=\"avia_inline_auto\" id=\"style-css-av-mhlv7lmt-fdc094a21066bf1f626c4dfd19bdb9b8\">\n.avia-image-container.av-mhlv7lmt-fdc094a21066bf1f626c4dfd19bdb9b8 img.avia_image{\nbox-shadow:none;\n}\n.avia-image-container.av-mhlv7lmt-fdc094a21066bf1f626c4dfd19bdb9b8 .av-image-caption-overlay-center{\ncolor:#ffffff;\n}\n<\/style>\n<div  class='avia-image-container av-mhlv7lmt-fdc094a21066bf1f626c4dfd19bdb9b8 av-styling- av-img-linked avia-align-center  avia-builder-el-76  avia-builder-el-no-sibling '   itemprop=\"image\" itemscope=\"itemscope\" itemtype=\"https:\/\/schema.org\/ImageObject\" ><div class=\"avia-image-container-inner\"><div class=\"avia-image-overlay-wrap\"><a href=\"https:\/\/hotel.imperialart.it\/\" class='avia_image '  target=\"_blank\"  rel=\"noopener noreferrer\" aria-label='kunstverein-kallmuenz_imperialart'><img decoding=\"async\" fetchpriority=\"high\" class='wp-image-3185 avia-img-lazy-loading-not-3185 avia_image ' src=\"https:\/\/art.kallmuenz.it\/wp-content\/uploads\/2025\/10\/kunstverein-kallmuenz_imperialart.png\" alt='' title='kunstverein-kallmuenz_imperialart'  height=\"686\" width=\"1030\"  itemprop=\"thumbnailUrl\" srcset=\"https:\/\/art.kallmuenz.it\/wp-content\/uploads\/2025\/10\/kunstverein-kallmuenz_imperialart.png 1030w, https:\/\/art.kallmuenz.it\/wp-content\/uploads\/2025\/10\/kunstverein-kallmuenz_imperialart-300x200.png 300w, https:\/\/art.kallmuenz.it\/wp-content\/uploads\/2025\/10\/kunstverein-kallmuenz_imperialart-768x512.png 768w, https:\/\/art.kallmuenz.it\/wp-content\/uploads\/2025\/10\/kunstverein-kallmuenz_imperialart-705x470.png 705w\" sizes=\"(max-width: 1030px) 100vw, 1030px\" \/><\/a><\/div><\/div><\/div><\/div>\n<div class='av-flex-placeholder'><\/div><div  class='flex_column av-5b9kha-307b6da1075b7d6ad8f1346faf5fc6e0 av_one_fourth  avia-builder-el-77  el_after_av_one_fourth  el_before_av_one_fourth  flex_column_table_cell av-equal-height-column av-align-middle  column-top-margin'     ><style type=\"text\/css\" data-created_by=\"avia_inline_auto\" id=\"style-css-av-mhlv8hul-694bb7db27c13b410e27bcf04b155d5d\">\n.avia-image-container.av-mhlv8hul-694bb7db27c13b410e27bcf04b155d5d img.avia_image{\nbox-shadow:none;\n}\n.avia-image-container.av-mhlv8hul-694bb7db27c13b410e27bcf04b155d5d .av-image-caption-overlay-center{\ncolor:#ffffff;\n}\n<\/style>\n<div  class='avia-image-container av-mhlv8hul-694bb7db27c13b410e27bcf04b155d5d av-styling- av-img-linked avia-align-center  avia-builder-el-78  avia-builder-el-no-sibling '   itemprop=\"image\" itemscope=\"itemscope\" itemtype=\"https:\/\/schema.org\/ImageObject\" ><div class=\"avia-image-container-inner\"><div class=\"avia-image-overlay-wrap\"><a href=\"https:\/\/www.europa-splendid.com\/\" class='avia_image '  target=\"_blank\"  rel=\"noopener noreferrer\" aria-label='kunstverein-kallmuenz_europa-splendid'><img decoding=\"async\" fetchpriority=\"high\" class='wp-image-3186 avia-img-lazy-loading-not-3186 avia_image ' src=\"https:\/\/art.kallmuenz.it\/wp-content\/uploads\/2025\/10\/kunstverein-kallmuenz_europa-splendid.png\" alt='' title='kunstverein-kallmuenz_europa-splendid'  height=\"686\" width=\"1030\"  itemprop=\"thumbnailUrl\" srcset=\"https:\/\/art.kallmuenz.it\/wp-content\/uploads\/2025\/10\/kunstverein-kallmuenz_europa-splendid.png 1030w, https:\/\/art.kallmuenz.it\/wp-content\/uploads\/2025\/10\/kunstverein-kallmuenz_europa-splendid-300x200.png 300w, https:\/\/art.kallmuenz.it\/wp-content\/uploads\/2025\/10\/kunstverein-kallmuenz_europa-splendid-768x512.png 768w, https:\/\/art.kallmuenz.it\/wp-content\/uploads\/2025\/10\/kunstverein-kallmuenz_europa-splendid-705x470.png 705w\" sizes=\"(max-width: 1030px) 100vw, 1030px\" \/><\/a><\/div><\/div><\/div><\/div>\n<div class='av-flex-placeholder'><\/div><div  class='flex_column av-4ouljy-8135f52e36a87d939c5ed83051ef02c3 av_one_fourth  avia-builder-el-79  el_after_av_one_fourth  el_before_av_one_fourth  flex_column_table_cell av-equal-height-column av-align-middle  column-top-margin'     ><style type=\"text\/css\" data-created_by=\"avia_inline_auto\" id=\"style-css-av-2guspq-a8fcee615195913a09cf7fa77df1f7fa\">\n.avia-image-container.av-2guspq-a8fcee615195913a09cf7fa77df1f7fa img.avia_image{\nbox-shadow:none;\n}\n.avia-image-container.av-2guspq-a8fcee615195913a09cf7fa77df1f7fa .av-image-caption-overlay-center{\ncolor:#ffffff;\n}\n<\/style>\n<div  class='avia-image-container av-2guspq-a8fcee615195913a09cf7fa77df1f7fa av-styling- av-img-linked avia-align-center  avia-builder-el-80  avia-builder-el-no-sibling '   itemprop=\"image\" itemscope=\"itemscope\" itemtype=\"https:\/\/schema.org\/ImageObject\" ><div class=\"avia-image-container-inner\"><div class=\"avia-image-overlay-wrap\"><a href=\"https:\/\/www.kellereimeran.it\/\" class='avia_image '  target=\"_blank\"  rel=\"noopener noreferrer\" aria-label='kunstverein-kallmuenz_kellerei-meran-logo'><img decoding=\"async\" fetchpriority=\"high\" class='wp-image-2739 avia-img-lazy-loading-not-2739 avia_image ' src=\"https:\/\/art.kallmuenz.it\/wp-content\/uploads\/2022\/10\/kunstverein-kallmuenz_kellerei-meran-logo.jpg\" alt='' title='kunstverein-kallmuenz_kellerei-meran-logo'  height=\"687\" width=\"1030\"  itemprop=\"thumbnailUrl\" srcset=\"https:\/\/art.kallmuenz.it\/wp-content\/uploads\/2022\/10\/kunstverein-kallmuenz_kellerei-meran-logo.jpg 1030w, https:\/\/art.kallmuenz.it\/wp-content\/uploads\/2022\/10\/kunstverein-kallmuenz_kellerei-meran-logo-300x200.jpg 300w, https:\/\/art.kallmuenz.it\/wp-content\/uploads\/2022\/10\/kunstverein-kallmuenz_kellerei-meran-logo-768x512.jpg 768w, https:\/\/art.kallmuenz.it\/wp-content\/uploads\/2022\/10\/kunstverein-kallmuenz_kellerei-meran-logo-705x470.jpg 705w\" sizes=\"(max-width: 1030px) 100vw, 1030px\" \/><\/a><\/div><\/div><\/div><\/div>\n<div class='av-flex-placeholder'><\/div><div  class='flex_column av-cdlaym-b75bd5bfba600417ad4525d9e0243fc4 av_one_fourth  avia-builder-el-81  el_after_av_one_fourth  el_before_av_hr  flex_column_table_cell av-equal-height-column av-align-middle  column-top-margin'     ><style type=\"text\/css\" data-created_by=\"avia_inline_auto\" id=\"style-css-av-avkuym-85e792a7b9e347ed982ea5694ac7d067\">\n.avia-image-container.av-avkuym-85e792a7b9e347ed982ea5694ac7d067 img.avia_image{\nbox-shadow:none;\n}\n.avia-image-container.av-avkuym-85e792a7b9e347ed982ea5694ac7d067 .av-image-caption-overlay-center{\ncolor:#ffffff;\n}\n<\/style>\n<div  class='avia-image-container av-avkuym-85e792a7b9e347ed982ea5694ac7d067 av-styling- av-img-linked avia-align-center  avia-builder-el-82  avia-builder-el-no-sibling '   itemprop=\"image\" itemscope=\"itemscope\" itemtype=\"https:\/\/schema.org\/ImageObject\" ><div class=\"avia-image-container-inner\"><div class=\"avia-image-overlay-wrap\"><a href=\"https:\/\/weine-relax.it\/\" class='avia_image '  target=\"_blank\"  rel=\"noopener noreferrer\" aria-label='relax-logo-2025'><img decoding=\"async\" fetchpriority=\"high\" class='wp-image-3048 avia-img-lazy-loading-not-3048 avia_image ' src=\"https:\/\/art.kallmuenz.it\/wp-content\/uploads\/2024\/12\/relax-logo-2025-1.jpg\" alt='' title='relax-logo-2025'  height=\"687\" width=\"1030\"  itemprop=\"thumbnailUrl\" srcset=\"https:\/\/art.kallmuenz.it\/wp-content\/uploads\/2024\/12\/relax-logo-2025-1.jpg 1030w, https:\/\/art.kallmuenz.it\/wp-content\/uploads\/2024\/12\/relax-logo-2025-1-300x200.jpg 300w, https:\/\/art.kallmuenz.it\/wp-content\/uploads\/2024\/12\/relax-logo-2025-1-768x512.jpg 768w, https:\/\/art.kallmuenz.it\/wp-content\/uploads\/2024\/12\/relax-logo-2025-1-705x470.jpg 705w\" sizes=\"(max-width: 1030px) 100vw, 1030px\" \/><\/a><\/div><\/div><\/div><\/div><\/div><!--close column table wrapper. Autoclose: 1 -->\n\n<style type=\"text\/css\" data-created_by=\"avia_inline_auto\" id=\"style-css-av-lg1pdq-fcde195cafbee0cf2ff6470dd549292b\">\n#top .hr.hr-invisible.av-lg1pdq-fcde195cafbee0cf2ff6470dd549292b{\nmargin-top:-75px;\nheight:1px;\n}\n<\/style>\n<div  class='hr av-lg1pdq-fcde195cafbee0cf2ff6470dd549292b hr-invisible  avia-builder-el-83  el_after_av_one_fourth  el_before_av_one_fourth '><span class='hr-inner '><span class=\"hr-inner-style\"><\/span><\/span><\/div>\n<div class='flex_column_table av-fsugm6-d46236bd28a38675402b7c68f5ec291a sc-av_one_fourth av-equal-height-column-flextable'><div  class='flex_column av-fsugm6-d46236bd28a38675402b7c68f5ec291a av_one_fourth  avia-builder-el-84  el_after_av_hr  el_before_av_one_fourth  first flex_column_table_cell av-equal-height-column av-align-middle  '     ><style type=\"text\/css\" data-created_by=\"avia_inline_auto\" id=\"style-css-av-dzsury-0dac1ef7019b11a4bd67397c96e38c31\">\n.avia-image-container.av-dzsury-0dac1ef7019b11a4bd67397c96e38c31 img.avia_image{\nbox-shadow:none;\n}\n.avia-image-container.av-dzsury-0dac1ef7019b11a4bd67397c96e38c31 .av-image-caption-overlay-center{\ncolor:#ffffff;\n}\n<\/style>\n<div  class='avia-image-container av-dzsury-0dac1ef7019b11a4bd67397c96e38c31 av-styling- av-img-linked avia-align-center  avia-builder-el-85  avia-builder-el-no-sibling '   itemprop=\"image\" itemscope=\"itemscope\" itemtype=\"https:\/\/schema.org\/ImageObject\" ><div class=\"avia-image-container-inner\"><div class=\"avia-image-overlay-wrap\"><a href=\"https:\/\/www.forsterbrau.it\/\" class='avia_image '  target=\"_blank\"  rel=\"noopener noreferrer\" aria-label='kunstverein-kallmuenz_forst-logo'><img decoding=\"async\" fetchpriority=\"high\" class='wp-image-2723 avia-img-lazy-loading-not-2723 avia_image ' src=\"https:\/\/art.kallmuenz.it\/wp-content\/uploads\/2022\/10\/kunstverein-kallmuenz_forst-logo.png\" alt='' title='kunstverein-kallmuenz_forst-logo'  height=\"687\" width=\"1030\"  itemprop=\"thumbnailUrl\" srcset=\"https:\/\/art.kallmuenz.it\/wp-content\/uploads\/2022\/10\/kunstverein-kallmuenz_forst-logo.png 1030w, https:\/\/art.kallmuenz.it\/wp-content\/uploads\/2022\/10\/kunstverein-kallmuenz_forst-logo-300x200.png 300w, https:\/\/art.kallmuenz.it\/wp-content\/uploads\/2022\/10\/kunstverein-kallmuenz_forst-logo-768x512.png 768w, https:\/\/art.kallmuenz.it\/wp-content\/uploads\/2022\/10\/kunstverein-kallmuenz_forst-logo-705x470.png 705w\" sizes=\"(max-width: 1030px) 100vw, 1030px\" \/><\/a><\/div><\/div><\/div><\/div>\n<div class='av-flex-placeholder'><\/div><div  class='flex_column av-bj8dq-ec4c33242eea1a6a0d03a045c8504e3c av_one_fourth  avia-builder-el-86  el_after_av_one_fourth  el_before_av_one_fourth  flex_column_table_cell av-equal-height-column av-align-middle  '     ><style type=\"text\/css\" data-created_by=\"avia_inline_auto\" id=\"style-css-av-midahlk6-6f31ef8c32086278524b8f6b97264b5d\">\n.avia-image-container.av-midahlk6-6f31ef8c32086278524b8f6b97264b5d img.avia_image{\nbox-shadow:none;\n}\n.avia-image-container.av-midahlk6-6f31ef8c32086278524b8f6b97264b5d .av-image-caption-overlay-center{\ncolor:#ffffff;\n}\n<\/style>\n<div  class='avia-image-container av-midahlk6-6f31ef8c32086278524b8f6b97264b5d av-styling- av-img-linked avia-align-center  avia-builder-el-87  avia-builder-el-no-sibling '   itemprop=\"image\" itemscope=\"itemscope\" itemtype=\"https:\/\/schema.org\/ImageObject\" ><div class=\"avia-image-container-inner\"><div class=\"avia-image-overlay-wrap\"><a href=\"https:\/\/forsterbrau.it\/\" class='avia_image '  target=\"_blank\"  rel=\"noopener noreferrer\" aria-label='kunstverein-kallmuenz_forst-2025'><img decoding=\"async\" fetchpriority=\"high\" class='wp-image-3231 avia-img-lazy-loading-not-3231 avia_image ' src=\"https:\/\/art.kallmuenz.it\/wp-content\/uploads\/2025\/10\/kunstverein-kallmuenz_forst-2025.jpg\" alt='' title='kunstverein-kallmuenz_forst-2025'  height=\"687\" width=\"1030\"  itemprop=\"thumbnailUrl\" srcset=\"https:\/\/art.kallmuenz.it\/wp-content\/uploads\/2025\/10\/kunstverein-kallmuenz_forst-2025.jpg 1030w, https:\/\/art.kallmuenz.it\/wp-content\/uploads\/2025\/10\/kunstverein-kallmuenz_forst-2025-300x200.jpg 300w, https:\/\/art.kallmuenz.it\/wp-content\/uploads\/2025\/10\/kunstverein-kallmuenz_forst-2025-768x512.jpg 768w, https:\/\/art.kallmuenz.it\/wp-content\/uploads\/2025\/10\/kunstverein-kallmuenz_forst-2025-705x470.jpg 705w\" sizes=\"(max-width: 1030px) 100vw, 1030px\" \/><\/a><\/div><\/div><\/div><\/div>\n<div class='av-flex-placeholder'><\/div><div  class='flex_column av-av_one_fourth-514a4b1d4425913d420bafde95362182 av_one_fourth  avia-builder-el-88  el_after_av_one_fourth  el_before_av_one_fourth  flex_column_table_cell av-equal-height-column av-align-middle  '     ><style type=\"text\/css\" data-created_by=\"avia_inline_auto\" id=\"style-css-av-ml0pz0s9-fe1a98feea781004fd95bc5786d5394b\">\n.avia-image-container.av-ml0pz0s9-fe1a98feea781004fd95bc5786d5394b img.avia_image{\nbox-shadow:none;\n}\n.avia-image-container.av-ml0pz0s9-fe1a98feea781004fd95bc5786d5394b .av-image-caption-overlay-center{\ncolor:#ffffff;\n}\n<\/style>\n<div  class='avia-image-container av-ml0pz0s9-fe1a98feea781004fd95bc5786d5394b av-styling- av-img-linked avia-align-center  avia-builder-el-89  avia-builder-el-no-sibling '   itemprop=\"image\" itemscope=\"itemscope\" itemtype=\"https:\/\/schema.org\/ImageObject\" ><div class=\"avia-image-container-inner\"><div class=\"avia-image-overlay-wrap\"><a href=\"https:\/\/www.tida.it\/\" class='avia_image '  target=\"_blank\"  rel=\"noopener noreferrer\" aria-label='kunstverein-kallmuenz_tida'><img decoding=\"async\" fetchpriority=\"high\" class='wp-image-3430 avia-img-lazy-loading-not-3430 avia_image ' src=\"https:\/\/art.kallmuenz.it\/wp-content\/uploads\/2025\/10\/kunstverein-kallmuenz_tida.jpg\" alt='' title='kunstverein-kallmuenz_tida'  height=\"687\" width=\"1030\"  itemprop=\"thumbnailUrl\" srcset=\"https:\/\/art.kallmuenz.it\/wp-content\/uploads\/2025\/10\/kunstverein-kallmuenz_tida.jpg 1030w, https:\/\/art.kallmuenz.it\/wp-content\/uploads\/2025\/10\/kunstverein-kallmuenz_tida-300x200.jpg 300w, https:\/\/art.kallmuenz.it\/wp-content\/uploads\/2025\/10\/kunstverein-kallmuenz_tida-768x512.jpg 768w, https:\/\/art.kallmuenz.it\/wp-content\/uploads\/2025\/10\/kunstverein-kallmuenz_tida-705x470.jpg 705w\" sizes=\"(max-width: 1030px) 100vw, 1030px\" \/><\/a><\/div><\/div><\/div><\/div><div class='av-flex-placeholder'><\/div><div  class='flex_column av-av_one_fourth-514a4b1d4425913d420bafde95362182 av_one_fourth  avia-builder-el-90  el_after_av_one_fourth  el_before_av_hr  flex_column_table_cell av-equal-height-column av-align-middle  '     ><style type=\"text\/css\" data-created_by=\"avia_inline_auto\" id=\"style-css-av-ml0pzn74-183912b5ff5aeae339aaf9caafa54e79\">\n.avia-image-container.av-ml0pzn74-183912b5ff5aeae339aaf9caafa54e79 img.avia_image{\nbox-shadow:none;\n}\n.avia-image-container.av-ml0pzn74-183912b5ff5aeae339aaf9caafa54e79 .av-image-caption-overlay-center{\ncolor:#ffffff;\n}\n<\/style>\n<div  class='avia-image-container av-ml0pzn74-183912b5ff5aeae339aaf9caafa54e79 av-styling- av-img-linked avia-align-center  avia-builder-el-91  avia-builder-el-no-sibling '   itemprop=\"image\" itemscope=\"itemscope\" itemtype=\"https:\/\/schema.org\/ImageObject\" ><div class=\"avia-image-container-inner\"><div class=\"avia-image-overlay-wrap\"><a href=\"https:\/\/ostwest.it\/\" class='avia_image '  target=\"_blank\"  rel=\"noopener noreferrer\" aria-label='kunstverein-kallmuenz_ostwest'><img decoding=\"async\" fetchpriority=\"high\" class='wp-image-3431 avia-img-lazy-loading-not-3431 avia_image ' src=\"https:\/\/art.kallmuenz.it\/wp-content\/uploads\/2025\/10\/kunstverein-kallmuenz_ostwest.jpg\" alt='' title='kunstverein-kallmuenz_ostwest'  height=\"687\" width=\"1030\"  itemprop=\"thumbnailUrl\" srcset=\"https:\/\/art.kallmuenz.it\/wp-content\/uploads\/2025\/10\/kunstverein-kallmuenz_ostwest.jpg 1030w, https:\/\/art.kallmuenz.it\/wp-content\/uploads\/2025\/10\/kunstverein-kallmuenz_ostwest-300x200.jpg 300w, https:\/\/art.kallmuenz.it\/wp-content\/uploads\/2025\/10\/kunstverein-kallmuenz_ostwest-768x512.jpg 768w, https:\/\/art.kallmuenz.it\/wp-content\/uploads\/2025\/10\/kunstverein-kallmuenz_ostwest-705x470.jpg 705w\" sizes=\"(max-width: 1030px) 100vw, 1030px\" \/><\/a><\/div><\/div><\/div><\/div><\/div><!--close column table wrapper. Autoclose: 1 -->\n<style type=\"text\/css\" data-created_by=\"avia_inline_auto\" id=\"style-css-av-91hyj2-c40cd2296e2e60e205ea32910fc3e359\">\n#top .hr.hr-invisible.av-91hyj2-c40cd2296e2e60e205ea32910fc3e359{\nheight:100px;\n}\n<\/style>\n<div  class='hr av-91hyj2-c40cd2296e2e60e205ea32910fc3e359 hr-invisible  avia-builder-el-92  el_after_av_one_fourth  el_before_av_one_third '><span class='hr-inner '><span class=\"hr-inner-style\"><\/span><\/span><\/div><\/p>\n\n<style type=\"text\/css\" data-created_by=\"avia_inline_auto\" id=\"style-css-av-6wtr8u-08f31e5c4d253bd55948cb8029e5370c\">\n.flex_column.av-6wtr8u-08f31e5c4d253bd55948cb8029e5370c{\nborder-radius:0px 0px 0px 0px;\npadding:0px 0px 0px 0px;\n}\n<\/style>\n<div  class='flex_column av-6wtr8u-08f31e5c4d253bd55948cb8029e5370c av_one_third  avia-builder-el-93  el_after_av_hr  el_before_av_one_third  first av-break-at-tablet flex_column_div av-hide-on-mobile av-zero-column-padding  '     ><\/div>\n\n<style type=\"text\/css\" data-created_by=\"avia_inline_auto\" id=\"style-css-av-6iua8u-9bfba45f7c999ac9ece426a5f7f44670\">\n.flex_column.av-6iua8u-9bfba45f7c999ac9ece426a5f7f44670{\nborder-radius:0px 0px 0px 0px;\npadding:0px 0px 0px 0px;\n}\n<\/style>\n<div  class='flex_column av-6iua8u-9bfba45f7c999ac9ece426a5f7f44670 av_one_third  avia-builder-el-94  el_after_av_one_third  el_before_av_one_third  av-break-at-tablet flex_column_div av-zero-column-padding  '     ><div  class='avia-builder-widget-area clearfix  avia-builder-el-95  avia-builder-el-no-sibling '><div id=\"avia_mailchimp_widget-3\" class=\"widget clearfix avia-widget-container avia_mailchimp_widget avia_no_block_preview\"><div class=\"avia-preview-headline\">kallm\u00fcnz Mailchimp Newsletter Signup<\/div><div class=\"avia-preview-info\">Titolo: Newsletter<\/div><div class=\"avia-preview-info\">Mailchimp List: 94e96eb9df<\/div><div class=\"avia-preview-in-front\">Content is only rendered in frontend.<\/div><\/div><\/div><\/div>\n\n<style type=\"text\/css\" data-created_by=\"avia_inline_auto\" id=\"style-css-av-2uuwv2-0c648de4cb31ca5a719e157704d5bf72\">\n.flex_column.av-2uuwv2-0c648de4cb31ca5a719e157704d5bf72{\nborder-radius:0px 0px 0px 0px;\npadding:0px 0px 0px 0px;\n}\n<\/style>\n<div  class='flex_column av-2uuwv2-0c648de4cb31ca5a719e157704d5bf72 av_one_third  avia-builder-el-96  el_after_av_one_third  avia-builder-el-last  av-break-at-tablet flex_column_div av-hide-on-mobile av-zero-column-padding  '     ><\/div>\n","protected":false},"excerpt":{"rendered":"","protected":false},"author":4021,"featured_media":3128,"comment_status":"closed","ping_status":"closed","sticky":false,"template":"","format":"standard","meta":{"footnotes":""},"categories":[23,18],"tags":[],"class_list":["post-3136","post","type-post","status-publish","format-standard","has-post-thumbnail","hentry","category-cultura","category-manifestazioni"],"yoast_head":"<!-- This site is optimized with the Yoast SEO plugin v27.5 - https:\/\/yoast.com\/product\/yoast-seo-wordpress\/ -->\n<title>Meraner Kabarett Tage 2026 - Associazione Artistica Kallm\u00fcnz Merano<\/title>\n<meta name=\"description\" content=\"Meraner Kabarett Tage - 12.-29.03.26 - Stadttheater Meran: U. M. Heissig - L. Stoll - R. Palfrader - J. Mumford - T. Maurer - J. Jochimsen - M. Frank - T. Teubner\" \/>\n<meta name=\"robots\" content=\"index, follow, max-snippet:-1, max-image-preview:large, max-video-preview:-1\" \/>\n<link rel=\"canonical\" href=\"https:\/\/art.kallmuenz.it\/it\/meraner-kabarett-tage-2026\/\" \/>\n<meta property=\"og:locale\" content=\"it_IT\" \/>\n<meta property=\"og:type\" content=\"article\" \/>\n<meta property=\"og:title\" content=\"Meraner Kabarett Tage 2026 - Associazione Artistica Kallm\u00fcnz Merano\" \/>\n<meta property=\"og:description\" content=\"Meraner Kabarett Tage - 12.-29.03.26 - Stadttheater Meran: U. M. Heissig - L. Stoll - R. Palfrader - J. Mumford - T. Maurer - J. Jochimsen - M. Frank - T. Teubner\" \/>\n<meta property=\"og:url\" content=\"https:\/\/art.kallmuenz.it\/it\/meraner-kabarett-tage-2026\/\" \/>\n<meta property=\"og:site_name\" content=\"Associazione Artistica Kallm\u00fcnz Merano\" \/>\n<meta property=\"article:publisher\" content=\"https:\/\/www.facebook.com\/KunstvereinKallmuenz\" \/>\n<meta property=\"article:published_time\" content=\"2025-10-15T06:32:16+00:00\" \/>\n<meta property=\"article:modified_time\" content=\"2026-01-30T10:09:59+00:00\" \/>\n<meta property=\"og:image\" content=\"https:\/\/art.kallmuenz.it\/wp-content\/uploads\/2025\/10\/MKT_HEADERBILD_2026.jpg\" \/>\n\t<meta property=\"og:image:width\" content=\"1030\" \/>\n\t<meta property=\"og:image:height\" content=\"687\" \/>\n\t<meta property=\"og:image:type\" content=\"image\/jpeg\" \/>\n<meta name=\"author\" content=\"\u00a1\u00e0ndale!\" \/>\n<script type=\"application\/ld+json\" class=\"yoast-schema-graph\">{\"@context\":\"https:\\\/\\\/schema.org\",\"@graph\":[{\"@type\":\"Article\",\"@id\":\"https:\\\/\\\/art.kallmuenz.it\\\/it\\\/meraner-kabarett-tage-2026\\\/#article\",\"isPartOf\":{\"@id\":\"https:\\\/\\\/art.kallmuenz.it\\\/it\\\/meraner-kabarett-tage-2026\\\/\"},\"author\":{\"name\":\"\u00a1\u00e0ndale!\",\"@id\":\"https:\\\/\\\/art.kallmuenz.it\\\/it\\\/#\\\/schema\\\/person\\\/2d3f5172d1b1545c374946b94c2dfcd2\"},\"headline\":\"Meraner Kabarett Tage 2026\",\"datePublished\":\"2025-10-15T06:32:16+00:00\",\"dateModified\":\"2026-01-30T10:09:59+00:00\",\"mainEntityOfPage\":{\"@id\":\"https:\\\/\\\/art.kallmuenz.it\\\/it\\\/meraner-kabarett-tage-2026\\\/\"},\"wordCount\":15864,\"publisher\":{\"@id\":\"https:\\\/\\\/art.kallmuenz.it\\\/it\\\/#organization\"},\"image\":{\"@id\":\"https:\\\/\\\/art.kallmuenz.it\\\/it\\\/meraner-kabarett-tage-2026\\\/#primaryimage\"},\"thumbnailUrl\":\"https:\\\/\\\/art.kallmuenz.it\\\/wp-content\\\/uploads\\\/2025\\\/10\\\/MKT_HEADERBILD_2026.jpg\",\"articleSection\":[\"Cultura\",\"Manifestazioni\"],\"inLanguage\":\"it-IT\"},{\"@type\":\"WebPage\",\"@id\":\"https:\\\/\\\/art.kallmuenz.it\\\/it\\\/meraner-kabarett-tage-2026\\\/\",\"url\":\"https:\\\/\\\/art.kallmuenz.it\\\/it\\\/meraner-kabarett-tage-2026\\\/\",\"name\":\"Meraner Kabarett Tage 2026 - Associazione Artistica Kallm\u00fcnz Merano\",\"isPartOf\":{\"@id\":\"https:\\\/\\\/art.kallmuenz.it\\\/it\\\/#website\"},\"primaryImageOfPage\":{\"@id\":\"https:\\\/\\\/art.kallmuenz.it\\\/it\\\/meraner-kabarett-tage-2026\\\/#primaryimage\"},\"image\":{\"@id\":\"https:\\\/\\\/art.kallmuenz.it\\\/it\\\/meraner-kabarett-tage-2026\\\/#primaryimage\"},\"thumbnailUrl\":\"https:\\\/\\\/art.kallmuenz.it\\\/wp-content\\\/uploads\\\/2025\\\/10\\\/MKT_HEADERBILD_2026.jpg\",\"datePublished\":\"2025-10-15T06:32:16+00:00\",\"dateModified\":\"2026-01-30T10:09:59+00:00\",\"description\":\"Meraner Kabarett Tage - 12.-29.03.26 - Stadttheater Meran: U. M. Heissig - L. Stoll - R. Palfrader - J. Mumford - T. Maurer - J. Jochimsen - M. Frank - T. Teubner\",\"breadcrumb\":{\"@id\":\"https:\\\/\\\/art.kallmuenz.it\\\/it\\\/meraner-kabarett-tage-2026\\\/#breadcrumb\"},\"inLanguage\":\"it-IT\",\"potentialAction\":[{\"@type\":\"ReadAction\",\"target\":[\"https:\\\/\\\/art.kallmuenz.it\\\/it\\\/meraner-kabarett-tage-2026\\\/\"]}]},{\"@type\":\"ImageObject\",\"inLanguage\":\"it-IT\",\"@id\":\"https:\\\/\\\/art.kallmuenz.it\\\/it\\\/meraner-kabarett-tage-2026\\\/#primaryimage\",\"url\":\"https:\\\/\\\/art.kallmuenz.it\\\/wp-content\\\/uploads\\\/2025\\\/10\\\/MKT_HEADERBILD_2026.jpg\",\"contentUrl\":\"https:\\\/\\\/art.kallmuenz.it\\\/wp-content\\\/uploads\\\/2025\\\/10\\\/MKT_HEADERBILD_2026.jpg\",\"width\":1030,\"height\":687,\"caption\":\"Meraner Kabarett Tage\"},{\"@type\":\"BreadcrumbList\",\"@id\":\"https:\\\/\\\/art.kallmuenz.it\\\/it\\\/meraner-kabarett-tage-2026\\\/#breadcrumb\",\"itemListElement\":[{\"@type\":\"ListItem\",\"position\":1,\"name\":\"Startseite\",\"item\":\"https:\\\/\\\/art.kallmuenz.it\\\/it\\\/associazione-culturale-kallmuenz-merano\\\/\"},{\"@type\":\"ListItem\",\"position\":2,\"name\":\"Meraner Kabarett Tage 2026\"}]},{\"@type\":\"WebSite\",\"@id\":\"https:\\\/\\\/art.kallmuenz.it\\\/it\\\/#website\",\"url\":\"https:\\\/\\\/art.kallmuenz.it\\\/it\\\/\",\"name\":\"Associazione Artistica Kallm\u00fcnz Merano\",\"description\":\"Arte e cultura a Merano\",\"publisher\":{\"@id\":\"https:\\\/\\\/art.kallmuenz.it\\\/it\\\/#organization\"},\"potentialAction\":[{\"@type\":\"SearchAction\",\"target\":{\"@type\":\"EntryPoint\",\"urlTemplate\":\"https:\\\/\\\/art.kallmuenz.it\\\/it\\\/?s={search_term_string}\"},\"query-input\":{\"@type\":\"PropertyValueSpecification\",\"valueRequired\":true,\"valueName\":\"search_term_string\"}}],\"inLanguage\":\"it-IT\"},{\"@type\":\"Organization\",\"@id\":\"https:\\\/\\\/art.kallmuenz.it\\\/it\\\/#organization\",\"name\":\"Kunstverein Kallm\u00fcnz\",\"url\":\"https:\\\/\\\/art.kallmuenz.it\\\/it\\\/\",\"logo\":{\"@type\":\"ImageObject\",\"inLanguage\":\"it-IT\",\"@id\":\"https:\\\/\\\/art.kallmuenz.it\\\/it\\\/#\\\/schema\\\/logo\\\/image\\\/\",\"url\":\"https:\\\/\\\/art.kallmuenz.it\\\/wp-content\\\/uploads\\\/2017\\\/04\\\/kallmuenz_stempel-preloader.png\",\"contentUrl\":\"https:\\\/\\\/art.kallmuenz.it\\\/wp-content\\\/uploads\\\/2017\\\/04\\\/kallmuenz_stempel-preloader.png\",\"width\":200,\"height\":176,\"caption\":\"Kunstverein Kallm\u00fcnz\"},\"image\":{\"@id\":\"https:\\\/\\\/art.kallmuenz.it\\\/it\\\/#\\\/schema\\\/logo\\\/image\\\/\"},\"sameAs\":[\"https:\\\/\\\/www.facebook.com\\\/KunstvereinKallmuenz\"]},{\"@type\":\"Person\",\"@id\":\"https:\\\/\\\/art.kallmuenz.it\\\/it\\\/#\\\/schema\\\/person\\\/2d3f5172d1b1545c374946b94c2dfcd2\",\"name\":\"\u00a1\u00e0ndale!\",\"image\":{\"@type\":\"ImageObject\",\"inLanguage\":\"it-IT\",\"@id\":\"https:\\\/\\\/secure.gravatar.com\\\/avatar\\\/e5477d2c73186d58b209d577373d5cc4822796d664543a8983596def2306f7d9?s=96&d=mm&r=g\",\"url\":\"https:\\\/\\\/secure.gravatar.com\\\/avatar\\\/e5477d2c73186d58b209d577373d5cc4822796d664543a8983596def2306f7d9?s=96&d=mm&r=g\",\"contentUrl\":\"https:\\\/\\\/secure.gravatar.com\\\/avatar\\\/e5477d2c73186d58b209d577373d5cc4822796d664543a8983596def2306f7d9?s=96&d=mm&r=g\",\"caption\":\"\u00a1\u00e0ndale!\"}}]}<\/script>\n<!-- \/ Yoast SEO plugin. -->","yoast_head_json":{"title":"Meraner Kabarett Tage 2026 - Associazione Artistica Kallm\u00fcnz Merano","description":"Meraner Kabarett Tage - 12.-29.03.26 - Stadttheater Meran: U. M. Heissig - L. Stoll - R. Palfrader - J. Mumford - T. Maurer - J. Jochimsen - M. Frank - T. Teubner","robots":{"index":"index","follow":"follow","max-snippet":"max-snippet:-1","max-image-preview":"max-image-preview:large","max-video-preview":"max-video-preview:-1"},"canonical":"https:\/\/art.kallmuenz.it\/it\/meraner-kabarett-tage-2026\/","og_locale":"it_IT","og_type":"article","og_title":"Meraner Kabarett Tage 2026 - Associazione Artistica Kallm\u00fcnz Merano","og_description":"Meraner Kabarett Tage - 12.-29.03.26 - Stadttheater Meran: U. M. Heissig - L. Stoll - R. Palfrader - J. Mumford - T. Maurer - J. Jochimsen - M. Frank - T. Teubner","og_url":"https:\/\/art.kallmuenz.it\/it\/meraner-kabarett-tage-2026\/","og_site_name":"Associazione Artistica Kallm\u00fcnz Merano","article_publisher":"https:\/\/www.facebook.com\/KunstvereinKallmuenz","article_published_time":"2025-10-15T06:32:16+00:00","article_modified_time":"2026-01-30T10:09:59+00:00","og_image":[{"width":1030,"height":687,"url":"https:\/\/art.kallmuenz.it\/wp-content\/uploads\/2025\/10\/MKT_HEADERBILD_2026.jpg","type":"image\/jpeg"}],"author":"\u00a1\u00e0ndale!","schema":{"@context":"https:\/\/schema.org","@graph":[{"@type":"Article","@id":"https:\/\/art.kallmuenz.it\/it\/meraner-kabarett-tage-2026\/#article","isPartOf":{"@id":"https:\/\/art.kallmuenz.it\/it\/meraner-kabarett-tage-2026\/"},"author":{"name":"\u00a1\u00e0ndale!","@id":"https:\/\/art.kallmuenz.it\/it\/#\/schema\/person\/2d3f5172d1b1545c374946b94c2dfcd2"},"headline":"Meraner Kabarett Tage 2026","datePublished":"2025-10-15T06:32:16+00:00","dateModified":"2026-01-30T10:09:59+00:00","mainEntityOfPage":{"@id":"https:\/\/art.kallmuenz.it\/it\/meraner-kabarett-tage-2026\/"},"wordCount":15864,"publisher":{"@id":"https:\/\/art.kallmuenz.it\/it\/#organization"},"image":{"@id":"https:\/\/art.kallmuenz.it\/it\/meraner-kabarett-tage-2026\/#primaryimage"},"thumbnailUrl":"https:\/\/art.kallmuenz.it\/wp-content\/uploads\/2025\/10\/MKT_HEADERBILD_2026.jpg","articleSection":["Cultura","Manifestazioni"],"inLanguage":"it-IT"},{"@type":"WebPage","@id":"https:\/\/art.kallmuenz.it\/it\/meraner-kabarett-tage-2026\/","url":"https:\/\/art.kallmuenz.it\/it\/meraner-kabarett-tage-2026\/","name":"Meraner Kabarett Tage 2026 - Associazione Artistica Kallm\u00fcnz Merano","isPartOf":{"@id":"https:\/\/art.kallmuenz.it\/it\/#website"},"primaryImageOfPage":{"@id":"https:\/\/art.kallmuenz.it\/it\/meraner-kabarett-tage-2026\/#primaryimage"},"image":{"@id":"https:\/\/art.kallmuenz.it\/it\/meraner-kabarett-tage-2026\/#primaryimage"},"thumbnailUrl":"https:\/\/art.kallmuenz.it\/wp-content\/uploads\/2025\/10\/MKT_HEADERBILD_2026.jpg","datePublished":"2025-10-15T06:32:16+00:00","dateModified":"2026-01-30T10:09:59+00:00","description":"Meraner Kabarett Tage - 12.-29.03.26 - Stadttheater Meran: U. M. Heissig - L. Stoll - R. Palfrader - J. Mumford - T. Maurer - J. Jochimsen - M. Frank - T. Teubner","breadcrumb":{"@id":"https:\/\/art.kallmuenz.it\/it\/meraner-kabarett-tage-2026\/#breadcrumb"},"inLanguage":"it-IT","potentialAction":[{"@type":"ReadAction","target":["https:\/\/art.kallmuenz.it\/it\/meraner-kabarett-tage-2026\/"]}]},{"@type":"ImageObject","inLanguage":"it-IT","@id":"https:\/\/art.kallmuenz.it\/it\/meraner-kabarett-tage-2026\/#primaryimage","url":"https:\/\/art.kallmuenz.it\/wp-content\/uploads\/2025\/10\/MKT_HEADERBILD_2026.jpg","contentUrl":"https:\/\/art.kallmuenz.it\/wp-content\/uploads\/2025\/10\/MKT_HEADERBILD_2026.jpg","width":1030,"height":687,"caption":"Meraner Kabarett Tage"},{"@type":"BreadcrumbList","@id":"https:\/\/art.kallmuenz.it\/it\/meraner-kabarett-tage-2026\/#breadcrumb","itemListElement":[{"@type":"ListItem","position":1,"name":"Startseite","item":"https:\/\/art.kallmuenz.it\/it\/associazione-culturale-kallmuenz-merano\/"},{"@type":"ListItem","position":2,"name":"Meraner Kabarett Tage 2026"}]},{"@type":"WebSite","@id":"https:\/\/art.kallmuenz.it\/it\/#website","url":"https:\/\/art.kallmuenz.it\/it\/","name":"Associazione Artistica Kallm\u00fcnz Merano","description":"Arte e cultura a Merano","publisher":{"@id":"https:\/\/art.kallmuenz.it\/it\/#organization"},"potentialAction":[{"@type":"SearchAction","target":{"@type":"EntryPoint","urlTemplate":"https:\/\/art.kallmuenz.it\/it\/?s={search_term_string}"},"query-input":{"@type":"PropertyValueSpecification","valueRequired":true,"valueName":"search_term_string"}}],"inLanguage":"it-IT"},{"@type":"Organization","@id":"https:\/\/art.kallmuenz.it\/it\/#organization","name":"Kunstverein Kallm\u00fcnz","url":"https:\/\/art.kallmuenz.it\/it\/","logo":{"@type":"ImageObject","inLanguage":"it-IT","@id":"https:\/\/art.kallmuenz.it\/it\/#\/schema\/logo\/image\/","url":"https:\/\/art.kallmuenz.it\/wp-content\/uploads\/2017\/04\/kallmuenz_stempel-preloader.png","contentUrl":"https:\/\/art.kallmuenz.it\/wp-content\/uploads\/2017\/04\/kallmuenz_stempel-preloader.png","width":200,"height":176,"caption":"Kunstverein Kallm\u00fcnz"},"image":{"@id":"https:\/\/art.kallmuenz.it\/it\/#\/schema\/logo\/image\/"},"sameAs":["https:\/\/www.facebook.com\/KunstvereinKallmuenz"]},{"@type":"Person","@id":"https:\/\/art.kallmuenz.it\/it\/#\/schema\/person\/2d3f5172d1b1545c374946b94c2dfcd2","name":"\u00a1\u00e0ndale!","image":{"@type":"ImageObject","inLanguage":"it-IT","@id":"https:\/\/secure.gravatar.com\/avatar\/e5477d2c73186d58b209d577373d5cc4822796d664543a8983596def2306f7d9?s=96&d=mm&r=g","url":"https:\/\/secure.gravatar.com\/avatar\/e5477d2c73186d58b209d577373d5cc4822796d664543a8983596def2306f7d9?s=96&d=mm&r=g","contentUrl":"https:\/\/secure.gravatar.com\/avatar\/e5477d2c73186d58b209d577373d5cc4822796d664543a8983596def2306f7d9?s=96&d=mm&r=g","caption":"\u00a1\u00e0ndale!"}}]}},"_links":{"self":[{"href":"https:\/\/art.kallmuenz.it\/it\/wp-json\/wp\/v2\/posts\/3136","targetHints":{"allow":["GET"]}}],"collection":[{"href":"https:\/\/art.kallmuenz.it\/it\/wp-json\/wp\/v2\/posts"}],"about":[{"href":"https:\/\/art.kallmuenz.it\/it\/wp-json\/wp\/v2\/types\/post"}],"author":[{"embeddable":true,"href":"https:\/\/art.kallmuenz.it\/it\/wp-json\/wp\/v2\/users\/4021"}],"replies":[{"embeddable":true,"href":"https:\/\/art.kallmuenz.it\/it\/wp-json\/wp\/v2\/comments?post=3136"}],"version-history":[{"count":28,"href":"https:\/\/art.kallmuenz.it\/it\/wp-json\/wp\/v2\/posts\/3136\/revisions"}],"predecessor-version":[{"id":3433,"href":"https:\/\/art.kallmuenz.it\/it\/wp-json\/wp\/v2\/posts\/3136\/revisions\/3433"}],"wp:featuredmedia":[{"embeddable":true,"href":"https:\/\/art.kallmuenz.it\/it\/wp-json\/wp\/v2\/media\/3128"}],"wp:attachment":[{"href":"https:\/\/art.kallmuenz.it\/it\/wp-json\/wp\/v2\/media?parent=3136"}],"wp:term":[{"taxonomy":"category","embeddable":true,"href":"https:\/\/art.kallmuenz.it\/it\/wp-json\/wp\/v2\/categories?post=3136"},{"taxonomy":"post_tag","embeddable":true,"href":"https:\/\/art.kallmuenz.it\/it\/wp-json\/wp\/v2\/tags?post=3136"}],"curies":[{"name":"wp","href":"https:\/\/api.w.org\/{rel}","templated":true}]}}