{"id":457,"date":"2017-12-08T17:23:49","date_gmt":"2017-12-08T16:23:49","guid":{"rendered":"https:\/\/www.kallmuenz.it\/weihnachtsmarkt-2018\/"},"modified":"2018-11-26T16:57:26","modified_gmt":"2018-11-26T15:57:26","slug":"mercatino-di-natale-2017","status":"publish","type":"post","link":"https:\/\/art.kallmuenz.it\/it\/mercatino-di-natale-2017\/","title":{"rendered":"Mercatino di Natale 2017"},"content":{"rendered":"\n<style type=\"text\/css\" data-created_by=\"avia_inline_auto\" id=\"style-css-av-av_one_fifth-15d750bd1b332b34c6e70b077ebbccdf\">\n.flex_column.av-av_one_fifth-15d750bd1b332b34c6e70b077ebbccdf{\nborder-radius:0px 0px 0px 0px;\npadding:0px 0px 0px 0px;\n}\n<\/style>\n<div  class='flex_column av-av_one_fifth-15d750bd1b332b34c6e70b077ebbccdf av_one_fifth  avia-builder-el-0  el_before_av_three_fifth  avia-builder-el-first  first flex_column_div av-zero-column-padding  '     ><\/div>\n\n<style type=\"text\/css\" data-created_by=\"avia_inline_auto\" id=\"style-css-av-av_three_fifth-c8fc129dc35fd1ae2a1e410224d39ea8\">\n.flex_column.av-av_three_fifth-c8fc129dc35fd1ae2a1e410224d39ea8{\nborder-radius:0px 0px 0px 0px;\npadding:0px 0px 0px 0px;\n}\n<\/style>\n<div  class='flex_column av-av_three_fifth-c8fc129dc35fd1ae2a1e410224d39ea8 av_three_fifth  avia-builder-el-1  el_after_av_one_fifth  el_before_av_one_fifth  flex_column_div av-zero-column-padding  '     ><style type=\"text\/css\" data-created_by=\"avia_inline_auto\" id=\"style-css-av-av_image-1612ea46f30f775d17c798dc74774909\">\n.avia-image-container.av-av_image-1612ea46f30f775d17c798dc74774909 img.avia_image{\nbox-shadow:none;\n}\n.avia-image-container.av-av_image-1612ea46f30f775d17c798dc74774909 .av-image-caption-overlay-center{\ncolor:#ffffff;\n}\n<\/style>\n<div  class='avia-image-container av-av_image-1612ea46f30f775d17c798dc74774909 av-styling- av-img-linked avia_animated_image av-animated-when-visible-95 fade-in avia-align-center  avia-builder-el-2  avia-builder-el-no-sibling '   itemprop=\"image\" itemscope=\"itemscope\" itemtype=\"https:\/\/schema.org\/ImageObject\" ><div class=\"avia-image-container-inner\"><div class=\"avia-image-overlay-wrap\"><a href=\"https:\/\/art.kallmuenz.it\/wp-content\/uploads\/2017\/12\/schloss-kallmuenz_weihnachtsmarkt-2018-1030x687.jpg\" data-srcset=\"https:\/\/art.kallmuenz.it\/wp-content\/uploads\/2017\/12\/schloss-kallmuenz_weihnachtsmarkt-2018.jpg 1030w, https:\/\/art.kallmuenz.it\/wp-content\/uploads\/2017\/12\/schloss-kallmuenz_weihnachtsmarkt-2018-300x200.jpg 300w, https:\/\/art.kallmuenz.it\/wp-content\/uploads\/2017\/12\/schloss-kallmuenz_weihnachtsmarkt-2018-768x512.jpg 768w, https:\/\/art.kallmuenz.it\/wp-content\/uploads\/2017\/12\/schloss-kallmuenz_weihnachtsmarkt-2018-705x470.jpg 705w, https:\/\/art.kallmuenz.it\/wp-content\/uploads\/2017\/12\/schloss-kallmuenz_weihnachtsmarkt-2018-450x300.jpg 450w\" data-sizes=\"(max-width: 1030px) 100vw, 1030px\" class='avia_image '  aria-label='schloss-kallmuenz_weihnachtsmarkt-2018'><img decoding=\"async\" fetchpriority=\"high\" class='wp-image-380 avia-img-lazy-loading-not-380 avia_image ' src=\"https:\/\/art.kallmuenz.it\/wp-content\/uploads\/2017\/12\/schloss-kallmuenz_weihnachtsmarkt-2018.jpg\" alt='Mercatino di Natale 2017' title='schloss-kallmuenz_weihnachtsmarkt-2018'  height=\"687\" width=\"1030\"  itemprop=\"thumbnailUrl\" srcset=\"https:\/\/art.kallmuenz.it\/wp-content\/uploads\/2017\/12\/schloss-kallmuenz_weihnachtsmarkt-2018.jpg 1030w, https:\/\/art.kallmuenz.it\/wp-content\/uploads\/2017\/12\/schloss-kallmuenz_weihnachtsmarkt-2018-300x200.jpg 300w, https:\/\/art.kallmuenz.it\/wp-content\/uploads\/2017\/12\/schloss-kallmuenz_weihnachtsmarkt-2018-768x512.jpg 768w, https:\/\/art.kallmuenz.it\/wp-content\/uploads\/2017\/12\/schloss-kallmuenz_weihnachtsmarkt-2018-705x470.jpg 705w, https:\/\/art.kallmuenz.it\/wp-content\/uploads\/2017\/12\/schloss-kallmuenz_weihnachtsmarkt-2018-450x300.jpg 450w\" sizes=\"(max-width: 1030px) 100vw, 1030px\" \/><\/a><\/div><\/div><\/div><\/div>\n\n<style type=\"text\/css\" data-created_by=\"avia_inline_auto\" id=\"style-css-av-av_one_fifth-c8fc129dc35fd1ae2a1e410224d39ea8\">\n.flex_column.av-av_one_fifth-c8fc129dc35fd1ae2a1e410224d39ea8{\nborder-radius:0px 0px 0px 0px;\npadding:0px 0px 0px 0px;\n}\n<\/style>\n<div  class='flex_column av-av_one_fifth-c8fc129dc35fd1ae2a1e410224d39ea8 av_one_fifth  avia-builder-el-3  el_after_av_three_fifth  el_before_av_hr  flex_column_div av-zero-column-padding  '     ><\/div>\n\n<style type=\"text\/css\" data-created_by=\"avia_inline_auto\" id=\"style-css-av-av_hr-1444f119fdf9d2bbd77b18fa9273ece4\">\n#top .hr.av-av_hr-1444f119fdf9d2bbd77b18fa9273ece4{\nmargin-top:50px;\nmargin-bottom:50px;\n}\n.hr.av-av_hr-1444f119fdf9d2bbd77b18fa9273ece4 .hr-inner{\nwidth:50px;\nmax-width:45%;\n}\n.hr.av-av_hr-1444f119fdf9d2bbd77b18fa9273ece4 .av-seperator-icon{\ncolor:#877143;\n}\n.hr.av-av_hr-1444f119fdf9d2bbd77b18fa9273ece4 .av-seperator-icon.avia-svg-icon svg:first-child{\nfill:#877143;\nstroke:#877143;\n}\n<\/style>\n<div  class='hr av-av_hr-1444f119fdf9d2bbd77b18fa9273ece4 hr-custom  avia-builder-el-4  el_after_av_one_fifth  el_before_av_textblock  hr-center hr-icon-yes'><span class='hr-inner inner-border-av-border-thin'><span class=\"hr-inner-style\"><\/span><\/span><span class='av-seperator-icon avia-iconfont avia-font-entypo-fontello' data-av_icon='\ue808' data-av_iconfont='entypo-fontello' ><\/span><span class='hr-inner inner-border-av-border-thin'><span class=\"hr-inner-style\"><\/span><\/span><\/div>\n<section  class='av_textblock_section av-av_textblock-2de302bf1aa3cf4c9157dbe6f50ac7eb '   itemscope=\"itemscope\" itemtype=\"https:\/\/schema.org\/BlogPosting\" itemprop=\"blogPost\" ><div class='avia_textblock'  itemprop=\"text\" ><h3 style=\"text-align: center;\">Arte &amp; Artigianato nel Castello Kallm\u00fcnz<\/h3>\n<h1 style=\"text-align: center;\">MERCATINO DI NATALE<\/h1>\n<\/div><\/section>\n<\/div><\/div><\/div><!-- close content main div --><\/div><\/div><div id='av-layout-grid-1'  class='av-layout-grid-container av-av_layout_row-edf07c93594a85695fda65c20c2393d8 entry-content-wrapper main_color av-flex-cells  avia-builder-el-6  el_after_av_textblock  el_before_av_masonry_gallery  grid-row-not-first  container_wrap fullsize'  >\n\n<style type=\"text\/css\" data-created_by=\"avia_inline_auto\" id=\"style-css-av-av_cell_one_half-f57c70f9f5a63fd800eb5b955b847c2a\">\n.flex_cell.av-av_cell_one_half-f57c70f9f5a63fd800eb5b955b847c2a{\nvertical-align:top;\n}\n.responsive #top #wrap_all .flex_cell.av-av_cell_one_half-f57c70f9f5a63fd800eb5b955b847c2a{\npadding:30px 30px 30px 30px !important;\n}\n<\/style>\n<div class='flex_cell av-av_cell_one_half-f57c70f9f5a63fd800eb5b955b847c2a av-gridrow-cell av_one_half no_margin  avia-builder-el-7  el_before_av_cell_one_half  avia-builder-el-first  content-align-top'  ><div class='flex_cell_inner'><section  class='av_textblock_section av-av_textblock-2de302bf1aa3cf4c9157dbe6f50ac7eb '   itemscope=\"itemscope\" itemtype=\"https:\/\/schema.org\/BlogPosting\" itemprop=\"blogPost\" ><div class='avia_textblock'  itemprop=\"text\" ><h3 style=\"text-align: center;\">venerd\u00ec, 8 &#8211; domenica, 10 dicembre 2017<br \/>\naperto dalle ore 11 alle 20<\/h3>\n<p style=\"text-align: left;\"><strong>michael agreiter<\/strong> borse\u00a0<strong>freestyle wednes-day<\/strong> giochi &amp; more<strong> lena gr\u00fcner<\/strong>\u00a0gioielli di macram\u00e9\u00a0<strong>kerstin kahl<\/strong> heilig-kitschig-sch\u00f6n <strong>barbara klopfer\u00a0<\/strong>gioielli\u00a0<strong>huberta &amp; rosa knoll<\/strong>\u00a0 molto bellissimo\u00a0<strong>cornelia larcher<\/strong> tessitura a mano\u00a0<strong>christian mittendorfer<\/strong> legno\u00a0<strong>nikolaus pichler<\/strong> ciottole di legno laccate<strong> zita pichler<\/strong> luce\u00a0<strong>helene pobitzer<\/strong> vetro\u00a0<strong>simply.c.handmade<\/strong>\u00a0 tessuti\u00a0<strong>elfi somavilla<\/strong> terracotta <strong>veronika thurin<\/strong> ceramica<\/p>\n<\/div><\/section>\n<\/div><\/div>\n<style type=\"text\/css\" data-created_by=\"avia_inline_auto\" id=\"style-css-av-av_cell_one_half-f57c70f9f5a63fd800eb5b955b847c2a\">\n.flex_cell.av-av_cell_one_half-f57c70f9f5a63fd800eb5b955b847c2a{\nvertical-align:top;\n}\n.responsive #top #wrap_all .flex_cell.av-av_cell_one_half-f57c70f9f5a63fd800eb5b955b847c2a{\npadding:30px 30px 30px 30px !important;\n}\n<\/style>\n<div class='flex_cell av-av_cell_one_half-f57c70f9f5a63fd800eb5b955b847c2a av-gridrow-cell av_one_half no_margin  avia-builder-el-9  el_after_av_cell_one_half  avia-builder-el-last  content-align-top'  ><div class='flex_cell_inner'><section  class='av_textblock_section av-av_textblock-2de302bf1aa3cf4c9157dbe6f50ac7eb '   itemscope=\"itemscope\" itemtype=\"https:\/\/schema.org\/BlogPosting\" itemprop=\"blogPost\" ><div class='avia_textblock'  itemprop=\"text\" ><h3 style=\"text-align: center;\">venerd\u00ec, 15 &#8211; domenica, 17 dicembre 2017<br \/>\naperto dalle ore 11 alle 20<\/h3>\n<p><strong>7 things<\/strong> lavori in feltro\u00a0<strong>edita<\/strong> gioielli&amp;tessuti\u00a0<strong>freestyle wednesday<\/strong>\u00a0 giochi &amp; more <strong>hofbrennerei gaudenz <\/strong>acquaviti e grappe\u00a0<strong>giorgio loner<\/strong> una montagna di segni\u00a0<strong>kfs&amp;it<\/strong> creative\u00a0 upcycled\u00a0 lamp design <strong>kerstin kahl<\/strong> heilig-kitschig-sch\u00f6n <strong>huberta &amp; rosa knoll<\/strong> molto bellissimo\u00a0<strong>cornelia larcher\u00a0<\/strong>tessitura a mano\u00a0<strong>zita pichler<\/strong> luce\u00a0<strong>helga schwabl\u00a0<\/strong>feltro\u00a0<strong>shakti siedler\u00a0<\/strong> Perlenkn\u00fcpferei <strong>elfi somavilla<\/strong> terracotta <strong>traudi<\/strong> borse\u00a0<strong>birgit wibmer<\/strong> saponi naturali<\/p>\n<\/div><\/section>\n<\/div><\/div>\n<\/div>\n<div id='av-masonry-1' class='av-masonry av-av_masonry_gallery-5ecd5ffd345a67b17817fdb99af3cd5f noHover av-fixed-size av-large-gap av-hover-overlay-active av-masonry-animation-active av-masonry-col-5 av-caption-always av-caption-style- av-masonry-gallery ' data-post_id=\"457\"><div class=\"av-masonry-container isotope av-js-disabled\"><div class='av-masonry-entry isotope-item av-masonry-item-no-image '><\/div><a href=\"https:\/\/art.kallmuenz.it\/wp-content\/uploads\/2017\/12\/schloss-kallmuenz_gambiaflag-1030x687.jpg\" data-srcset=\"https:\/\/art.kallmuenz.it\/wp-content\/uploads\/2017\/12\/schloss-kallmuenz_gambiaflag.jpg 1030w, https:\/\/art.kallmuenz.it\/wp-content\/uploads\/2017\/12\/schloss-kallmuenz_gambiaflag-300x200.jpg 300w, https:\/\/art.kallmuenz.it\/wp-content\/uploads\/2017\/12\/schloss-kallmuenz_gambiaflag-768x512.jpg 768w, https:\/\/art.kallmuenz.it\/wp-content\/uploads\/2017\/12\/schloss-kallmuenz_gambiaflag-705x470.jpg 705w, https:\/\/art.kallmuenz.it\/wp-content\/uploads\/2017\/12\/schloss-kallmuenz_gambiaflag-450x300.jpg 450w\" data-sizes=\"(max-width: 1030px) 100vw, 1030px\"  aria-label=\"image schloss-kallmuenz_gambiaflag\"  id='av-masonry-1-item-390' data-av-masonry-item='390' class='av-masonry-entry isotope-item post-390 attachment type-attachment status-inherit hentry  av-masonry-item-with-image' title=\"schloss-kallmuenz_gambiaflag\" alt=\"\"    itemprop=\"thumbnailUrl\" ><div class='av-inner-masonry-sizer'><\/div><figure class='av-inner-masonry main_color'><div class=\"av-masonry-outerimage-container\"><div class='av-masonry-image-container' style=\"background-image: url(https:\/\/art.kallmuenz.it\/wp-content\/uploads\/2017\/12\/schloss-kallmuenz_gambiaflag-705x470.jpg);\"  title=\"schloss-kallmuenz_gambiaflag\" ><\/div><\/div><\/figure><\/a><!--end av-masonry entry--><a href=\"https:\/\/art.kallmuenz.it\/wp-content\/uploads\/2017\/12\/schloss-kallmuenz_foto_thurin1_17-1030x687.jpg\" data-srcset=\"https:\/\/art.kallmuenz.it\/wp-content\/uploads\/2017\/12\/schloss-kallmuenz_foto_thurin1_17.jpg 1030w, https:\/\/art.kallmuenz.it\/wp-content\/uploads\/2017\/12\/schloss-kallmuenz_foto_thurin1_17-300x200.jpg 300w, https:\/\/art.kallmuenz.it\/wp-content\/uploads\/2017\/12\/schloss-kallmuenz_foto_thurin1_17-768x512.jpg 768w, https:\/\/art.kallmuenz.it\/wp-content\/uploads\/2017\/12\/schloss-kallmuenz_foto_thurin1_17-705x470.jpg 705w, https:\/\/art.kallmuenz.it\/wp-content\/uploads\/2017\/12\/schloss-kallmuenz_foto_thurin1_17-450x300.jpg 450w\" data-sizes=\"(max-width: 1030px) 100vw, 1030px\"  aria-label=\"image schloss-kallmuenz_foto_thurin1_17\"  id='av-masonry-1-item-388' data-av-masonry-item='388' class='av-masonry-entry isotope-item post-388 attachment type-attachment status-inherit hentry  av-masonry-item-with-image' title=\"schloss-kallmuenz_foto_thurin1_17\" alt=\"\"    itemprop=\"thumbnailUrl\" ><div class='av-inner-masonry-sizer'><\/div><figure class='av-inner-masonry main_color'><div class=\"av-masonry-outerimage-container\"><div class='av-masonry-image-container' style=\"background-image: url(https:\/\/art.kallmuenz.it\/wp-content\/uploads\/2017\/12\/schloss-kallmuenz_foto_thurin1_17-705x470.jpg);\"  title=\"schloss-kallmuenz_foto_thurin1_17\" ><\/div><\/div><\/figure><\/a><!--end av-masonry entry--><a href=\"https:\/\/art.kallmuenz.it\/wp-content\/uploads\/2017\/12\/schloss-kallmuenz_foto_schwabl_17-1030x687.jpg\" data-srcset=\"https:\/\/art.kallmuenz.it\/wp-content\/uploads\/2017\/12\/schloss-kallmuenz_foto_schwabl_17.jpg 1030w, https:\/\/art.kallmuenz.it\/wp-content\/uploads\/2017\/12\/schloss-kallmuenz_foto_schwabl_17-300x200.jpg 300w, https:\/\/art.kallmuenz.it\/wp-content\/uploads\/2017\/12\/schloss-kallmuenz_foto_schwabl_17-768x512.jpg 768w, https:\/\/art.kallmuenz.it\/wp-content\/uploads\/2017\/12\/schloss-kallmuenz_foto_schwabl_17-705x470.jpg 705w, https:\/\/art.kallmuenz.it\/wp-content\/uploads\/2017\/12\/schloss-kallmuenz_foto_schwabl_17-450x300.jpg 450w\" data-sizes=\"(max-width: 1030px) 100vw, 1030px\"  aria-label=\"image schloss-kallmuenz_foto_schwabl_17\"  id='av-masonry-1-item-386' data-av-masonry-item='386' class='av-masonry-entry isotope-item post-386 attachment type-attachment status-inherit hentry  av-masonry-item-with-image' title=\"schloss-kallmuenz_foto_schwabl_17\" alt=\"\"    itemprop=\"thumbnailUrl\" ><div class='av-inner-masonry-sizer'><\/div><figure class='av-inner-masonry main_color'><div class=\"av-masonry-outerimage-container\"><div class='av-masonry-image-container' style=\"background-image: url(https:\/\/art.kallmuenz.it\/wp-content\/uploads\/2017\/12\/schloss-kallmuenz_foto_schwabl_17-705x470.jpg);\"  title=\"schloss-kallmuenz_foto_schwabl_17\" ><\/div><\/div><\/figure><\/a><!--end av-masonry entry--><a href=\"https:\/\/art.kallmuenz.it\/wp-content\/uploads\/2017\/12\/schloss-kallmuenz_foto_pobitzer-1001.jpg\" data-srcset=\"https:\/\/art.kallmuenz.it\/wp-content\/uploads\/2017\/12\/schloss-kallmuenz_foto_pobitzer-1001.jpg 687w, https:\/\/art.kallmuenz.it\/wp-content\/uploads\/2017\/12\/schloss-kallmuenz_foto_pobitzer-1001-80x80.jpg 80w, https:\/\/art.kallmuenz.it\/wp-content\/uploads\/2017\/12\/schloss-kallmuenz_foto_pobitzer-1001-300x300.jpg 300w, https:\/\/art.kallmuenz.it\/wp-content\/uploads\/2017\/12\/schloss-kallmuenz_foto_pobitzer-1001-36x36.jpg 36w, https:\/\/art.kallmuenz.it\/wp-content\/uploads\/2017\/12\/schloss-kallmuenz_foto_pobitzer-1001-180x180.jpg 180w, https:\/\/art.kallmuenz.it\/wp-content\/uploads\/2017\/12\/schloss-kallmuenz_foto_pobitzer-1001-120x120.jpg 120w, https:\/\/art.kallmuenz.it\/wp-content\/uploads\/2017\/12\/schloss-kallmuenz_foto_pobitzer-1001-450x450.jpg 450w\" data-sizes=\"(max-width: 687px) 100vw, 687px\"  aria-label=\"image schloss-kallmuenz_foto_pobitzer-1001\"  id='av-masonry-1-item-384' data-av-masonry-item='384' class='av-masonry-entry isotope-item post-384 attachment type-attachment status-inherit hentry  av-masonry-item-with-image' title=\"schloss-kallmuenz_foto_pobitzer-1001\" alt=\"\"    itemprop=\"thumbnailUrl\" ><div class='av-inner-masonry-sizer'><\/div><figure class='av-inner-masonry main_color'><div class=\"av-masonry-outerimage-container\"><div class='av-masonry-image-container' style=\"background-image: url(https:\/\/art.kallmuenz.it\/wp-content\/uploads\/2017\/12\/schloss-kallmuenz_foto_pobitzer-1001.jpg);\"  title=\"schloss-kallmuenz_foto_pobitzer-1001\" ><\/div><\/div><\/figure><\/a><!--end av-masonry entry--><a href=\"https:\/\/art.kallmuenz.it\/wp-content\/uploads\/2017\/12\/schloss-kallmuenz_foto_mittendorfer_17-1030x687.jpg\" data-srcset=\"https:\/\/art.kallmuenz.it\/wp-content\/uploads\/2017\/12\/schloss-kallmuenz_foto_mittendorfer_17.jpg 1030w, https:\/\/art.kallmuenz.it\/wp-content\/uploads\/2017\/12\/schloss-kallmuenz_foto_mittendorfer_17-300x200.jpg 300w, https:\/\/art.kallmuenz.it\/wp-content\/uploads\/2017\/12\/schloss-kallmuenz_foto_mittendorfer_17-768x512.jpg 768w, https:\/\/art.kallmuenz.it\/wp-content\/uploads\/2017\/12\/schloss-kallmuenz_foto_mittendorfer_17-705x470.jpg 705w, https:\/\/art.kallmuenz.it\/wp-content\/uploads\/2017\/12\/schloss-kallmuenz_foto_mittendorfer_17-450x300.jpg 450w\" data-sizes=\"(max-width: 1030px) 100vw, 1030px\"  aria-label=\"image schloss-kallmuenz_foto_mittendorfer_17\"  id='av-masonry-1-item-382' data-av-masonry-item='382' class='av-masonry-entry isotope-item post-382 attachment type-attachment status-inherit hentry  av-masonry-item-with-image' title=\"schloss-kallmuenz_foto_mittendorfer_17\" alt=\"\"    itemprop=\"thumbnailUrl\" ><div class='av-inner-masonry-sizer'><\/div><figure class='av-inner-masonry main_color'><div class=\"av-masonry-outerimage-container\"><div class='av-masonry-image-container' style=\"background-image: url(https:\/\/art.kallmuenz.it\/wp-content\/uploads\/2017\/12\/schloss-kallmuenz_foto_mittendorfer_17-705x470.jpg);\"  title=\"schloss-kallmuenz_foto_mittendorfer_17\" ><\/div><\/div><\/figure><\/a><!--end av-masonry entry--><\/div><\/div>\n\n<style type=\"text\/css\" data-created_by=\"avia_inline_auto\" id=\"style-css-av-av_one_third-15d750bd1b332b34c6e70b077ebbccdf\">\n.flex_column.av-av_one_third-15d750bd1b332b34c6e70b077ebbccdf{\nborder-radius:0px 0px 0px 0px;\npadding:0px 0px 0px 0px;\n}\n<\/style>\n<div  class='flex_column av-av_one_third-15d750bd1b332b34c6e70b077ebbccdf av_one_third  avia-builder-el-12  el_after_av_masonry_gallery  el_before_av_one_third  avia-builder-el-first  first flex_column_div av-zero-column-padding  '     ><\/div>\n\n<style type=\"text\/css\" data-created_by=\"avia_inline_auto\" id=\"style-css-av-av_one_third-c8fc129dc35fd1ae2a1e410224d39ea8\">\n.flex_column.av-av_one_third-c8fc129dc35fd1ae2a1e410224d39ea8{\nborder-radius:0px 0px 0px 0px;\npadding:0px 0px 0px 0px;\n}\n<\/style>\n<div  class='flex_column av-av_one_third-c8fc129dc35fd1ae2a1e410224d39ea8 av_one_third  avia-builder-el-13  el_after_av_one_third  el_before_av_one_third  flex_column_div av-zero-column-padding  '     ><\/div>\n\n<style type=\"text\/css\" data-created_by=\"avia_inline_auto\" id=\"style-css-av-av_one_third-c8fc129dc35fd1ae2a1e410224d39ea8\">\n.flex_column.av-av_one_third-c8fc129dc35fd1ae2a1e410224d39ea8{\nborder-radius:0px 0px 0px 0px;\npadding:0px 0px 0px 0px;\n}\n<\/style>\n<div  class='flex_column av-av_one_third-c8fc129dc35fd1ae2a1e410224d39ea8 av_one_third  avia-builder-el-15  el_after_av_one_third  avia-builder-el-last  flex_column_div av-zero-column-padding  '     ><\/div>\n","protected":false},"excerpt":{"rendered":"<p>8-10 dicembre 2017<br \/>\n15-17 dicembre 2017<\/p>\n","protected":false},"author":4021,"featured_media":380,"comment_status":"closed","ping_status":"closed","sticky":false,"template":"","format":"standard","meta":{"footnotes":""},"categories":[41],"tags":[],"class_list":["post-457","post","type-post","status-publish","format-standard","has-post-thumbnail","hentry","category-archivio"],"yoast_head":"<!-- This site is optimized with the Yoast SEO plugin v27.5 - https:\/\/yoast.com\/product\/yoast-seo-wordpress\/ -->\n<title>Mercatino di Natale 2017 - Associazione Artistica Kallm\u00fcnz Merano<\/title>\n<meta name=\"description\" content=\"Mercatino di Natale 2017 Kallm\u00fcnz Merano: venerd\u00ec 8. - domenica 10.12.2017 \u2013 venerd\u00ec 15. - domenica 17.10.2017 - dalle ore 11 alle 20\" \/>\n<meta name=\"robots\" content=\"index, follow, max-snippet:-1, max-image-preview:large, max-video-preview:-1\" \/>\n<link rel=\"canonical\" href=\"https:\/\/art.kallmuenz.it\/it\/mercatino-di-natale-2017\/\" \/>\n<meta property=\"og:locale\" content=\"it_IT\" \/>\n<meta property=\"og:type\" content=\"article\" \/>\n<meta property=\"og:title\" content=\"Mercatino di Natale 2017 - Associazione Artistica Kallm\u00fcnz Merano\" \/>\n<meta property=\"og:description\" content=\"Mercatino di Natale 2017 Kallm\u00fcnz Merano: venerd\u00ec 8. - domenica 10.12.2017 \u2013 venerd\u00ec 15. - domenica 17.10.2017 - dalle ore 11 alle 20\" \/>\n<meta property=\"og:url\" content=\"https:\/\/art.kallmuenz.it\/it\/mercatino-di-natale-2017\/\" \/>\n<meta property=\"og:site_name\" content=\"Associazione Artistica Kallm\u00fcnz Merano\" \/>\n<meta property=\"article:publisher\" content=\"https:\/\/www.facebook.com\/KunstvereinKallmuenz\" \/>\n<meta property=\"article:published_time\" content=\"2017-12-08T16:23:49+00:00\" \/>\n<meta property=\"article:modified_time\" content=\"2018-11-26T15:57:26+00:00\" \/>\n<meta property=\"og:image\" content=\"https:\/\/art.kallmuenz.it\/wp-content\/uploads\/2017\/12\/schloss-kallmuenz_weihnachtsmarkt-2018.jpg\" \/>\n\t<meta property=\"og:image:width\" content=\"1030\" \/>\n\t<meta property=\"og:image:height\" content=\"687\" \/>\n\t<meta property=\"og:image:type\" content=\"image\/jpeg\" \/>\n<meta name=\"author\" content=\"\u00a1\u00e0ndale!\" \/>\n<script type=\"application\/ld+json\" class=\"yoast-schema-graph\">{\"@context\":\"https:\\\/\\\/schema.org\",\"@graph\":[{\"@type\":\"Article\",\"@id\":\"https:\\\/\\\/art.kallmuenz.it\\\/it\\\/mercatino-di-natale-2017\\\/#article\",\"isPartOf\":{\"@id\":\"https:\\\/\\\/art.kallmuenz.it\\\/it\\\/mercatino-di-natale-2017\\\/\"},\"author\":{\"name\":\"\u00a1\u00e0ndale!\",\"@id\":\"https:\\\/\\\/art.kallmuenz.it\\\/it\\\/#\\\/schema\\\/person\\\/2d3f5172d1b1545c374946b94c2dfcd2\"},\"headline\":\"Mercatino di Natale 2017\",\"datePublished\":\"2017-12-08T16:23:49+00:00\",\"dateModified\":\"2018-11-26T15:57:26+00:00\",\"mainEntityOfPage\":{\"@id\":\"https:\\\/\\\/art.kallmuenz.it\\\/it\\\/mercatino-di-natale-2017\\\/\"},\"wordCount\":623,\"publisher\":{\"@id\":\"https:\\\/\\\/art.kallmuenz.it\\\/it\\\/#organization\"},\"image\":{\"@id\":\"https:\\\/\\\/art.kallmuenz.it\\\/it\\\/mercatino-di-natale-2017\\\/#primaryimage\"},\"thumbnailUrl\":\"https:\\\/\\\/art.kallmuenz.it\\\/wp-content\\\/uploads\\\/2017\\\/12\\\/schloss-kallmuenz_weihnachtsmarkt-2018.jpg\",\"articleSection\":[\"Archivio\"],\"inLanguage\":\"it-IT\"},{\"@type\":\"WebPage\",\"@id\":\"https:\\\/\\\/art.kallmuenz.it\\\/it\\\/mercatino-di-natale-2017\\\/\",\"url\":\"https:\\\/\\\/art.kallmuenz.it\\\/it\\\/mercatino-di-natale-2017\\\/\",\"name\":\"Mercatino di Natale 2017 - Associazione Artistica Kallm\u00fcnz Merano\",\"isPartOf\":{\"@id\":\"https:\\\/\\\/art.kallmuenz.it\\\/it\\\/#website\"},\"primaryImageOfPage\":{\"@id\":\"https:\\\/\\\/art.kallmuenz.it\\\/it\\\/mercatino-di-natale-2017\\\/#primaryimage\"},\"image\":{\"@id\":\"https:\\\/\\\/art.kallmuenz.it\\\/it\\\/mercatino-di-natale-2017\\\/#primaryimage\"},\"thumbnailUrl\":\"https:\\\/\\\/art.kallmuenz.it\\\/wp-content\\\/uploads\\\/2017\\\/12\\\/schloss-kallmuenz_weihnachtsmarkt-2018.jpg\",\"datePublished\":\"2017-12-08T16:23:49+00:00\",\"dateModified\":\"2018-11-26T15:57:26+00:00\",\"description\":\"Mercatino di Natale 2017 Kallm\u00fcnz Merano: venerd\u00ec 8. - domenica 10.12.2017 \u2013 venerd\u00ec 15. - domenica 17.10.2017 - dalle ore 11 alle 20\",\"breadcrumb\":{\"@id\":\"https:\\\/\\\/art.kallmuenz.it\\\/it\\\/mercatino-di-natale-2017\\\/#breadcrumb\"},\"inLanguage\":\"it-IT\",\"potentialAction\":[{\"@type\":\"ReadAction\",\"target\":[\"https:\\\/\\\/art.kallmuenz.it\\\/it\\\/mercatino-di-natale-2017\\\/\"]}]},{\"@type\":\"ImageObject\",\"inLanguage\":\"it-IT\",\"@id\":\"https:\\\/\\\/art.kallmuenz.it\\\/it\\\/mercatino-di-natale-2017\\\/#primaryimage\",\"url\":\"https:\\\/\\\/art.kallmuenz.it\\\/wp-content\\\/uploads\\\/2017\\\/12\\\/schloss-kallmuenz_weihnachtsmarkt-2018.jpg\",\"contentUrl\":\"https:\\\/\\\/art.kallmuenz.it\\\/wp-content\\\/uploads\\\/2017\\\/12\\\/schloss-kallmuenz_weihnachtsmarkt-2018.jpg\",\"width\":1030,\"height\":687,\"caption\":\"Mercatino di Natale 2017\"},{\"@type\":\"BreadcrumbList\",\"@id\":\"https:\\\/\\\/art.kallmuenz.it\\\/it\\\/mercatino-di-natale-2017\\\/#breadcrumb\",\"itemListElement\":[{\"@type\":\"ListItem\",\"position\":1,\"name\":\"Startseite\",\"item\":\"https:\\\/\\\/art.kallmuenz.it\\\/it\\\/associazione-culturale-kallmuenz-merano\\\/\"},{\"@type\":\"ListItem\",\"position\":2,\"name\":\"Mercatino di Natale 2017\"}]},{\"@type\":\"WebSite\",\"@id\":\"https:\\\/\\\/art.kallmuenz.it\\\/it\\\/#website\",\"url\":\"https:\\\/\\\/art.kallmuenz.it\\\/it\\\/\",\"name\":\"Associazione Artistica Kallm\u00fcnz Merano\",\"description\":\"Arte e cultura a Merano\",\"publisher\":{\"@id\":\"https:\\\/\\\/art.kallmuenz.it\\\/it\\\/#organization\"},\"potentialAction\":[{\"@type\":\"SearchAction\",\"target\":{\"@type\":\"EntryPoint\",\"urlTemplate\":\"https:\\\/\\\/art.kallmuenz.it\\\/it\\\/?s={search_term_string}\"},\"query-input\":{\"@type\":\"PropertyValueSpecification\",\"valueRequired\":true,\"valueName\":\"search_term_string\"}}],\"inLanguage\":\"it-IT\"},{\"@type\":\"Organization\",\"@id\":\"https:\\\/\\\/art.kallmuenz.it\\\/it\\\/#organization\",\"name\":\"Kunstverein Kallm\u00fcnz\",\"url\":\"https:\\\/\\\/art.kallmuenz.it\\\/it\\\/\",\"logo\":{\"@type\":\"ImageObject\",\"inLanguage\":\"it-IT\",\"@id\":\"https:\\\/\\\/art.kallmuenz.it\\\/it\\\/#\\\/schema\\\/logo\\\/image\\\/\",\"url\":\"https:\\\/\\\/art.kallmuenz.it\\\/wp-content\\\/uploads\\\/2017\\\/04\\\/kallmuenz_stempel-preloader.png\",\"contentUrl\":\"https:\\\/\\\/art.kallmuenz.it\\\/wp-content\\\/uploads\\\/2017\\\/04\\\/kallmuenz_stempel-preloader.png\",\"width\":200,\"height\":176,\"caption\":\"Kunstverein Kallm\u00fcnz\"},\"image\":{\"@id\":\"https:\\\/\\\/art.kallmuenz.it\\\/it\\\/#\\\/schema\\\/logo\\\/image\\\/\"},\"sameAs\":[\"https:\\\/\\\/www.facebook.com\\\/KunstvereinKallmuenz\"]},{\"@type\":\"Person\",\"@id\":\"https:\\\/\\\/art.kallmuenz.it\\\/it\\\/#\\\/schema\\\/person\\\/2d3f5172d1b1545c374946b94c2dfcd2\",\"name\":\"\u00a1\u00e0ndale!\",\"image\":{\"@type\":\"ImageObject\",\"inLanguage\":\"it-IT\",\"@id\":\"https:\\\/\\\/secure.gravatar.com\\\/avatar\\\/e5477d2c73186d58b209d577373d5cc4822796d664543a8983596def2306f7d9?s=96&d=mm&r=g\",\"url\":\"https:\\\/\\\/secure.gravatar.com\\\/avatar\\\/e5477d2c73186d58b209d577373d5cc4822796d664543a8983596def2306f7d9?s=96&d=mm&r=g\",\"contentUrl\":\"https:\\\/\\\/secure.gravatar.com\\\/avatar\\\/e5477d2c73186d58b209d577373d5cc4822796d664543a8983596def2306f7d9?s=96&d=mm&r=g\",\"caption\":\"\u00a1\u00e0ndale!\"}}]}<\/script>\n<!-- \/ Yoast SEO plugin. -->","yoast_head_json":{"title":"Mercatino di Natale 2017 - Associazione Artistica Kallm\u00fcnz Merano","description":"Mercatino di Natale 2017 Kallm\u00fcnz Merano: venerd\u00ec 8. - domenica 10.12.2017 \u2013 venerd\u00ec 15. - domenica 17.10.2017 - dalle ore 11 alle 20","robots":{"index":"index","follow":"follow","max-snippet":"max-snippet:-1","max-image-preview":"max-image-preview:large","max-video-preview":"max-video-preview:-1"},"canonical":"https:\/\/art.kallmuenz.it\/it\/mercatino-di-natale-2017\/","og_locale":"it_IT","og_type":"article","og_title":"Mercatino di Natale 2017 - Associazione Artistica Kallm\u00fcnz Merano","og_description":"Mercatino di Natale 2017 Kallm\u00fcnz Merano: venerd\u00ec 8. - domenica 10.12.2017 \u2013 venerd\u00ec 15. - domenica 17.10.2017 - dalle ore 11 alle 20","og_url":"https:\/\/art.kallmuenz.it\/it\/mercatino-di-natale-2017\/","og_site_name":"Associazione Artistica Kallm\u00fcnz Merano","article_publisher":"https:\/\/www.facebook.com\/KunstvereinKallmuenz","article_published_time":"2017-12-08T16:23:49+00:00","article_modified_time":"2018-11-26T15:57:26+00:00","og_image":[{"width":1030,"height":687,"url":"https:\/\/art.kallmuenz.it\/wp-content\/uploads\/2017\/12\/schloss-kallmuenz_weihnachtsmarkt-2018.jpg","type":"image\/jpeg"}],"author":"\u00a1\u00e0ndale!","schema":{"@context":"https:\/\/schema.org","@graph":[{"@type":"Article","@id":"https:\/\/art.kallmuenz.it\/it\/mercatino-di-natale-2017\/#article","isPartOf":{"@id":"https:\/\/art.kallmuenz.it\/it\/mercatino-di-natale-2017\/"},"author":{"name":"\u00a1\u00e0ndale!","@id":"https:\/\/art.kallmuenz.it\/it\/#\/schema\/person\/2d3f5172d1b1545c374946b94c2dfcd2"},"headline":"Mercatino di Natale 2017","datePublished":"2017-12-08T16:23:49+00:00","dateModified":"2018-11-26T15:57:26+00:00","mainEntityOfPage":{"@id":"https:\/\/art.kallmuenz.it\/it\/mercatino-di-natale-2017\/"},"wordCount":623,"publisher":{"@id":"https:\/\/art.kallmuenz.it\/it\/#organization"},"image":{"@id":"https:\/\/art.kallmuenz.it\/it\/mercatino-di-natale-2017\/#primaryimage"},"thumbnailUrl":"https:\/\/art.kallmuenz.it\/wp-content\/uploads\/2017\/12\/schloss-kallmuenz_weihnachtsmarkt-2018.jpg","articleSection":["Archivio"],"inLanguage":"it-IT"},{"@type":"WebPage","@id":"https:\/\/art.kallmuenz.it\/it\/mercatino-di-natale-2017\/","url":"https:\/\/art.kallmuenz.it\/it\/mercatino-di-natale-2017\/","name":"Mercatino di Natale 2017 - Associazione Artistica Kallm\u00fcnz Merano","isPartOf":{"@id":"https:\/\/art.kallmuenz.it\/it\/#website"},"primaryImageOfPage":{"@id":"https:\/\/art.kallmuenz.it\/it\/mercatino-di-natale-2017\/#primaryimage"},"image":{"@id":"https:\/\/art.kallmuenz.it\/it\/mercatino-di-natale-2017\/#primaryimage"},"thumbnailUrl":"https:\/\/art.kallmuenz.it\/wp-content\/uploads\/2017\/12\/schloss-kallmuenz_weihnachtsmarkt-2018.jpg","datePublished":"2017-12-08T16:23:49+00:00","dateModified":"2018-11-26T15:57:26+00:00","description":"Mercatino di Natale 2017 Kallm\u00fcnz Merano: venerd\u00ec 8. - domenica 10.12.2017 \u2013 venerd\u00ec 15. - domenica 17.10.2017 - dalle ore 11 alle 20","breadcrumb":{"@id":"https:\/\/art.kallmuenz.it\/it\/mercatino-di-natale-2017\/#breadcrumb"},"inLanguage":"it-IT","potentialAction":[{"@type":"ReadAction","target":["https:\/\/art.kallmuenz.it\/it\/mercatino-di-natale-2017\/"]}]},{"@type":"ImageObject","inLanguage":"it-IT","@id":"https:\/\/art.kallmuenz.it\/it\/mercatino-di-natale-2017\/#primaryimage","url":"https:\/\/art.kallmuenz.it\/wp-content\/uploads\/2017\/12\/schloss-kallmuenz_weihnachtsmarkt-2018.jpg","contentUrl":"https:\/\/art.kallmuenz.it\/wp-content\/uploads\/2017\/12\/schloss-kallmuenz_weihnachtsmarkt-2018.jpg","width":1030,"height":687,"caption":"Mercatino di Natale 2017"},{"@type":"BreadcrumbList","@id":"https:\/\/art.kallmuenz.it\/it\/mercatino-di-natale-2017\/#breadcrumb","itemListElement":[{"@type":"ListItem","position":1,"name":"Startseite","item":"https:\/\/art.kallmuenz.it\/it\/associazione-culturale-kallmuenz-merano\/"},{"@type":"ListItem","position":2,"name":"Mercatino di Natale 2017"}]},{"@type":"WebSite","@id":"https:\/\/art.kallmuenz.it\/it\/#website","url":"https:\/\/art.kallmuenz.it\/it\/","name":"Associazione Artistica Kallm\u00fcnz Merano","description":"Arte e cultura a Merano","publisher":{"@id":"https:\/\/art.kallmuenz.it\/it\/#organization"},"potentialAction":[{"@type":"SearchAction","target":{"@type":"EntryPoint","urlTemplate":"https:\/\/art.kallmuenz.it\/it\/?s={search_term_string}"},"query-input":{"@type":"PropertyValueSpecification","valueRequired":true,"valueName":"search_term_string"}}],"inLanguage":"it-IT"},{"@type":"Organization","@id":"https:\/\/art.kallmuenz.it\/it\/#organization","name":"Kunstverein Kallm\u00fcnz","url":"https:\/\/art.kallmuenz.it\/it\/","logo":{"@type":"ImageObject","inLanguage":"it-IT","@id":"https:\/\/art.kallmuenz.it\/it\/#\/schema\/logo\/image\/","url":"https:\/\/art.kallmuenz.it\/wp-content\/uploads\/2017\/04\/kallmuenz_stempel-preloader.png","contentUrl":"https:\/\/art.kallmuenz.it\/wp-content\/uploads\/2017\/04\/kallmuenz_stempel-preloader.png","width":200,"height":176,"caption":"Kunstverein Kallm\u00fcnz"},"image":{"@id":"https:\/\/art.kallmuenz.it\/it\/#\/schema\/logo\/image\/"},"sameAs":["https:\/\/www.facebook.com\/KunstvereinKallmuenz"]},{"@type":"Person","@id":"https:\/\/art.kallmuenz.it\/it\/#\/schema\/person\/2d3f5172d1b1545c374946b94c2dfcd2","name":"\u00a1\u00e0ndale!","image":{"@type":"ImageObject","inLanguage":"it-IT","@id":"https:\/\/secure.gravatar.com\/avatar\/e5477d2c73186d58b209d577373d5cc4822796d664543a8983596def2306f7d9?s=96&d=mm&r=g","url":"https:\/\/secure.gravatar.com\/avatar\/e5477d2c73186d58b209d577373d5cc4822796d664543a8983596def2306f7d9?s=96&d=mm&r=g","contentUrl":"https:\/\/secure.gravatar.com\/avatar\/e5477d2c73186d58b209d577373d5cc4822796d664543a8983596def2306f7d9?s=96&d=mm&r=g","caption":"\u00a1\u00e0ndale!"}}]}},"_links":{"self":[{"href":"https:\/\/art.kallmuenz.it\/it\/wp-json\/wp\/v2\/posts\/457","targetHints":{"allow":["GET"]}}],"collection":[{"href":"https:\/\/art.kallmuenz.it\/it\/wp-json\/wp\/v2\/posts"}],"about":[{"href":"https:\/\/art.kallmuenz.it\/it\/wp-json\/wp\/v2\/types\/post"}],"author":[{"embeddable":true,"href":"https:\/\/art.kallmuenz.it\/it\/wp-json\/wp\/v2\/users\/4021"}],"replies":[{"embeddable":true,"href":"https:\/\/art.kallmuenz.it\/it\/wp-json\/wp\/v2\/comments?post=457"}],"version-history":[{"count":0,"href":"https:\/\/art.kallmuenz.it\/it\/wp-json\/wp\/v2\/posts\/457\/revisions"}],"wp:featuredmedia":[{"embeddable":true,"href":"https:\/\/art.kallmuenz.it\/it\/wp-json\/wp\/v2\/media\/380"}],"wp:attachment":[{"href":"https:\/\/art.kallmuenz.it\/it\/wp-json\/wp\/v2\/media?parent=457"}],"wp:term":[{"taxonomy":"category","embeddable":true,"href":"https:\/\/art.kallmuenz.it\/it\/wp-json\/wp\/v2\/categories?post=457"},{"taxonomy":"post_tag","embeddable":true,"href":"https:\/\/art.kallmuenz.it\/it\/wp-json\/wp\/v2\/tags?post=457"}],"curies":[{"name":"wp","href":"https:\/\/api.w.org\/{rel}","templated":true}]}}